{"id":12912,"date":"2016-12-06T10:34:17","date_gmt":"2016-12-06T09:34:17","guid":{"rendered":"http:\/\/miradordeatarfe.es\/?p=12912"},"modified":"2016-12-06T22:26:01","modified_gmt":"2016-12-06T21:26:01","slug":"que-necesidades-formativas-demanda-a-nuestros-jovenes-el-futuro-cambiante-que-les-espera","status":"publish","type":"post","link":"https:\/\/miradordeatarfe.es\/?p=12912","title":{"rendered":"\u00bfQU\u00c9 NECESIDADES FORMATIVAS DEMANDA A NUESTROS J\u00d3VENES EL FUTURO CAMBIANTE QUE LES ESPERA?"},"content":{"rendered":"<p style=\"text-align: left;\" align=\"RIGHT\">J<b>uan de Dios Fern\u00e1ndez G\u00e1lvez. Jubilado activo. ExOrientador escolar y colaborador extraordinario de la UGR.<\/b><!--more--><\/p>\n<p><a href=\"https:\/\/i0.wp.com\/miradordeatarfe.es\/wp-content\/uploads\/2016\/12\/juande2-2.png?ssl=1\"><img data-recalc-dims=\"1\" loading=\"lazy\" decoding=\"async\" class=\"alignnone size-full wp-image-12914\" src=\"https:\/\/i0.wp.com\/miradordeatarfe.es\/wp-content\/uploads\/2016\/12\/juande2-2.png?resize=640%2C150&#038;ssl=1\" alt=\"juande2-2\" width=\"640\" height=\"150\" srcset=\"https:\/\/i0.wp.com\/miradordeatarfe.es\/wp-content\/uploads\/2016\/12\/juande2-2.png?w=1019&amp;ssl=1 1019w, https:\/\/i0.wp.com\/miradordeatarfe.es\/wp-content\/uploads\/2016\/12\/juande2-2.png?resize=300%2C70&amp;ssl=1 300w, https:\/\/i0.wp.com\/miradordeatarfe.es\/wp-content\/uploads\/2016\/12\/juande2-2.png?resize=768%2C180&amp;ssl=1 768w, https:\/\/i0.wp.com\/miradordeatarfe.es\/wp-content\/uploads\/2016\/12\/juande2-2.png?resize=600%2C141&amp;ssl=1 600w\" sizes=\"auto, (max-width: 640px) 100vw, 640px\" \/><\/a><\/p>\n<p style=\"text-align: justify;\">Si algo nos ha dejado claro esta pu\u00f1etera y premeditada crisis que estamos padeciendo es que nuestras ni\u00f1as y ni\u00f1os van a vivir un mundo muy diferente al nuestro y, adem\u00e1s, con cambios constantes, significativos y r\u00e1pidos.<\/p>\n<p style=\"text-align: justify;\">Ya, all\u00e1 por el a\u00f1o 2000, cuando al Consejo de ministros de Educaci\u00f3n de los pa\u00edses de la Uni\u00f3n Europea, reunidos en Lisboa, les presentaron las valoraciones de los resultados de las pruebas PISA, les plantearon que al alumnado se les estaba ense\u00f1ando aprendizajes muy concretos y que no les iban a ser v\u00e1lidos para el futuro. Orientaban a los pol\u00edticos hacia determinar \u201clas destrezas b\u00e1sicas que posibilitar\u00eda un aprendizaje a lo largo de toda la vida\u201d. En ese momento decidieron poner en marcha equipos de trabajo y comisiones para detectar esas \u201cdestrezas b\u00e1sicas\u201d y dise\u00f1ar las bases de lo que deber\u00eda ser la ense\u00f1anza-aprendizaje de ni\u00f1os y j\u00f3venes del presente para prepararles para ese futuro cambiante y para que pudiesen seguir aprendiendo y adapt\u00e1ndose a nuevas exigencias.<\/p>\n<p style=\"text-align: justify;\">En noviembre de 2004, se publica el documento \u201c<a href=\"mailto:http:\/\/www.educastur.princast.es\/info\/calidad\/indicadores\/doc\/comision_europea.pdf\">competencias clave para un aprendizaje a lo largo de la vida. Un marco de referencia europeo\u201d<\/a> (http:\/\/www.educastur.princast.es\/info\/calidad\/indicadores\/doc\/comision_europea.pdf) , a partir de ah\u00ed todos los sistemas educativos europeos han adaptado su propuesta curricular a estas referencias. En Espa\u00f1a, tanto LOE como LOMCE recogen y adaptan estas propuestas. Igual lo tendr\u00e1n que hacer futuras leyes educativas.<\/p>\n<p style=\"text-align: justify;\">Pues bien, siguiendo estas orientaciones y el sentido com\u00fan de lo que necesitar\u00e1n las cabezas de las ciudadanas y ciudadanos de este siglo XXI, los docentes nos encontramos ante el siguiente dilema:<\/p>\n<p style=\"text-align: justify;\" align=\"CENTER\"><i>No sabemos qu\u00e9 mundo vamos a dejar a nuestro alumnado, pero si hemos de tener claro que tipo de ciudadana y ciudadano hemos de dejar para afrontar con \u00e9xito ese mundo.<\/i><\/p>\n<p style=\"text-align: justify;\">Veamos las caracter\u00edsticas que tendr\u00e1 ese futuro, analicemos lo que ahora ense\u00f1amos y determinemos, qu\u00e9 no les va a servir, que van a necesitar y que ha de cambiar en el aula.<\/p>\n<h3 style=\"text-align: justify;\"><span style=\"color: #339966;\"><strong>\u00bfQu\u00e9 caracter\u00edsticas clave va a tener ese mundo futuro?<\/strong><\/span><\/h3>\n<ul style=\"text-align: justify;\">\n<li>Cambiante, en lo tecnol\u00f3gico, en los perfiles laborales.<\/li>\n<li>Con varios (o muchos) cambios de puesto de trabajo.<\/li>\n<li>Que se va tener que estar en constante aprendizaje, que se va a precisar una mentalidad flexible, creativa.<\/li>\n<li>Que exigir\u00e1 afrontar constantes retos de cambio, que precisar\u00e1n de iniciativa y capacidad de entender los retos como oportunidades.<\/li>\n<li>Precisar\u00e1 planificar y replanificar el futuro.<\/li>\n<li>Vivir en un mundo plural en lo social, cultural, religioso. Ser ciudadanas y ciudadanos del mundo.<\/li>\n<li>Trabajo en equipo, colaborando con compa\u00f1eras y compa\u00f1ero en la empresa.<\/li>\n<\/ul>\n<h3 style=\"text-align: justify;\"><span style=\"color: #339966;\"><b>\u00bfQu\u00e9 NO les va a servir de lo que hasta ahora se ha ido haciendo en los centros educativos?<\/b><\/span><\/h3>\n<p style=\"text-align: justify;\"><i>-Mucho aprender para poco saber.<\/i> <i>Tener muchos conocimientos desconexos que se olvidan.<\/i><\/p>\n<p style=\"text-align: justify;\">Actualmente el alumnado se aprende muchas cosas de memoria, que pronto olvida. Pasado un tiempo le quedan ideas sueltas sin sentido, restos que no suponen conocimiento. Adem\u00e1s, eso que memoriza y olvida, cuando lo necesite lo va a encontrar en internet.<\/p>\n<p style=\"text-align: justify;\">&#8211;<i>Tener pocas estrategias mentales<\/i>. La mayor\u00eda de las actividades de clase suponen aplicar lo aprendido, \u00bfpero el futuro le va a pedir dar respuesta a \u201ctareas\u201d, a \u201csituaciones que desconocen\u201d. <em>No es tanto saberse los tipos de animales, sino saber comparar, diferenciar, clasificar, explicar, identificar animales, para que en cualquier situaci\u00f3n futura sepa hacerlo.<\/em> La escuela ha de centrar su esfuerzo en que el alumnado domine esos procesos, aplic\u00e1ndolos sobre los contenidos actuales, pero lo fundamental no son los contenidos (se olvida y recordar\u00e1 por internet), son los procesos mentales que son permanentes y aplicables a contenidos que ahora desconocemos. Ahora, lamentablemente, el proceso mental m\u00e1s practicado en clase es \u201cbusco, recorto, pego\u201d (leo la pregunta, busco y copio del libro a la libreta)<\/p>\n<p style=\"text-align: justify;\"><i>&#8211; Tener m\u00e1s pensamiento convergente que divergente<\/i>. En clase se insiste mucho \u201chazlo como te he dicho, como te he explicado\u201d \u00bfCu\u00e1ndo tenga que hacer cosas nuevas?, \u00bfcu\u00e1ndo tengan que afrontar retos sola o solo? \u00bftendr\u00e1 un maestro o maestra que le diga c\u00f3mo se hace? o \u00bftendr\u00e1 que tener iniciativa? Se precisar\u00e1 iniciativa y creatividad,<\/p>\n<table border=\"1\" width=\"627\" cellspacing=\"0\" cellpadding=\"7\">\n<colgroup>\n<col width=\"297\" \/>\n<col width=\"300\" \/> <\/colgroup>\n<tbody>\n<tr valign=\"TOP\">\n<td width=\"297\">\n<p align=\"CENTER\"><span style=\"color: #00b050;\"><b>\u00bfQu\u00e9 van a necesitar para afrontar ese futuro cambiante?<\/b><\/span><\/p>\n<\/td>\n<td width=\"300\">\n<p align=\"CENTER\"><span style=\"color: #00b050;\"><b>\u00bfEn qu\u00e9 ha de cambiar la escuela actual?<\/b><\/span><\/p>\n<\/td>\n<\/tr>\n<tr valign=\"TOP\">\n<td width=\"297\">&#8211; <i>Saber buscar, seleccionar y clasificar informaci\u00f3n<\/i>. Especialmente seleccionarla en funci\u00f3n de lo que en ese momento necesite, lo que me sirvi\u00f3 para el anterior trabajo no va a servir para este. Descartar la superflua o enga\u00f1osa.<\/p>\n<p>&#8211;<i>Saber, saber hacer, saber aplicar lo aprendido a situaciones nuevas<\/i>. El saber cosas, lo aprendido en la escuela, lo va a encontrar en internet, pero ha de saber seleccionar la informaci\u00f3n, aplicarla a situaciones desconocidas.<\/p>\n<p>&#8211; <i>Tener pensamiento flexible y divergente.<\/i> <i>Tener iniciativa ante lo nuevo y\/o desconocido<\/i>. Para afrontar situaciones nuevas y cambiantes es necesario tener iniciativa, no acobardarse, tener confianza en s\u00ed misma\/o. Tener creatividad, ante un problema tener diferentes soluciones, saber ir tanteando.<\/p>\n<p>&#8211; <i>Saber trabajar en equipo<\/i>. Colaborativamente. Las empresas cada vez valoran m\u00e1s esta capacidad.<\/p>\n<p>&#8211; <i>Saber vivir y convivir en un mundo plural. Ser ciudadanos del mundo<\/i>. Respeto a los dem\u00e1s, a sus diferencias. El mundo va a ser su espacio de vida y de trabajo\u2026 y de convivencia.<\/td>\n<td width=\"300\">-El profesorado ha de dar menos ense\u00f1anza directa y m\u00e1s ayudarle, acompa\u00f1arle en proceso de b\u00fasqueda y selecci\u00f3n de informaci\u00f3n.[divider]<\/p>\n<p>&#8211; Aprender los contenidos no es el objetivo principal, lo principal es aprender a pensar, aprender <a href=\"mailto:https:\/\/drive.google.com\/drive\/u\/0\/folders\/0BwGQVCJWicw2X0s4SlVRY2FlQnM\">procesos cognitivos<\/a>.( ver enlace final)<\/p>\n<p>&#8211; Menos actividades simples y m\u00e1s \u201ctareas\u201d o \u201csituaciones problemas\u201d que tengan que afrontar, pensar c\u00f3mo se resolver\u00edan, que planifique c\u00f3mo lo van a hacer, que lo hagan en equipo y\/o individualmente y analicen aciertos y errores. Que explique\/n c\u00f3mo lo han hecho.<\/p>\n<p>&#8211; Que ante una misma situaci\u00f3n den varias soluciones, que vean ventajas e inconvenientes. Que tomen decisiones.<\/p>\n<p>&#8211; Que los errores no se castiguen, se analicen y se aprenda de ellos.<\/p>\n<p>&#8211; Trabajar unas veces de forma individual, otras en equipo, debatir entre compas y decidir. Aceptar las posturas y propuestas de otros, defender las propias, sin agresividad.<\/p>\n<p>&#8211; Ponerle ante situaciones desconocidas, animarle a afrontarlas, individualmente o en equipo, orientarles, pero no decirle lo qu\u00e9 hay que hacer.<\/td>\n<\/tr>\n<\/tbody>\n<\/table>\n<p style=\"text-align: justify;\">Por aqu\u00ed han de ir las escuelas (colegios e institutos) que quieran preparar adecuadamente a las ciudadanas y ciudadanos del futuro. As\u00ed lo est\u00e1n haciendo algunos, con \u00e9xito reconocido. Con profesorado y alumnado ilusionado y feliz. \u00a1<a href=\"mailto:https:\/\/drive.google.com\/drive\/u\/0\/folders\/0BwGQVCJWicw2dWdlUDVKMXdvRHM\">As\u00ed lo marca la normativa actual<\/a>!<\/p>\n<p style=\"text-align: justify;\"><span style=\"color: #ff0000;\">\u00a0<\/span><\/p>\n<p style=\"text-align: justify;\">Procesos cognitivos \u2026.. <a href=\"https:\/\/drive.google.com\/drive\/u\/0\/folders\/0BwGQVCJWicw2X0s4SlVRY2FlQnM\">https:\/\/drive.google.com\/drive\/u\/0\/folders\/0BwGQVCJWicw2X0s4SlVRY2FlQnM<\/a><\/p>\n<p style=\"text-align: justify;\" align=\"RIGHT\"><span style=\"color: #ff0000;\"><span lang=\"es-ES\"><b>\u00a1\u00a1QUE SE\u00c1IS FELICES Y HAG\u00c1IS FELICES A QUIENES OS ROD\u00c9AN!!<\/b><\/span><\/span><\/p>\n<p style=\"text-align: justify;\" align=\"RIGHT\"><a href=\"https:\/\/i0.wp.com\/miradordeatarfe.es\/wp-content\/uploads\/2016\/12\/juande1-2.png?ssl=1\"><img data-recalc-dims=\"1\" loading=\"lazy\" decoding=\"async\" class=\"alignnone size-full wp-image-12916\" src=\"https:\/\/i0.wp.com\/miradordeatarfe.es\/wp-content\/uploads\/2016\/12\/juande1-2.png?resize=640%2C380&#038;ssl=1\" alt=\"juande1-2\" width=\"640\" height=\"380\" srcset=\"https:\/\/i0.wp.com\/miradordeatarfe.es\/wp-content\/uploads\/2016\/12\/juande1-2.png?w=861&amp;ssl=1 861w, https:\/\/i0.wp.com\/miradordeatarfe.es\/wp-content\/uploads\/2016\/12\/juande1-2.png?resize=300%2C178&amp;ssl=1 300w, https:\/\/i0.wp.com\/miradordeatarfe.es\/wp-content\/uploads\/2016\/12\/juande1-2.png?resize=768%2C456&amp;ssl=1 768w, https:\/\/i0.wp.com\/miradordeatarfe.es\/wp-content\/uploads\/2016\/12\/juande1-2.png?resize=600%2C356&amp;ssl=1 600w\" sizes=\"auto, (max-width: 640px) 100vw, 640px\" \/><\/a><\/p>\n","protected":false},"excerpt":{"rendered":"<p>Juan de Dios Fern\u00e1ndez G\u00e1lvez. Jubilado activo. ExOrientador escolar y colaborador extraordinario de la UGR.<\/p>\n","protected":false},"author":1,"featured_media":12920,"comment_status":"closed","ping_status":"closed","sticky":false,"template":"","format":"standard","meta":{"_coblocks_attr":"","_coblocks_dimensions":"","_coblocks_responsive_height":"","_coblocks_accordion_ie_support":"","jetpack_post_was_ever_published":false,"_jetpack_newsletter_access":"","_jetpack_dont_email_post_to_subs":false,"_jetpack_newsletter_tier_id":0,"_jetpack_memberships_contains_paywalled_content":false,"_jetpack_memberships_contains_paid_content":false,"footnotes":"","jetpack_publicize_message":"","jetpack_publicize_feature_enabled":true,"jetpack_social_post_already_shared":false,"jetpack_social_options":{"image_generator_settings":{"template":"highway","default_image_id":0,"enabled":false},"version":2}},"categories":[187,186,3130,44,15],"tags":[27],"class_list":["post-12912","post","type-post","status-publish","format-standard","has-post-thumbnail","hentry","category-centros-educativos","category-instituciones","category-opinion-de-juan-de-dios-fernandez","category-noticias-de-hoy","category-ultimas-noticias","tag-educacion"],"jetpack_publicize_connections":[],"jetpack_featured_media_url":"https:\/\/i0.wp.com\/miradordeatarfe.es\/wp-content\/uploads\/2016\/12\/7886595_orig.png?fit=1024%2C768&ssl=1","jetpack_likes_enabled":true,"jetpack_sharing_enabled":true,"_links":{"self":[{"href":"https:\/\/miradordeatarfe.es\/index.php?rest_route=\/wp\/v2\/posts\/12912","targetHints":{"allow":["GET"]}}],"collection":[{"href":"https:\/\/miradordeatarfe.es\/index.php?rest_route=\/wp\/v2\/posts"}],"about":[{"href":"https:\/\/miradordeatarfe.es\/index.php?rest_route=\/wp\/v2\/types\/post"}],"author":[{"embeddable":true,"href":"https:\/\/miradordeatarfe.es\/index.php?rest_route=\/wp\/v2\/users\/1"}],"replies":[{"embeddable":true,"href":"https:\/\/miradordeatarfe.es\/index.php?rest_route=%2Fwp%2Fv2%2Fcomments&post=12912"}],"version-history":[{"count":3,"href":"https:\/\/miradordeatarfe.es\/index.php?rest_route=\/wp\/v2\/posts\/12912\/revisions"}],"predecessor-version":[{"id":12919,"href":"https:\/\/miradordeatarfe.es\/index.php?rest_route=\/wp\/v2\/posts\/12912\/revisions\/12919"}],"wp:featuredmedia":[{"embeddable":true,"href":"https:\/\/miradordeatarfe.es\/index.php?rest_route=\/wp\/v2\/media\/12920"}],"wp:attachment":[{"href":"https:\/\/miradordeatarfe.es\/index.php?rest_route=%2Fwp%2Fv2%2Fmedia&parent=12912"}],"wp:term":[{"taxonomy":"category","embeddable":true,"href":"https:\/\/miradordeatarfe.es\/index.php?rest_route=%2Fwp%2Fv2%2Fcategories&post=12912"},{"taxonomy":"post_tag","embeddable":true,"href":"https:\/\/miradordeatarfe.es\/index.php?rest_route=%2Fwp%2Fv2%2Ftags&post=12912"}],"curies":[{"name":"wp","href":"https:\/\/api.w.org\/{rel}","templated":true}]}}