{"id":12962,"date":"2016-12-13T14:11:25","date_gmt":"2016-12-13T13:11:25","guid":{"rendered":"http:\/\/miradordeatarfe.es\/?p=12962"},"modified":"2016-12-13T14:15:21","modified_gmt":"2016-12-13T13:15:21","slug":"jornadas-sobre-acoso-sexual-y-por-razon-de-genero-en-el-trabajo","status":"publish","type":"post","link":"https:\/\/miradordeatarfe.es\/?p=12962","title":{"rendered":"JORNADAS SOBRE ACOSO SEXUAL Y POR RAZ\u00d3N DE G\u00c9NERO EN EL TRABAJO"},"content":{"rendered":"<p>LUGAR: Sala de Tertulias Fernando de los R\u00edos, Edificio Alambique.\u00a0 Pinos Puente(Granada)<br \/>\nFECHA: 15 de diciembre de 2016\u00a0\u00a0 HORA: de 17:00 a 20:00 horas.<br \/>\nIMPARTE: M\u00aa Jos\u00e9 Hern\u00e1ndez P\u00e9rez. M\u00e1ster en Direcci\u00f3n y Gesti\u00f3n de RRHH. Experta en Derecho del Trabajo y S.S.<!--more--><\/p>\n<p>&nbsp;<\/p>\n<p><strong>PROGRAMA DEL TALLER<\/strong><br \/>\nDe 17 :00 a 18:0 0<br \/>\n&#8211; Diferenciar el Acoso Sexual y el Acoso por raz\u00f3n de G\u00e9nero.<br \/>\n&#8211; Identificar situaciones de acoso sexual en el trabajo.<br \/>\n&#8211; Definir los diferentes tipos de Acoso Sexual.<br \/>\nDe 18:0 0 a 1 9 :0 0<br \/>\n&#8211; Conocer su regulaci\u00f3n en la legislaci\u00f3n penal y en la legislaci\u00f3n de igualdad.<br \/>\n&#8211; Datos de la incidencia en las empresas.<br \/>\n&#8211; Actuaciones responsables en la empresa frente al Acoso Sexual.<br \/>\nDe 1 9 :00 a 20 :0 0<br \/>\n&#8211; Pautas generales para implantar un buen Protocolo de Prevenci\u00f3n y Actuaci\u00f3n.<br \/>\n&#8211; Preguntas y Debate.<br \/>\n&#8211; Entrega de ponencia y bibliograf\u00eda en papel.<\/p>\n<p><a href=\"https:\/\/i0.wp.com\/miradordeatarfe.es\/wp-content\/uploads\/2016\/12\/1-genero-316x450.jpg?ssl=1\"><img data-recalc-dims=\"1\" loading=\"lazy\" decoding=\"async\" class=\"size-full wp-image-12963 aligncenter\" src=\"https:\/\/i0.wp.com\/miradordeatarfe.es\/wp-content\/uploads\/2016\/12\/1-genero-316x450.jpg?resize=316%2C450&#038;ssl=1\" alt=\"\" width=\"316\" height=\"450\" srcset=\"https:\/\/i0.wp.com\/miradordeatarfe.es\/wp-content\/uploads\/2016\/12\/1-genero-316x450.jpg?resize=316%2C450&amp;ssl=1 316w, https:\/\/i0.wp.com\/miradordeatarfe.es\/wp-content\/uploads\/2016\/12\/1-genero-316x450.jpg?resize=211%2C300&amp;ssl=1 211w\" sizes=\"auto, (max-width: 316px) 100vw, 316px\" \/><\/a><\/p>\n","protected":false},"excerpt":{"rendered":"<p>LUGAR: Sala de Tertulias Fernando de los R\u00edos, Edificio Alambique.\u00a0 Pinos Puente(Granada) FECHA: 15 de&#8230;<\/p>\n","protected":false},"author":1,"featured_media":12964,"comment_status":"closed","ping_status":"closed","sticky":false,"template":"","format":"standard","meta":{"_coblocks_attr":"","_coblocks_dimensions":"","_coblocks_responsive_height":"","_coblocks_accordion_ie_support":"","jetpack_post_was_ever_published":false,"_jetpack_newsletter_access":"","_jetpack_dont_email_post_to_subs":false,"_jetpack_newsletter_tier_id":0,"_jetpack_memberships_contains_paywalled_content":false,"_jetpack_memberships_contains_paid_content":false,"footnotes":"","jetpack_publicize_message":"","jetpack_publicize_feature_enabled":true,"jetpack_social_post_already_shared":false,"jetpack_social_options":{"image_generator_settings":{"template":"highway","default_image_id":0,"enabled":false},"version":2}},"categories":[14,186,44,15],"tags":[3307,3306],"class_list":["post-12962","post","type-post","status-publish","format-standard","has-post-thumbnail","hentry","category-feminismo","category-instituciones","category-noticias-de-hoy","category-ultimas-noticias","tag-trabajo-igualdad","tag-vilencia"],"jetpack_publicize_connections":[],"jetpack_featured_media_url":"https:\/\/i0.wp.com\/miradordeatarfe.es\/wp-content\/uploads\/2016\/12\/Igualdad.jpg?fit=445%2C220&ssl=1","jetpack_likes_enabled":true,"jetpack_sharing_enabled":true,"_links":{"self":[{"href":"https:\/\/miradordeatarfe.es\/index.php?rest_route=\/wp\/v2\/posts\/12962","targetHints":{"allow":["GET"]}}],"collection":[{"href":"https:\/\/miradordeatarfe.es\/index.php?rest_route=\/wp\/v2\/posts"}],"about":[{"href":"https:\/\/miradordeatarfe.es\/index.php?rest_route=\/wp\/v2\/types\/post"}],"author":[{"embeddable":true,"href":"https:\/\/miradordeatarfe.es\/index.php?rest_route=\/wp\/v2\/users\/1"}],"replies":[{"embeddable":true,"href":"https:\/\/miradordeatarfe.es\/index.php?rest_route=%2Fwp%2Fv2%2Fcomments&post=12962"}],"version-history":[{"count":1,"href":"https:\/\/miradordeatarfe.es\/index.php?rest_route=\/wp\/v2\/posts\/12962\/revisions"}],"predecessor-version":[{"id":12965,"href":"https:\/\/miradordeatarfe.es\/index.php?rest_route=\/wp\/v2\/posts\/12962\/revisions\/12965"}],"wp:featuredmedia":[{"embeddable":true,"href":"https:\/\/miradordeatarfe.es\/index.php?rest_route=\/wp\/v2\/media\/12964"}],"wp:attachment":[{"href":"https:\/\/miradordeatarfe.es\/index.php?rest_route=%2Fwp%2Fv2%2Fmedia&parent=12962"}],"wp:term":[{"taxonomy":"category","embeddable":true,"href":"https:\/\/miradordeatarfe.es\/index.php?rest_route=%2Fwp%2Fv2%2Fcategories&post=12962"},{"taxonomy":"post_tag","embeddable":true,"href":"https:\/\/miradordeatarfe.es\/index.php?rest_route=%2Fwp%2Fv2%2Ftags&post=12962"}],"curies":[{"name":"wp","href":"https:\/\/api.w.org\/{rel}","templated":true}]}}