{"id":12982,"date":"2016-12-16T11:00:13","date_gmt":"2016-12-16T10:00:13","guid":{"rendered":"http:\/\/miradordeatarfe.es\/?p=12982"},"modified":"2016-12-16T11:12:14","modified_gmt":"2016-12-16T10:12:14","slug":"atarfe-concurso-de-ideas-para-el-espacio-de-la-juventud","status":"publish","type":"post","link":"https:\/\/miradordeatarfe.es\/?p=12982","title":{"rendered":"ATARFE: Concurso de Ideas para el ESPACIO de la Juventud"},"content":{"rendered":"<p><span class=\"contenidos_subtitulo\">El Ayuntamiento de Atarfe publica el pliego de cl\u00e1usulas administrativas para la adjudicaci\u00f3n de la redacci\u00f3n del proyecto del Espacio de Juventud. El plazo finaliza el 13 de Diciembre.<\/span><br \/>\n<!--more--><\/p>\n<p>El Ayuntamiento de Atarfe public\u00f3 el pasado 2 de diciembre en su\u00a0<a class=\"enlaces_contenidos\" href=\"http:\/\/atarfe.sedelectronica.es\/info.0\" target=\"_blank\"><strong>tabl\u00f3n de anuncios<\/strong><\/a>\u00a0el pliego de cl\u00e1usulas administrativas para la adjudicaci\u00f3n del contrato de servicios referido a la redacci\u00f3n del <strong>proyecto b\u00e1sico y de ejecuci\u00f3n del Espacio de Juventud<\/strong>.<\/p>\n<p>El <strong>Concurso de Ideas<\/strong> para la ejecuci\u00f3n de un Espacio de la Juventud, cuya ejecuci\u00f3n fue aprobada en el marco del plan de cooperaci\u00f3n de Obras y Servicios de la Diputaci\u00f3n de Granada, consistir\u00e1 en el dise\u00f1o y propuesta de ideas o anteproyecto -funcional, constructivo y ambiental- para construir una instalaci\u00f3n en suelo situado junto al Complejo Deportivo Municipal.<\/p>\n<p>Se pretende instalar varias salas de usos m\u00faltiples con aseos independientes y adaptados, adem\u00e1s de adecuar un espacio exterior ajardinado.<\/p>\n<p>Podr\u00e1n participar en el concurso cualquier arquitecto que se encuentre facultado para ejercer la profesi\u00f3n en el territorio espa\u00f1ol y que no se encuentre incurso en ninguna causa de incompatibilidad y en ninguna prohibici\u00f3n para contratar de las recogidas en el art\u00edculo 60 del Texto Refundido de la Ley de Contratos del Sector P\u00fablico y se halle al corriente de sus obligaciones tributarias y con la Seguridad Social impuestas por las disposiciones vigentes.<\/p>\n<p>El profesional o equipo seleccionado para la realizaci\u00f3n del objeto del contrato a concertar deber\u00e1 contar con aparejador, arquitecto t\u00e9cnico o ingeniero de la edificaci\u00f3n.<\/p>\n<p>Por dicho trabajo obtendr\u00e1 <strong>17.500 euros m\u00e1s IVA<\/strong>, precio que viene determinado en funci\u00f3n del valor estimado de ejecuci\u00f3n de la obra que no podr\u00e1 superar los 198.000 euros.<\/p>\n<p>Las propuestas se presentar\u00e1n en el plazo de <strong>diez d\u00edas naturales a contar desde el siguiente al que se publique el anuncio (2 de diciembre de 2016), es decir, hasta el 13 de diciembre de 2016<\/strong>.<\/p>\n<p>M\u00e1s informaci\u00f3n en el PDF que se adjunta a continuaci\u00f3n:<\/p>\n<p>&nbsp;<\/p>\n<div class=\"contenedor_contenidos_extra\">FICHEROS ADJUNTOS<\/p>\n<p><img data-recalc-dims=\"1\" decoding=\"async\" src=\"https:\/\/i0.wp.com\/www.ciudadatarfe.com\/imagenes\/pdf_fondogris.jpg?w=640\" align=\"absmiddle\" border=\"0\" \/><img data-recalc-dims=\"1\" loading=\"lazy\" decoding=\"async\" src=\"https:\/\/i0.wp.com\/www.ciudadatarfe.com\/imagenes\/espacio.gif?resize=8%2C18\" width=\"8\" height=\"18\" align=\"absmiddle\" border=\"0\" \/><a class=\"contenidos_extra_enlacesinteres_txt\" href=\"http:\/\/www.ciudadatarfe.com\/data\/ficherosadjuntos_contenidosweb\/contenidos_1643_1158_20161209203351.pdf\" target=\"_blank\">Pliego de Cl\u00e1usulas Administrativas sobre el Concurso de Ideas del Estadio de la Juventud <\/a><span class=\"contenidos_extra_enlacesinteres_url\"> [1.198,55 Kb] <\/span><br \/>\n<img data-recalc-dims=\"1\" loading=\"lazy\" decoding=\"async\" src=\"https:\/\/i0.wp.com\/www.ciudadatarfe.com\/imagenes\/espacio.gif?resize=1%2C5\" width=\"1\" height=\"5\" border=\"0\" \/><\/div>\n<p>&nbsp;<\/p>\n<div align=\"right\"><a href=\"http:\/\/www.ciudadatarfe.com\/index.php\"><img data-recalc-dims=\"1\" decoding=\"async\" src=\"https:\/\/i0.wp.com\/www.ciudadatarfe.com\/imagenes\/boton_volver.gif?w=640\" alt=\"Volver al Listado\" align=\"absmiddle\" border=\"0\" \/><\/a><\/div>\n","protected":false},"excerpt":{"rendered":"<p>El Ayuntamiento de Atarfe publica el pliego de cl\u00e1usulas administrativas para la adjudicaci\u00f3n de la&#8230;<\/p>\n","protected":false},"author":1,"featured_media":12983,"comment_status":"closed","ping_status":"closed","sticky":false,"template":"","format":"standard","meta":{"_coblocks_attr":"","_coblocks_dimensions":"","_coblocks_responsive_height":"","_coblocks_accordion_ie_support":"","jetpack_post_was_ever_published":false,"_jetpack_newsletter_access":"","_jetpack_dont_email_post_to_subs":false,"_jetpack_newsletter_tier_id":0,"_jetpack_memberships_contains_paywalled_content":false,"_jetpack_memberships_contains_paid_content":false,"footnotes":"","jetpack_publicize_message":"","jetpack_publicize_feature_enabled":true,"jetpack_social_post_already_shared":false,"jetpack_social_options":{"image_generator_settings":{"template":"highway","default_image_id":0,"enabled":false},"version":2}},"categories":[2,1161,186,44,15],"tags":[390],"class_list":["post-12982","post","type-post","status-publish","format-standard","has-post-thumbnail","hentry","category-atarfe","category-ciudadania","category-instituciones","category-noticias-de-hoy","category-ultimas-noticias","tag-juventud"],"jetpack_publicize_connections":[],"jetpack_featured_media_url":"https:\/\/i0.wp.com\/miradordeatarfe.es\/wp-content\/uploads\/2016\/12\/1643_1955_20161209181910.jpg?fit=442%2C229&ssl=1","jetpack_likes_enabled":true,"jetpack_sharing_enabled":true,"_links":{"self":[{"href":"https:\/\/miradordeatarfe.es\/index.php?rest_route=\/wp\/v2\/posts\/12982","targetHints":{"allow":["GET"]}}],"collection":[{"href":"https:\/\/miradordeatarfe.es\/index.php?rest_route=\/wp\/v2\/posts"}],"about":[{"href":"https:\/\/miradordeatarfe.es\/index.php?rest_route=\/wp\/v2\/types\/post"}],"author":[{"embeddable":true,"href":"https:\/\/miradordeatarfe.es\/index.php?rest_route=\/wp\/v2\/users\/1"}],"replies":[{"embeddable":true,"href":"https:\/\/miradordeatarfe.es\/index.php?rest_route=%2Fwp%2Fv2%2Fcomments&post=12982"}],"version-history":[{"count":1,"href":"https:\/\/miradordeatarfe.es\/index.php?rest_route=\/wp\/v2\/posts\/12982\/revisions"}],"predecessor-version":[{"id":12984,"href":"https:\/\/miradordeatarfe.es\/index.php?rest_route=\/wp\/v2\/posts\/12982\/revisions\/12984"}],"wp:featuredmedia":[{"embeddable":true,"href":"https:\/\/miradordeatarfe.es\/index.php?rest_route=\/wp\/v2\/media\/12983"}],"wp:attachment":[{"href":"https:\/\/miradordeatarfe.es\/index.php?rest_route=%2Fwp%2Fv2%2Fmedia&parent=12982"}],"wp:term":[{"taxonomy":"category","embeddable":true,"href":"https:\/\/miradordeatarfe.es\/index.php?rest_route=%2Fwp%2Fv2%2Fcategories&post=12982"},{"taxonomy":"post_tag","embeddable":true,"href":"https:\/\/miradordeatarfe.es\/index.php?rest_route=%2Fwp%2Fv2%2Ftags&post=12982"}],"curies":[{"name":"wp","href":"https:\/\/api.w.org\/{rel}","templated":true}]}}