{"id":12997,"date":"2016-12-19T10:45:38","date_gmt":"2016-12-19T09:45:38","guid":{"rendered":"http:\/\/miradordeatarfe.es\/?p=12997"},"modified":"2016-12-19T10:50:47","modified_gmt":"2016-12-19T09:50:47","slug":"atarfe-concurso-de-redaccion-sobre-voluntariado","status":"publish","type":"post","link":"https:\/\/miradordeatarfe.es\/?p=12997","title":{"rendered":"ATARFE: Concurso de redacci\u00f3n sobre voluntariado"},"content":{"rendered":"<p>La Concejal\u00eda de Cultura de Atarfe organiza un concurso de redacci\u00f3n sobre voluntariado, cuyos trabajos deber\u00e1n presentarse entre el 9 de diciembre de 2016 y el 7 de enero de 2017.<!--more-->La Concejal\u00eda de Cultura del Ayuntamiento de Atarfe ha organizado un<strong> concurso de redacci\u00f3n sobre el voluntariado<\/strong> en el que puede participar cualquier persona sin l\u00edmite de edad. Los trabajos se presentar\u00e1n en el Centro Cultural Medina Elvira en <strong>el plazo que oscila entre el 9 de diciembre de 2016 y el 7 de enero de 2017<\/strong>.<\/p>\n<p>El tema ser\u00e1 el voluntariado y los motivos por los que una persona decide colaborar como voluntario en una organizaci\u00f3n. S\u00f3lo se admitir\u00e1 un trabajo por concursante.<\/p>\n<p>Todos los trabajos estar\u00e1n firmados con seud\u00f3nimo e ir\u00e1n acompa\u00f1ados de un sobre cerrado en el que figuren los datos personales del autor (nombre, direcci\u00f3n, edad, tel\u00e9fono y el nombre del seud\u00f3nimo utilizado).<\/p>\n<p>Se establecen <strong>dos premios consistentes en dos entradas para tres espect\u00e1culos culturales que se organicen en el Centro Cultural Medina Elvira<\/strong> durante los meses de enero y febrero de 2017.<\/p>\n<p>La entrega de los premios tendr\u00e1 lugar el lunes 9 de enero a las 18 horas en el Centro Cultural. El jurado estar\u00e1 formado por personal del \u00e1rea de Cultura del Ayuntamiento de Atarfe. En ning\u00fan caso los premios podr\u00e1n declararse desiertos.<\/p>\n<p>La participaci\u00f3n en el concurso conlleva la total aceptaci\u00f3n de estas bases.<\/p>\n","protected":false},"excerpt":{"rendered":"<p>La Concejal\u00eda de Cultura de Atarfe organiza un concurso de redacci\u00f3n sobre voluntariado, cuyos trabajos&#8230;<\/p>\n","protected":false},"author":1,"featured_media":12998,"comment_status":"closed","ping_status":"closed","sticky":false,"template":"","format":"standard","meta":{"_coblocks_attr":"","_coblocks_dimensions":"","_coblocks_responsive_height":"","_coblocks_accordion_ie_support":"","jetpack_post_was_ever_published":false,"_jetpack_newsletter_access":"","_jetpack_dont_email_post_to_subs":false,"_jetpack_newsletter_tier_id":0,"_jetpack_memberships_contains_paywalled_content":false,"_jetpack_memberships_contains_paid_content":false,"footnotes":"","jetpack_publicize_message":"","jetpack_publicize_feature_enabled":true,"jetpack_social_post_already_shared":false,"jetpack_social_options":{"image_generator_settings":{"template":"highway","default_image_id":0,"enabled":false},"version":2}},"categories":[2,12,44,15],"tags":[81,3225,3314,1751],"class_list":["post-12997","post","type-post","status-publish","format-standard","has-post-thumbnail","hentry","category-atarfe","category-cultura","category-noticias-de-hoy","category-ultimas-noticias","tag-atarfe","tag-escribir","tag-redaccion","tag-voluntariado"],"jetpack_publicize_connections":[],"jetpack_featured_media_url":"https:\/\/i0.wp.com\/miradordeatarfe.es\/wp-content\/uploads\/2016\/12\/mano-escribiendo.jpg?fit=350%2C231&ssl=1","jetpack_likes_enabled":true,"jetpack_sharing_enabled":true,"_links":{"self":[{"href":"https:\/\/miradordeatarfe.es\/index.php?rest_route=\/wp\/v2\/posts\/12997","targetHints":{"allow":["GET"]}}],"collection":[{"href":"https:\/\/miradordeatarfe.es\/index.php?rest_route=\/wp\/v2\/posts"}],"about":[{"href":"https:\/\/miradordeatarfe.es\/index.php?rest_route=\/wp\/v2\/types\/post"}],"author":[{"embeddable":true,"href":"https:\/\/miradordeatarfe.es\/index.php?rest_route=\/wp\/v2\/users\/1"}],"replies":[{"embeddable":true,"href":"https:\/\/miradordeatarfe.es\/index.php?rest_route=%2Fwp%2Fv2%2Fcomments&post=12997"}],"version-history":[{"count":1,"href":"https:\/\/miradordeatarfe.es\/index.php?rest_route=\/wp\/v2\/posts\/12997\/revisions"}],"predecessor-version":[{"id":12999,"href":"https:\/\/miradordeatarfe.es\/index.php?rest_route=\/wp\/v2\/posts\/12997\/revisions\/12999"}],"wp:featuredmedia":[{"embeddable":true,"href":"https:\/\/miradordeatarfe.es\/index.php?rest_route=\/wp\/v2\/media\/12998"}],"wp:attachment":[{"href":"https:\/\/miradordeatarfe.es\/index.php?rest_route=%2Fwp%2Fv2%2Fmedia&parent=12997"}],"wp:term":[{"taxonomy":"category","embeddable":true,"href":"https:\/\/miradordeatarfe.es\/index.php?rest_route=%2Fwp%2Fv2%2Fcategories&post=12997"},{"taxonomy":"post_tag","embeddable":true,"href":"https:\/\/miradordeatarfe.es\/index.php?rest_route=%2Fwp%2Fv2%2Ftags&post=12997"}],"curies":[{"name":"wp","href":"https:\/\/api.w.org\/{rel}","templated":true}]}}