{"id":13097,"date":"2016-12-24T07:57:41","date_gmt":"2016-12-24T06:57:41","guid":{"rendered":"http:\/\/miradordeatarfe.es\/?p=13097"},"modified":"2016-12-19T11:00:12","modified_gmt":"2016-12-19T10:00:12","slug":"ocu-pide-que-el-bono-social-se-convierta-en-una-autentica-tarifa-social-para-los-consumidores","status":"publish","type":"post","link":"https:\/\/miradordeatarfe.es\/?p=13097","title":{"rendered":"OCU pide que el bono social se convierta en una aut\u00e9ntica tarifa social para los consumidores"},"content":{"rendered":"<p>A ra\u00edz de la comparecencia en el Parlamento\u00a0del nuevo Ministro de Energ\u00eda, \u00c1lvaro Nadal, OCU exige la mejora del Bono Social de forma que llegue a todos los hogares que\u00a0en la actualidad tienen derecho a \u00e9l y que adem\u00e1s de cobertura a las familias que por su nivel de renta est\u00e9n en situaciones realmente precarias.\u00a0<!--more--><\/p>\n<p>Respecto de la financiaci\u00f3n, OCU valora positivamente que sean las compa\u00f1\u00edas el\u00e9ctricas que asuman el coste del Bono Social tal y como acaba de proponer el Ministro de Energ\u00eda, \u00c1lvaro Nadal. Sin embargo, considera razonable y una medida que ayuda a fomentar la escasa competencia en el sector, que sean los grupos que m\u00e1s se han beneficiado del proceso de liberalizaci\u00f3n de este sector al heredar el 100% de los clientes distribuidos por su grupo, sean los que costeen este servicio, tal y como ya ocurre en el sector de telecomunicaciones con el Servicio Universal. En cualquier caso, OCU exige un mayor esfuerzo al Ministerio para evitar que la norma sobre qui\u00e9n costea el Bono Social, sea impugnada por tercera vez en los tribunales.<\/p>\n<p>El debate de qui\u00e9n costea el Bono Social no evita el problema de fondo, OCU reclama una reforma urgente del bono social, un instrumento necesario para paliar la pobreza energ\u00e9tica y que ayude a cubrir\u00a0las necesidades de aquellas personas en situaciones m\u00e1s precarias. El problema de la pobreza energ\u00e9tica afecta a miles de familias en Espa\u00f1a. Para OCU el bono social actual no es una aut\u00e9ntica tarifa social en la medida en la medida en la que existen para su concesi\u00f3n que no tienen que ver exclusivamente con la renta de las familias. OCU considera que tampoco hay informaci\u00f3n insuficiente y muchos hogares con derecho a esta tarifa no tienen acceso a ella, por ello una gran parte de las familias que se encuentran\u00a0en situaci\u00f3n precaria y con serias dificultades para pagar su suministro energ\u00e9tico no puede solicitarla.<\/p>\n<p>Adem\u00e1s del bono social OCU considera necesario que se tomen otras medidas para prevenir y tratar las situaciones de pobreza energ\u00e9tica (regulaci\u00f3n de la gesti\u00f3n cortes de energ\u00eda, periodos de limitaci\u00f3n de los mismos o actuaciones de las administraciones para garantizar el suministro a los m\u00e1s desfavorecidos), que por desgracia afectan a miles de familias.<\/p>\n<p>Para m\u00e1s informaci\u00f3n:\u00a0<a href=\"https:\/\/www.ocu.org\/vivienda-y-energia\/gas-luz\/noticias\/bono-social-reforma\">https:\/\/www.ocu.org\/vivienda-y-energia\/gas-luz\/noticias\/bono-social-reforma<\/a><\/p>\n","protected":false},"excerpt":{"rendered":"<p>A ra\u00edz de la comparecencia en el Parlamento\u00a0del nuevo Ministro de Energ\u00eda, \u00c1lvaro Nadal, OCU&#8230;<\/p>\n","protected":false},"author":1,"featured_media":13099,"comment_status":"closed","ping_status":"closed","sticky":false,"template":"","format":"standard","meta":{"_coblocks_attr":"","_coblocks_dimensions":"","_coblocks_responsive_height":"","_coblocks_accordion_ie_support":"","jetpack_post_was_ever_published":false,"_jetpack_newsletter_access":"","_jetpack_dont_email_post_to_subs":false,"_jetpack_newsletter_tier_id":0,"_jetpack_memberships_contains_paywalled_content":false,"_jetpack_memberships_contains_paid_content":false,"footnotes":"","jetpack_publicize_message":"","jetpack_publicize_feature_enabled":true,"jetpack_social_post_already_shared":false,"jetpack_social_options":{"image_generator_settings":{"template":"highway","default_image_id":0,"enabled":false},"version":2}},"categories":[1161,44,15],"tags":[1642,116],"class_list":["post-13097","post","type-post","status-publish","format-standard","has-post-thumbnail","hentry","category-ciudadania","category-noticias-de-hoy","category-ultimas-noticias","tag-bono-social","tag-electricidad"],"jetpack_publicize_connections":[],"jetpack_featured_media_url":"https:\/\/i0.wp.com\/miradordeatarfe.es\/wp-content\/uploads\/2016\/12\/bono-social-luz-industria-carga-endesa-iberdrola-gasnatural-fenosa-93.jpg?fit=790%2C420&ssl=1","jetpack_likes_enabled":true,"jetpack_sharing_enabled":true,"_links":{"self":[{"href":"https:\/\/miradordeatarfe.es\/index.php?rest_route=\/wp\/v2\/posts\/13097","targetHints":{"allow":["GET"]}}],"collection":[{"href":"https:\/\/miradordeatarfe.es\/index.php?rest_route=\/wp\/v2\/posts"}],"about":[{"href":"https:\/\/miradordeatarfe.es\/index.php?rest_route=\/wp\/v2\/types\/post"}],"author":[{"embeddable":true,"href":"https:\/\/miradordeatarfe.es\/index.php?rest_route=\/wp\/v2\/users\/1"}],"replies":[{"embeddable":true,"href":"https:\/\/miradordeatarfe.es\/index.php?rest_route=%2Fwp%2Fv2%2Fcomments&post=13097"}],"version-history":[{"count":1,"href":"https:\/\/miradordeatarfe.es\/index.php?rest_route=\/wp\/v2\/posts\/13097\/revisions"}],"predecessor-version":[{"id":13098,"href":"https:\/\/miradordeatarfe.es\/index.php?rest_route=\/wp\/v2\/posts\/13097\/revisions\/13098"}],"wp:featuredmedia":[{"embeddable":true,"href":"https:\/\/miradordeatarfe.es\/index.php?rest_route=\/wp\/v2\/media\/13099"}],"wp:attachment":[{"href":"https:\/\/miradordeatarfe.es\/index.php?rest_route=%2Fwp%2Fv2%2Fmedia&parent=13097"}],"wp:term":[{"taxonomy":"category","embeddable":true,"href":"https:\/\/miradordeatarfe.es\/index.php?rest_route=%2Fwp%2Fv2%2Fcategories&post=13097"},{"taxonomy":"post_tag","embeddable":true,"href":"https:\/\/miradordeatarfe.es\/index.php?rest_route=%2Fwp%2Fv2%2Ftags&post=13097"}],"curies":[{"name":"wp","href":"https:\/\/api.w.org\/{rel}","templated":true}]}}