{"id":1311,"date":"2015-04-22T07:27:42","date_gmt":"2015-04-22T07:27:42","guid":{"rendered":"http:\/\/miradordeatarfe.es\/?p=1311"},"modified":"2015-04-23T11:15:47","modified_gmt":"2015-04-23T11:15:47","slug":"soy-una-obrera-de-la-pluma-antonina-rodrigo","status":"publish","type":"post","link":"https:\/\/miradordeatarfe.es\/?p=1311","title":{"rendered":"\u201cSoy una obrera de la pluma\u201d Antonina Rodrigo"},"content":{"rendered":"<article id=\"post-60161\" class=\"post-60161 post type-post status-publish format-standard has-post-thumbnail hentry category-actualidad tag-antonina-rodrigo tag-asociacion-de-vecinos-del-bajo-albaicin tag-callejon-de-la-lona article cat-6661\">\n<header class=\"entry-header\">\n<div class=\"excerpt\">\n<p style=\"text-align: justify;\">La Asociaci\u00f3n de Vecinos del Bajo Albaic\u00edn homenaje\u00f3 a la escritora Antonina Rodrigo con la colocaci\u00f3n de una placa en el Callej\u00f3n del Gallo. La historiadora record\u00f3 su origen obrero y dijo sentirse \u201cmuy emocionada\u201d por el gesto.<\/p>\n<\/div>\n<p><!--more--><\/header>\n<div class=\"entry\">\n<div class=\"entry-content\">\n<p style=\"text-align: justify;\">La escritora e historiadora <strong>Antonina Rodrigo<\/strong> ya tiene una placa en el <strong>Callej\u00f3n de la Lona<\/strong>, a escasos metros de la que fue su casa durante su infancia y donde hoy se levanta el mamotreto del Centro de Servicios Sociales del Albaic\u00edn. La <strong>Asociaci\u00f3n de Vecinos del Bajo Albaic\u00edn<\/strong> rindi\u00f3 un sencillo homenaje a la bi\u00f3grafa de tantas mujeres relevantes y, en muchas casos silenciadas, que formaron parte de la vanguardia intelectual, pol\u00edtica y art\u00edstica de Espa\u00f1a.<\/p>\n<p style=\"text-align: justify;\">La presidenta del colectivo vecinal <strong>Lola Boloix<\/strong> ensalz\u00f3 precisamente\u00a0su labor de\u00a0investigaci\u00f3n y recuperaci\u00f3n de la vida de tantas mujeres, algunas de ellas olvidadas, y mostr\u00f3 su deseo de que en un futuro se le pueda dedicar una peque\u00f1a plazoleta al final del callej\u00f3n, antes de llegar al Palacio de Dar al Horra.<\/p>\n<p style=\"text-align: justify;\">Acompa\u00f1ada de familiares y de\u00a0<strong>Estela Medina<\/strong>, actriz uruguaya y disc\u00edpula de <strong>Margarita Xirgu<\/strong>, con la que mantuvo un encuentro\u00a0en las <strong>VI Jornadas sobre Republicanismo Espa\u00f1ol<\/strong> que se han celebrado en estos d\u00edas, Antonina Rodrigo se mostr\u00f3\u00a0\u201cmuy emocionada\u201d y \u201cagradecida\u201d por un reconocimiento que valora, dijo, por encima de muchos de los premios que ha recibido a lo largo de trayectoria como escritora.<\/p>\n<p style=\"text-align: justify;\">Antonina Rodrigo, nacida en 1935, record\u00f3 sus or\u00edgenes humildes en el Albaic\u00edn, la forma de vida de los obreros, el mundo al que dijo pertenecer, en contraste con\u00a0los \u201cburgueses y ricachones que viv\u00edan encerrados en sus c\u00e1rmenes, ajenos a la gente que trabajaba\u201d. Ella se considera una\u00a0\u201cobrera de la pluma\u201d\u00a0que estudi\u00f3\u00a0con los sindicatos obreros\u00a0y que no olvida\u00a0sus\u00a0or\u00edgenes.<\/p>\n<p style=\"text-align: justify;\"><span class=\"embed-youtube\">\u00a0<\/span><\/p>\n<p style=\"text-align: justify;\">Pese a tener su residencia\u00a0en Barcelona, confes\u00f3\u00a0sentirse\u00a0cercana al Albaic\u00edn, al que siempre nombra como lugar de nacimiento en las solapas de sus libros. \u201cLa\u00a0primera geograf\u00eda de un ni\u00f1o son las calles de su barrio, lo que el ni\u00f1o ve cuando empieza a transitar\u201d, subray\u00f3.<\/p>\n<p style=\"text-align: justify;\">Tambi\u00e9n dijo estar\u00a0al tanto del \u201cdeclive\u201d del barrio.\u00a0Se refiri\u00f3 a\u00a0la \u201caut\u00e9ntica comunidad\u201d que formaban los vecinos durante los a\u00f1os de posguerra, a la \u201cmaravillosa\u201d Casa de la Lona, una corrala ya desaparecida que se encontraba a escasos metros de su vivienda. De su casa de la infancia solo guarda el recuerdo, fotograf\u00edas y una acuarela de Emilio Orozco que regal\u00f3 a la Asociaci\u00f3n de Vecinos del Bajo Albaic\u00edn, a la que anim\u00f3 a \u201cdocumentar\u201d la forma del vida del barrio a lo largo de su historia.<\/p>\n<p style=\"text-align: justify;\">Su emocionado discurso de agradecimiento recibi\u00f3 el aplauso del p\u00fablico formado por familiares, vecinos, amigos y representantes de la pol\u00edtica municipal, entre los que se encontraban el concejal socialista <strong>Miguel \u00c1ngel Fern\u00e1ndez Madrid<\/strong> y sus hom\u00f3logos de IU, <strong>Maite Molina <\/strong>y<strong> Francisco Puentedura<\/strong>.<\/p>\n<p style=\"text-align: justify;\">El homenaje a Antonina Rodrigo\u00a0forma parte de una serie de reconocimientos que la Asociaci\u00f3n de Vecinos del Bajo Albaic\u00edn viene dedicando en los \u00faltimos a\u00f1os a albaicineros ilustres, entre ellos a <strong>Enrique Morente<\/strong>, <strong>Ata\u00falfo Barroso<\/strong>,\u00a0<strong>Miguel Hita<\/strong>, <strong>Dolores Heredia L\u00f3pez \u2018<em>La Comino<\/em>\u2019 y Jos\u00e9 Ferrer \u2018E<em>l Ni\u00f1o de las Almendras<\/em>\u2019<\/strong>.<\/p>\n<p style=\"text-align: justify;\">\n<div id=\"gallery-60161-2-slideshow\" class=\"slideshow-window jetpack-slideshow slideshow-black\" style=\"text-align: justify;\" data-width=\"600\" data-height=\"410\" data-trans=\"fade\" data-gallery=\"[{&quot;src&quot;:&quot;http:\\\/\\\/granadaimedia.com\\\/wp-content\\\/uploads\\\/2015\\\/04\\\/Antonina-Rodrigo.2jpg.jpg&quot;,&quot;id&quot;:&quot;60165&quot;,&quot;title&quot;:&quot;Antonina-Rodrigo.2jpg&quot;,&quot;alt&quot;:&quot;&quot;,&quot;caption&quot;:&quot;Momento en el que Antonina Rodrigo descubre la placa cubierta con una bandera republicana.&quot;},{&quot;src&quot;:&quot;http:\\\/\\\/granadaimedia.com\\\/wp-content\\\/uploads\\\/2015\\\/04\\\/Antonina-Rodrigo1.jpg&quot;,&quot;id&quot;:&quot;60166&quot;,&quot;title&quot;:&quot;Antonina-Rodrigo1&quot;,&quot;alt&quot;:&quot;&quot;,&quot;caption&quot;:&quot;Antonina Rodrigo, acompa\\u00f1ada por vecinos y concejales de la oposici\\u00f3n.&quot;},{&quot;src&quot;:&quot;http:\\\/\\\/granadaimedia.com\\\/wp-content\\\/uploads\\\/2015\\\/04\\\/Antonina-Rodrigo2.jpg&quot;,&quot;id&quot;:&quot;60167&quot;,&quot;title&quot;:&quot;Antonina-Rodrigo2&quot;,&quot;alt&quot;:&quot;&quot;,&quot;caption&quot;:&quot;Un momento de la conversaci\\u00f3n con amigos y vecinos del Albaic\\u00edn en la plazoleta elegida para que lleve su nombre.&quot;},{&quot;src&quot;:&quot;http:\\\/\\\/granadaimedia.com\\\/wp-content\\\/uploads\\\/2015\\\/04\\\/Antonina-Rodrigo3.jpg&quot;,&quot;id&quot;:&quot;60168&quot;,&quot;title&quot;:&quot;Antonina-Rodrigo3&quot;,&quot;alt&quot;:&quot;&quot;,&quot;caption&quot;:&quot;La escritora, en el centro, se refiri\\u00f3 a algunos de sus recuerdos de infancia.&quot;},{&quot;src&quot;:&quot;http:\\\/\\\/granadaimedia.com\\\/wp-content\\\/uploads\\\/2015\\\/04\\\/Antonina-Rodrigo-casa.jpg&quot;,&quot;id&quot;:&quot;60169&quot;,&quot;title&quot;:&quot;Antonina-Rodrigo-casa&quot;,&quot;alt&quot;:&quot;&quot;,&quot;caption&quot;:&quot;Un vecino muestra una imagen de la vivienda ya desaparecida de Antonina Rodrigo.&quot;},{&quot;src&quot;:&quot;http:\\\/\\\/granadaimedia.com\\\/wp-content\\\/uploads\\\/2015\\\/04\\\/Casa-Anonina-Rodrigo-C-Gallo-1996a.jpg&quot;,&quot;id&quot;:&quot;60174&quot;,&quot;title&quot;:&quot;Casa de Antonina&quot;,&quot;alt&quot;:&quot;Casa de Antonina Rodrigo&quot;,&quot;caption&quot;:&quot;Casa de Antonina Rodrigo en 1996, antes de su derribo.&quot;},{&quot;src&quot;:&quot;http:\\\/\\\/granadaimedia.com\\\/wp-content\\\/uploads\\\/2015\\\/04\\\/Antonina-Rodrigo-placa.jpg&quot;,&quot;id&quot;:&quot;60170&quot;,&quot;title&quot;:&quot;Antonina-Rodrigo-placa&quot;,&quot;alt&quot;:&quot;&quot;,&quot;caption&quot;:&quot;La placa instalada al inicio del Callej\\u00f3n del Gallo.&quot;}]\">\n<div class=\"slideshow-slide\"><img data-recalc-dims=\"1\" loading=\"lazy\" decoding=\"async\" class=\"\" title=\"Antonina-Rodrigo1\" src=\"https:\/\/i0.wp.com\/granadaimedia.com\/wp-content\/uploads\/2015\/04\/Antonina-Rodrigo1.jpg?resize=635%2C357\" alt=\"\" width=\"635\" height=\"357\" align=\"middle\" \/><span class=\"slideshow-line-height-hack\">\u00a0<\/span><\/p>\n<div class=\"slideshow-slide-caption\">Antonina Rodrigo, acompa\u00f1ada por vecinos y concejales de la oposici\u00f3n.<\/div>\n<\/div>\n<div class=\"slideshow-controls\"><\/div>\n<\/div>\n<p style=\"text-align: justify;\">\n<p style=\"text-align: justify;\">\n<\/div>\n<\/div>\n<\/article>\n","protected":false},"excerpt":{"rendered":"<p>La Asociaci\u00f3n de Vecinos del Bajo Albaic\u00edn homenaje\u00f3 a la escritora Antonina Rodrigo con la&#8230;<\/p>\n","protected":false},"author":1,"featured_media":1312,"comment_status":"closed","ping_status":"closed","sticky":false,"template":"","format":"standard","meta":{"_coblocks_attr":"","_coblocks_dimensions":"","_coblocks_responsive_height":"","_coblocks_accordion_ie_support":"","jetpack_post_was_ever_published":false,"_jetpack_newsletter_access":"","_jetpack_dont_email_post_to_subs":false,"_jetpack_newsletter_tier_id":0,"_jetpack_memberships_contains_paywalled_content":false,"_jetpack_memberships_contains_paid_content":false,"footnotes":"","jetpack_publicize_message":"","jetpack_publicize_feature_enabled":true,"jetpack_social_post_already_shared":false,"jetpack_social_options":{"image_generator_settings":{"template":"highway","default_image_id":0,"enabled":false},"version":2}},"categories":[12,15],"tags":[488,487],"class_list":["post-1311","post","type-post","status-publish","format-standard","has-post-thumbnail","hentry","category-cultura","category-ultimas-noticias","tag-albaicin","tag-antonina-rodrigo"],"jetpack_publicize_connections":[],"jetpack_featured_media_url":"https:\/\/i0.wp.com\/miradordeatarfe.es\/wp-content\/uploads\/2015\/04\/Antonina-Rodrigo-650x366.jpg?fit=650%2C366&ssl=1","jetpack_likes_enabled":true,"jetpack_sharing_enabled":true,"_links":{"self":[{"href":"https:\/\/miradordeatarfe.es\/index.php?rest_route=\/wp\/v2\/posts\/1311","targetHints":{"allow":["GET"]}}],"collection":[{"href":"https:\/\/miradordeatarfe.es\/index.php?rest_route=\/wp\/v2\/posts"}],"about":[{"href":"https:\/\/miradordeatarfe.es\/index.php?rest_route=\/wp\/v2\/types\/post"}],"author":[{"embeddable":true,"href":"https:\/\/miradordeatarfe.es\/index.php?rest_route=\/wp\/v2\/users\/1"}],"replies":[{"embeddable":true,"href":"https:\/\/miradordeatarfe.es\/index.php?rest_route=%2Fwp%2Fv2%2Fcomments&post=1311"}],"version-history":[{"count":1,"href":"https:\/\/miradordeatarfe.es\/index.php?rest_route=\/wp\/v2\/posts\/1311\/revisions"}],"predecessor-version":[{"id":1313,"href":"https:\/\/miradordeatarfe.es\/index.php?rest_route=\/wp\/v2\/posts\/1311\/revisions\/1313"}],"wp:featuredmedia":[{"embeddable":true,"href":"https:\/\/miradordeatarfe.es\/index.php?rest_route=\/wp\/v2\/media\/1312"}],"wp:attachment":[{"href":"https:\/\/miradordeatarfe.es\/index.php?rest_route=%2Fwp%2Fv2%2Fmedia&parent=1311"}],"wp:term":[{"taxonomy":"category","embeddable":true,"href":"https:\/\/miradordeatarfe.es\/index.php?rest_route=%2Fwp%2Fv2%2Fcategories&post=1311"},{"taxonomy":"post_tag","embeddable":true,"href":"https:\/\/miradordeatarfe.es\/index.php?rest_route=%2Fwp%2Fv2%2Ftags&post=1311"}],"curies":[{"name":"wp","href":"https:\/\/api.w.org\/{rel}","templated":true}]}}