{"id":13129,"date":"2016-12-30T10:25:05","date_gmt":"2016-12-30T09:25:05","guid":{"rendered":"http:\/\/miradordeatarfe.es\/?p=13129"},"modified":"2019-12-28T12:50:14","modified_gmt":"2019-12-28T11:50:14","slug":"la-azucarera-de-atarfe-por-jose-enrique-granados","status":"publish","type":"post","link":"https:\/\/miradordeatarfe.es\/?p=13129","title":{"rendered":"\u00abLA AZUCARERA DE ATARFE\u00bbpor Jos\u00e9 Enrique Granados"},"content":{"rendered":"<div class=\"clearfix fbPhotoSnowliftAuthorInfo _xlu\"><\/div>\n<div class=\"_xlr\">\n<div id=\"id_58590cbfe1f435409857954\" class=\"text_exposed_root text_exposed\">En septiembre de 1904, d\u00edas antes de la inauguraci\u00f3n de la f\u00e1brica de la Vega, la prensa castellana se hac\u00eda eco de dicha noticia, lamentando profundamente este acontecimiento. \u201cDentro de unos d\u00edas, no ser\u00e1n 19, sino 20 el n\u00famero de f\u00e1bricas de az\u00facar de remolacha que habr\u00e1 en Espa\u00f1a\u201d.<!--more--><br \/>\n\u201cNo creemos que esto sea una noticia grata para la industria azucarera porque la nueva f\u00e1brica har\u00e1 a\u00fan m\u00e1s dif\u00ed<span class=\"text_exposed_show\"><span class=\"text_exposed_show\">cil la vida de una parte da las ya existentes, pues si por exceso de producci\u00f3n hab\u00eda algunas cuya situaci\u00f3n econ\u00f3mica no era muy evidente, en lo sucesivo, ser\u00eda a\u00fan menos, pues la desproporci\u00f3n entre el consumo y la producci\u00f3n ha de ser m\u00e1s considerable\u201d.<\/span><\/span>\u201cHe aqu\u00ed, algunos datos que hacen bastante luz acerca del asunto y que justifican los temores que algunos abrigan. Al terminar el a\u00f1o 1903 hab\u00edan almacenadas en las azucareras 22.769.130 kilos de az\u00facar y se produjeron durante el primer semestre del a\u00f1o corriente 26.105.240 kilos dando salida para consumo a 23.295.556 kilogramos, vendi\u00e9ndose menos que lo producido.\u201d.\u201c\u00bfNo podr\u00eda ocuparse nuestro gobierno de procurar mercados a donde llevaran nuestras f\u00e1bricas azucareras, el sobrante que resulta del exceso de producci\u00f3n?.<\/p>\n<p><a href=\"https:\/\/www.facebook.com\/Gacetilla-y-curiosidades-elvirenses-732817910137560\/?fref=ts\">Curiosidades elvirenses.<\/a><\/p>\n<\/div>\n<div id=\"fbPhotoSnowliftProductsTagList\" class=\"pts fbPhotoProductsTagList\"><\/div>\n<\/div>\n<p>&nbsp;<\/p>\n","protected":false},"excerpt":{"rendered":"<p>En septiembre de 1904, d\u00edas antes de la inauguraci\u00f3n de la f\u00e1brica de la Vega,&#8230;<\/p>\n","protected":false},"author":1,"featured_media":13131,"comment_status":"closed","ping_status":"closed","sticky":false,"template":"","format":"standard","meta":{"_coblocks_attr":"","_coblocks_dimensions":"","_coblocks_responsive_height":"","_coblocks_accordion_ie_support":"","jetpack_post_was_ever_published":false,"_jetpack_newsletter_access":"","_jetpack_dont_email_post_to_subs":false,"_jetpack_newsletter_tier_id":0,"_jetpack_memberships_contains_paywalled_content":false,"_jetpack_memberships_contains_paid_content":false,"footnotes":"","jetpack_publicize_message":"","jetpack_publicize_feature_enabled":true,"jetpack_social_post_already_shared":false,"jetpack_social_options":{"image_generator_settings":{"template":"highway","default_image_id":0,"enabled":false},"version":2}},"categories":[2,1225,38,44,15],"tags":[81,2309,3339],"class_list":["post-13129","post","type-post","status-publish","format-standard","has-post-thumbnail","hentry","category-atarfe","category-ha-de-atarfe","category-opinion-de-jose-enrique-granados","category-noticias-de-hoy","category-ultimas-noticias","tag-atarfe","tag-azucarera","tag-ho-de-atarfe"],"jetpack_publicize_connections":[],"jetpack_featured_media_url":"https:\/\/i0.wp.com\/miradordeatarfe.es\/wp-content\/uploads\/2016\/12\/AZUCARERA.jpg?fit=480%2C331&ssl=1","jetpack_likes_enabled":true,"jetpack_sharing_enabled":true,"_links":{"self":[{"href":"https:\/\/miradordeatarfe.es\/index.php?rest_route=\/wp\/v2\/posts\/13129","targetHints":{"allow":["GET"]}}],"collection":[{"href":"https:\/\/miradordeatarfe.es\/index.php?rest_route=\/wp\/v2\/posts"}],"about":[{"href":"https:\/\/miradordeatarfe.es\/index.php?rest_route=\/wp\/v2\/types\/post"}],"author":[{"embeddable":true,"href":"https:\/\/miradordeatarfe.es\/index.php?rest_route=\/wp\/v2\/users\/1"}],"replies":[{"embeddable":true,"href":"https:\/\/miradordeatarfe.es\/index.php?rest_route=%2Fwp%2Fv2%2Fcomments&post=13129"}],"version-history":[{"count":4,"href":"https:\/\/miradordeatarfe.es\/index.php?rest_route=\/wp\/v2\/posts\/13129\/revisions"}],"predecessor-version":[{"id":36439,"href":"https:\/\/miradordeatarfe.es\/index.php?rest_route=\/wp\/v2\/posts\/13129\/revisions\/36439"}],"wp:featuredmedia":[{"embeddable":true,"href":"https:\/\/miradordeatarfe.es\/index.php?rest_route=\/wp\/v2\/media\/13131"}],"wp:attachment":[{"href":"https:\/\/miradordeatarfe.es\/index.php?rest_route=%2Fwp%2Fv2%2Fmedia&parent=13129"}],"wp:term":[{"taxonomy":"category","embeddable":true,"href":"https:\/\/miradordeatarfe.es\/index.php?rest_route=%2Fwp%2Fv2%2Fcategories&post=13129"},{"taxonomy":"post_tag","embeddable":true,"href":"https:\/\/miradordeatarfe.es\/index.php?rest_route=%2Fwp%2Fv2%2Ftags&post=13129"}],"curies":[{"name":"wp","href":"https:\/\/api.w.org\/{rel}","templated":true}]}}