{"id":13134,"date":"2016-12-26T11:54:03","date_gmt":"2016-12-26T10:54:03","guid":{"rendered":"http:\/\/miradordeatarfe.es\/?p=13134"},"modified":"2016-12-23T10:25:08","modified_gmt":"2016-12-23T09:25:08","slug":"cajera-por-alberto-granados","status":"publish","type":"post","link":"https:\/\/miradordeatarfe.es\/?p=13134","title":{"rendered":"\u00abCajera\u00bb por Alberto Granados"},"content":{"rendered":"<p>Cada vez me cuesta m\u00e1s trabajo entender qu\u00e9 pensamientos y emociones pueden aparecer en la mente de un hombre para matar a una mujer a la que se supone que en alg\u00fan momento am\u00f3.<!--more--><\/p>\n<p>Supongo que todo un sistema de est\u00edmulos le ha hecho abrigar la idea de que es el amo y se\u00f1or de su compa\u00f1era y que, llegado un fat\u00eddico momento extremo, tiene derecho a matarla. Canciones, sociedad, literatura, tradiciones\u2026 todo ello han conformado un quiste ideol\u00f3gico, un pensamiento escasamente elaborado, que est\u00e1 convirtiendo a la mujer en la presa a la que se puede dar caza a la primera \u201ctonter\u00eda\u201d que cometa. Lamentablemente no exagero: ese fin de semana, la siniestra lista de mujeres asesinada se ha incrementado en tres. No es ninguna frusler\u00eda.<\/p>\n<p class=\"wp-caption-text\">\u00a0\u00a0\u00a0\u00a0\u00a0\u00a0\u00a0 Pensando en eso que acertadamente se ha dado en llamar micromachismos, recupero de mi anterior blog un cuento de hace ya siete a\u00f1os, que inclu\u00ed en mi libro electr\u00f3nico <a href=\"https:\/\/albertogranados.wordpress.com\/mi-libro-cabos-sueltos\/\">Cabos suelto<\/a><\/p>\n<p class=\"wp-caption-text\">FOTO: de un art\u00edculo de la revista Qu\u00e9<\/p>\n<p>\u00a0\u00a0\u00a0\u00a0\u00a0\u00a0 \u2026tomate frito Apis, 0,42; ma\u00edz dulce Gigante Verde, pack de tres latas, 1,98\u00a0; <em>\u2026una termina por saberse los precios, todo el d\u00eda marcando los dichosos c\u00f3digos, ya ni s\u00e9 para qu\u00e9 paso el esc\u00e1ner\u2026<\/em> mayonesa casera Calv\u00e9, 1,62; magdalenas La Bella Easo, 1,25; Tampax super, 2,80, <em>vaya, \u00e9sta parece que necesita tampones, que lo que es yo\u2026 me veo pre\u00f1ada y mi madre me mata,<\/em> 14,85, se\u00f1ora, <em>anda que llamarle se\u00f1ora a esta t\u00eda\u2026 como no es ordinaria\u2026 es como si le tengo que llamar caballero al cabr\u00f3n de mi padre\u2026<\/em> ah\u00ed tiene su vuelta, se\u00f1ora\u2026 <em>y el jefe mira que te mira y venga a pasar cerca, dir\u00e1 que es por controlar, pero es que me mira el escote el muy cerdo, \u2026\u00bfpor qu\u00e9 son tan cerdos los t\u00edos? \u2026mi jefe, mi padre, Johnny\u2026 Johnny, el peor, el m\u00e1s lanzado, el m\u00e1s macho, el m\u00e1s exigente\u2026 cuando yo digo que hacemos el amor, t\u00fa ya sabes lo que tienes que hacer: abrir las piernas, como si yo fuera un electrodom\u00e9stico, como si tuviera que tener ganas cada vez que a \u00e9l le apetece o se fuma un canuto\u2026 y como soy tonta, pero tonta de hartarse, he sido su esclava desde los quince a\u00f1os, a sus \u00f3rdenes, se\u00f1or, lo que usted diga\u2026<\/em> no, se\u00f1ora, detr\u00e1s de las galletas\u2026 de nada, se\u00f1ora\u2026 <em>y \u00e9l cada vez m\u00e1s envalentonado, que hasta me prohibi\u00f3 que hablara con Jorge, el \u00fanico t\u00edo que desde la escuela me ha respetado, que me ha considerado un poco: que no te vea yo hablar con ese gilipollas\u2026 qu\u00e9 se ha cre\u00eddo que es\u2026 \u00bfm\u00e1s que yo? \u00bfporque est\u00e1 estudiando en Granada? Si no tiene donde caerse muerto\u2026 s\u00ed, no tiene donde caerse muerto, pero me ha tratado siempre con respeto y t\u00fa como si fuera un escupitajo de la calle, \u2026es lo que deb\u00ed decirle, pero me call\u00e9 y ced\u00ed otra vez, as\u00ed que le mand\u00e9 recado a Jorge de lo que hab\u00eda y ya no se acerca a saludarme\u2026 <\/em>un momento, se\u00f1ora, que se lo van a cambiar, no se preocupe\u2026 hasta las dos, s\u00ed se\u00f1ora\u2026 <em>este es mi Johnny, que me lo he buscado yo solita, por lista, total, el pueblo no da para m\u00e1s, ahora est\u00e1 precioso con todos los veraneantes, que parece una postal, pero dentro de unas semanas se van todos estos cabrones y nos quedamos los que nos quedamos, mi madre, agobiada siempre por las deudas que va dejando mi padre en la taberna, siempre borracho, un in\u00fatil, un z\u00e1ngano, \u2026pero es tu padre, me dice mi madre cada vez que hablamos de \u00e9l y le corto un traje, \u2026es mi padre, pero te est\u00e1 machacando y\u2026 y ah\u00ed me callo, \u00bfpara qu\u00e9 le voy a contar nada m\u00e1s?\u2026 <\/em>el agua mineral est\u00e1 a la derecha de este pasillo, caballero\u2026 de nada\u2026 <em>y Johnny, mi clavo ardiendo, mi pr\u00edncipe azul de cuento de hadas, lo ve\u00eda como el m\u00e1s atractivo, nos gustaba a todas, era un diamante y se hab\u00eda fijado en m\u00ed y me gustaba, \u00a1como me gustaba!\u2026 y la feria de hace tres a\u00f1os, cuando cumpl\u00ed quince, me llev\u00f3 a la playa y all\u00ed\u2026 yo ya estaba decidida, as\u00ed que\u2026 tanta ilusi\u00f3n para nada, porque s\u00f3lo sent\u00ed un picotazo y el aliento de borracho de Johnny, igual que el de mi padre\u2026 y despu\u00e9s se convirti\u00f3 en mi amo y se\u00f1or\u2026 me lo dicen mis amigas: \u00bfpero por qu\u00e9 sigues con \u00e9l? y pienso en todo el invierno, cuando nos quedamos los que nos quedamos y los veraneantes desaparecen\u2026 <\/em><\/p>\n<p>&nbsp;<\/p>\n<p>&nbsp;<\/p>\n<p class=\"wp-caption aligncenter\" data-shortcode=\"caption\"><a href=\"https:\/\/albertogranados.files.wordpress.com\/2016\/12\/calahonda-el-pec3b1c3b3n.jpg\"><img data-recalc-dims=\"1\" loading=\"lazy\" decoding=\"async\" class=\"size-full wp-image-7723\" src=\"https:\/\/albertogranados.files.wordpress.com\/2016\/12\/calahonda-el-pec3b1c3b3n.jpg?w=560&#038;h=315&#038;fit=560%2C315&#038;resize=560%2C315\" sizes=\"auto, (max-width: 560px) 100vw, 560px\" srcset=\"https:\/\/albertogranados.files.wordpress.com\/2016\/12\/calahonda-el-pec3b1c3b3n.jpg?w=560&amp;h=315 560w, https:\/\/albertogranados.files.wordpress.com\/2016\/12\/calahonda-el-pec3b1c3b3n.jpg?w=1120&amp;h=630 1120w, https:\/\/albertogranados.files.wordpress.com\/2016\/12\/calahonda-el-pec3b1c3b3n.jpg?w=150&amp;h=84 150w, https:\/\/albertogranados.files.wordpress.com\/2016\/12\/calahonda-el-pec3b1c3b3n.jpg?w=300&amp;h=169 300w, https:\/\/albertogranados.files.wordpress.com\/2016\/12\/calahonda-el-pec3b1c3b3n.jpg?w=768&amp;h=432 768w, https:\/\/albertogranados.files.wordpress.com\/2016\/12\/calahonda-el-pec3b1c3b3n.jpg?w=1024&amp;h=576 1024w\" alt=\"Calahonda, el Pe\u00f1\u00f3n\" width=\"560\" height=\"315\" data-attachment-id=\"7723\" data-permalink=\"https:\/\/albertogranados.wordpress.com\/2016\/12\/19\/relatos-recuperados-3-cajera\/calahonda-el-penon\/\" data-orig-file=\"https:\/\/albertogranados.files.wordpress.com\/2016\/12\/calahonda-el-pec3b1c3b3n.jpg?w=560&amp;h=315\" data-orig-size=\"2560,1440\" data-comments-opened=\"1\" data-image-meta=\"{&quot;aperture&quot;:&quot;2.8&quot;,&quot;credit&quot;:&quot;&quot;,&quot;camera&quot;:&quot;LG-H340n&quot;,&quot;caption&quot;:&quot;&quot;,&quot;created_timestamp&quot;:&quot;1458491324&quot;,&quot;copyright&quot;:&quot;&quot;,&quot;focal_length&quot;:&quot;3.32&quot;,&quot;iso&quot;:&quot;100&quot;,&quot;shutter_speed&quot;:&quot;0.00053908355795148&quot;,&quot;title&quot;:&quot;&quot;,&quot;orientation&quot;:&quot;1&quot;}\" data-image-title=\"calahonda-el-penon\" data-image-description=\"\" data-medium-file=\"https:\/\/albertogranados.files.wordpress.com\/2016\/12\/calahonda-el-pec3b1c3b3n.jpg?w=560&amp;h=315?w=300\" data-large-file=\"https:\/\/albertogranados.files.wordpress.com\/2016\/12\/calahonda-el-pec3b1c3b3n.jpg?w=560&amp;h=315?w=560\" \/><\/a><\/p>\n<p class=\"wp-caption-text\">Calahonda, el Pe\u00f1\u00f3n<\/p>\n<p>\u00a0<em>entonces s\u00f3lo tengo al Johnny, su cari\u00f1o, ego\u00edsta, pero cari\u00f1o a fin de cuentas, ah\u00ed est\u00e1 mi gran trampa: no lo tengo m\u00e1s que a \u00e9l, aunque sea tan ego\u00edsta y tan cerdo y me trate como si yo fuera un trapo, pero el pueblo me ahoga, no veo salida y m\u00e1s de una vez he pensado subirme al pe\u00f1\u00f3n y dejarme caer al mar un d\u00eda de temporal\u2026<\/em> no se preocupe caballero, ahora se lo traen\u2026 \u00bfqu\u00e9 vaya al despacho del jefe?\u2026 bueno, Conchi, lo que t\u00fa digas, pero t\u00fa estate al tanto, que no me f\u00edo\u2026 ya sabes c\u00f3mo me mira\u2026 no puede ser, yo no he discutido con ning\u00fan cliente ni he protestado por nada\u2026 no he sido yo, \u00a1que te estoy diciendo que no he sido yo, joder\u00a0!\u2026 <em>lo que me faltaba, este cabr\u00f3n apretando, y \u00e9l sabe que es un embuste, pero me lleva al despacho para que me entere que estoy en sus manos y que o trago o voy al paro, ser\u00e1 mamarracho\u2026 y que no se enteren ni mi padre, ni el Johnny\u2026 mi padre pensar\u00eda que voy provocando a los t\u00edos, ya me lo dijo cuando lo pill\u00e9 mir\u00e1ndome desnuda en la ducha: eres una guarra, que provocas, \u00bfte enteras?\u2026 pues no, no me hab\u00eda enterado, yo s\u00f3lo estaba duch\u00e1ndome, pero \u00e9l ten\u00eda un brillo en los ojos\u2026 y el Johnny puede liarla si se entera de lo del jefe, as\u00ed que a callar y aguantar, que encima de cabrona, apaleada, \u00a1qu\u00e9 vida m\u00e1s perra, co\u00f1o! y siempre me viene a la cabeza la idea de irme, al fin del mundo si hiciera falta, pero irme de este pueblo y no volver nunca, es un pueblo que no me ha ofrecido nunca nada, s\u00f3lo mi madre, pero es que ella lleva toda la vida apretando los dientes y aguantando, y no quiero ser igual que ella\u2026 para los libros no sirvo, eso qued\u00f3 claro, que ni me saqu\u00e9 la ESO, y para trabajar, pues parece que los clientes no quedan contentos o es el jefe, que quiere asomarse a mi escote\u2026 de verdad, cuando se nace para ser una pring\u00e1, no hay remedio y mira a \u00e9stas, en la cola de la caja, tan finas, tan bien vestidas, tan de ciudad grande, que eso se les nota\u2026 con pasta para alquilar un apartamento quince d\u00edas y salir todas las noches a la pizzer\u00eda, con sus mariditos bien perfumados y con un sueldazo, que despu\u00e9s de la cena, cuando se duerman los nenes las van pillar en la cama y las van a dejar contentas\u2026 s\u00ed, algunas se ve que son unas ordinarias que ni donde caerse muertas, pero otras, \u00a1jol\u00edn, qu\u00e9 envidia!\u2026 y nada de eso parece que sea para m\u00ed, que yo, con ser el \u00fanico apoyo de mi madre y con aguantar a mi padre, al jefe y al Johnny, tengo bastante\u2026 \u00a1y acabo de cumplir 18 a\u00f1os!\u2026 \u00bfqu\u00e9 futuro me espera?\u2026 y anda, que si estoy pre\u00f1ada\u2026 me ten\u00eda que haber venido hace ocho d\u00edas, pero nada\u2026 <\/em>perdone se\u00f1ora, he marcado mal, ahora lo arreglo\u2026 <em>irme\u2026 tengo que irme, pero no es f\u00e1cil, y no es por el Johnny, que \u00e9l se apa\u00f1a con el trabajo en el invernadero y en cuatro d\u00edas se olvida de m\u00ed, es porque no tengo d\u00f3nde ir\u2026 el a\u00f1o pasado, cuando fui a ver a mi t\u00eda a Barcelona, se me cayeron al suelo todos mis sue\u00f1os\u2026 irme all\u00ed, \u00bfpara qu\u00e9? mi prima Paula, de mi misma edad, hace lo mismo que yo y mi t\u00eda vive la misma vida que mi madre, s\u00f3lo que su marido la dej\u00f3 por una colombiana\u2026 y el barrio era como el pueblo, cuatro desgraciados como los que nos quedamos aqu\u00ed en invierno, s\u00f3lo que all\u00ed, adem\u00e1s hay que madrugar y coger el metro a las seis y pico de la ma\u00f1ana\u2026 \u00bfy para esa vida me voy a ir? mejor quedarme con el Johnny, que en el fondo no es mala gente, quiz\u00e1s un poco cabr\u00f3n, pero es lo que hay\u2026 <\/em>no se\u00f1ora, no me pasa nada\u2026 \u00bfllorando? \u2026 no me hab\u00eda dado cuenta, perdone se\u00f1ora\u2026 no, ya se me pasa\u2026 gracias, se\u00f1ora, de verdad, no se preocupe\u2026 bolsa de patatas fre\u00edr, tres kilos, 1,95; salchichas, 1,09;\u2026 \u00bflo ve, se\u00f1ora? Ya se me pas\u00f3\u2026 problemillas de mujeres, ya sabe usted\u2026<\/p>\n<p>Alberto Granados<\/p>\n","protected":false},"excerpt":{"rendered":"<p>Cada vez me cuesta m\u00e1s trabajo entender qu\u00e9 pensamientos y emociones pueden aparecer en la&#8230;<\/p>\n","protected":false},"author":1,"featured_media":13135,"comment_status":"closed","ping_status":"closed","sticky":false,"template":"","format":"standard","meta":{"_coblocks_attr":"","_coblocks_dimensions":"","_coblocks_responsive_height":"","_coblocks_accordion_ie_support":"","jetpack_post_was_ever_published":false,"_jetpack_newsletter_access":"","_jetpack_dont_email_post_to_subs":false,"_jetpack_newsletter_tier_id":0,"_jetpack_memberships_contains_paywalled_content":false,"_jetpack_memberships_contains_paid_content":false,"footnotes":"","jetpack_publicize_message":"","jetpack_publicize_feature_enabled":true,"jetpack_social_post_already_shared":false,"jetpack_social_options":{"image_generator_settings":{"template":"highway","default_image_id":0,"enabled":false},"version":2}},"categories":[39,14,44,15],"tags":[41,562,19,1685],"class_list":["post-13134","post","type-post","status-publish","format-standard","has-post-thumbnail","hentry","category-opinion-de-alberto-granados","category-feminismo","category-noticias-de-hoy","category-ultimas-noticias","tag-feminismo","tag-machismo","tag-mujeres","tag-pensamientos"],"jetpack_publicize_connections":[],"jetpack_featured_media_url":"https:\/\/i0.wp.com\/miradordeatarfe.es\/wp-content\/uploads\/2016\/12\/CAJERA.jpg?fit=656%2C400&ssl=1","jetpack_likes_enabled":true,"jetpack_sharing_enabled":true,"_links":{"self":[{"href":"https:\/\/miradordeatarfe.es\/index.php?rest_route=\/wp\/v2\/posts\/13134","targetHints":{"allow":["GET"]}}],"collection":[{"href":"https:\/\/miradordeatarfe.es\/index.php?rest_route=\/wp\/v2\/posts"}],"about":[{"href":"https:\/\/miradordeatarfe.es\/index.php?rest_route=\/wp\/v2\/types\/post"}],"author":[{"embeddable":true,"href":"https:\/\/miradordeatarfe.es\/index.php?rest_route=\/wp\/v2\/users\/1"}],"replies":[{"embeddable":true,"href":"https:\/\/miradordeatarfe.es\/index.php?rest_route=%2Fwp%2Fv2%2Fcomments&post=13134"}],"version-history":[{"count":1,"href":"https:\/\/miradordeatarfe.es\/index.php?rest_route=\/wp\/v2\/posts\/13134\/revisions"}],"predecessor-version":[{"id":13136,"href":"https:\/\/miradordeatarfe.es\/index.php?rest_route=\/wp\/v2\/posts\/13134\/revisions\/13136"}],"wp:featuredmedia":[{"embeddable":true,"href":"https:\/\/miradordeatarfe.es\/index.php?rest_route=\/wp\/v2\/media\/13135"}],"wp:attachment":[{"href":"https:\/\/miradordeatarfe.es\/index.php?rest_route=%2Fwp%2Fv2%2Fmedia&parent=13134"}],"wp:term":[{"taxonomy":"category","embeddable":true,"href":"https:\/\/miradordeatarfe.es\/index.php?rest_route=%2Fwp%2Fv2%2Fcategories&post=13134"},{"taxonomy":"post_tag","embeddable":true,"href":"https:\/\/miradordeatarfe.es\/index.php?rest_route=%2Fwp%2Fv2%2Ftags&post=13134"}],"curies":[{"name":"wp","href":"https:\/\/api.w.org\/{rel}","templated":true}]}}