{"id":13137,"date":"2016-12-29T11:50:47","date_gmt":"2016-12-29T10:50:47","guid":{"rendered":"http:\/\/miradordeatarfe.es\/?p=13137"},"modified":"2016-12-29T11:58:08","modified_gmt":"2016-12-29T10:58:08","slug":"osmosis-por-alberto-granados","status":"publish","type":"post","link":"https:\/\/miradordeatarfe.es\/?p=13137","title":{"rendered":"\u00ab\u00d3smosis\u00bb por Alberto Granados"},"content":{"rendered":"<div class=\"entry-content\">\u00a0\u00a0\u00a0\u00a0\u00a0\u00a0 Con el primer sorbo de t\u00e9 he estado a punto de dec\u00edrselo a Araceli: \u201cEl chico se nos ha ido\u201d. Pero ella se ha anticipado y, como es habitual en esta mujer, su visi\u00f3n del problema ha sido m\u00e1s humana, m\u00e1s exacta:\u00a0\u00a0\u00a0\u00a0\u00a0\u00a0 -Nos han dejado, Ignacio. Es lo normal, lo s\u00e9, pero\u2026 \u00a1Qu\u00e9 solos nos hemos quedado sin ellos!<\/p>\n<p>La he mirado con gratitud, pues siempre aprendo algo de la sutileza de esta mujer que me est\u00e1 entregando los \u00faltimos afectos de su alma y los \u00faltimos destellos de su cuerpo. Le he tomado la mano y he intentado transmitirle toda mi ternura y todo mi agradecimiento. Me ha devuelto una sonrisa. Le pregunto:<\/p>\n<p>-\u00bfRecuerdas que al principio Nacho supuso un estorbo para nosotros, que empez\u00e1bamos nuestra extra\u00f1a relaci\u00f3n?<\/p>\n<p>-Claro que me acuerdo. Como para olvidar la situaci\u00f3n\u2026\u2013 y clava su mirada perdida en Sierra Nevada, ros\u00e1cea por el crep\u00fasculo de finales de octubre.<\/p>\n<p>Hace ya casi cinco a\u00f1os que mi hija me llam\u00f3 desde Barcelona para decirme que Nacho, mi nieto, ten\u00eda problemas por un art\u00edculo antiseparatista que hab\u00eda escrito en la revista de la Facultad de Derecho. Le hab\u00edan dado una paliza y estaba amenazado por un grupo ultra. Estaban pensando en trasladar la matr\u00edcula a la universidad granadina, pero yo ten\u00eda que acogerlo durante unos d\u00edas, hasta que localizara un sitio donde vivir. A mediados del primer cuatrimestre iba a resultar dif\u00edcil, pero no quer\u00eda que el chico siguiera en Barcelona. L\u00f3gicamente, le dije que se pod\u00eda quedar en casa. Desde la muerte de mi mujer, era demasiada casa para m\u00ed solo. Mi nieto no necesitaba buscar otro acomodo, pues ten\u00eda espacio m\u00e1s que suficiente en mi carmen albayzinero.<\/p>\n<p>-Pap\u00e1, Nacho ya no es aquel chiquillo cari\u00f1oso que se sentaba en tus rodillas hace a\u00f1os. Ahora es un adolescente d\u00edscolo, un chico que resulta conflictivo por sus eternas ganas de discutir, de no aceptar otras reglas que las que \u00e9l mismo se impone. No quiero que surjan problemas entre las dos personas que m\u00e1s quiero en la vida.<\/p>\n<p>-Hija, ser\u00e9 viejo, pero no tonto. Ya s\u00e9 que va a cumplir diecinueve a\u00f1os y con esa edad no deseo precisamente que se vuelva a sentar en mis rodillas artr\u00edticas. \u00bfCrees que soy tan latazo que tu hijo no sabr\u00eda convivir conmigo?<\/p>\n<p>Tras muchos tiras y aflojas, varias llamadas m\u00e1s y una habil\u00edsima preparaci\u00f3n previa por parte de mi hija, Nacho apareci\u00f3 por casa a finales de noviembre, se instal\u00f3 donde le pareci\u00f3 mejor y empec\u00e9 a vivir con un extra\u00f1o. Un desconocido que llegaba a mi vida en el momento m\u00e1s inoportuno, porque acababa de conocer a Araceli y me hac\u00eda ilusiones por rehacer mi vida, unas ilusiones casi de adolescente ante el primer amor.<\/p>\n<p>La hab\u00eda conocido unos meses antes, cuando me interpel\u00f3 en el descanso de La Traviata:<\/p>\n<p>-Perdone, estoy sentada muy cerca de usted y me ha sorprendido el brillo de sus ojos en algunos pasajes de la \u00f3pera. Se ve que le gusta, \u00bfno?<\/p>\n<p>-Verdi es pura pasi\u00f3n, se\u00f1ora. Tendr\u00eda que gustarle a todo el mundo. Y es cierto: me emociona Violeta, una perdedora nata, enamorada de quien no debe, denigrada socialmente, enferma, abandonada, arruinada por su generosidad\u2026<\/p>\n<p>-Me temo que no conozco el argumento ni entiendo de \u00f3pera. Solo he venido porque a unos conocidos les ha sobrado en el \u00faltimo momento una entrada. Me est\u00e1 gustando, pero reconozco que ando perdida. Ser\u00eda rid\u00edculo decirle que entiendo La Traviata. Por eso me ha llamado la atenci\u00f3n su gesto emocionado.<\/p>\n<p>-Araceli \u2013le digo, tras salir de mi ensimismamiento-, \u00bfrecuerdas qu\u00e9 conferencia te di sobre La Traviata, Verdi, las voces oper\u00edsticas, la naturaleza de las arias, d\u00faos, tr\u00edos y coros el d\u00eda que nos conocimos?<\/p>\n<p>Me sonr\u00ede. Despu\u00e9s me acaricia el rostro.<\/p>\n<p>-Estuviste soberbio. Termin\u00e9 entusiasmada con lo que iba a ver, m\u00e1s que porque me pareciera divertido, por no desanimarte, despu\u00e9s de tanta pasi\u00f3n como pusiste en tu doctoral exposici\u00f3n. Y a la salida, me desped\u00ed de mis acompa\u00f1antes y fuimos a tomar una copa, rodeados de gente mucho m\u00e1s joven. Quedamos aqu\u00ed al d\u00eda siguiente para ver de nuevo la \u00f3pera en la versi\u00f3n que m\u00e1s te gusta. Yo ven\u00eda confusa, como cuando a los diecis\u00e9is a\u00f1os acud\u00ed a mi primera cita con un chico \u2013Araceli pone en su rostro un gesto evocador que me gusta mucho-. Tambi\u00e9n nerviosa\u2026 \u00bfy si eras un fresco? Pero ten\u00edas todas las trazas de ser un caballero. Y dubitativa: \u00bfhasta d\u00f3nde estaba dispuesta a llegar? Estaba a punto de cumplir sesenta y uno. No era la mejor edad para romances tempestuosos\u2026 Y mira d\u00f3nde estamos, querido Ignacio \u2013una chispa ilumina sus ojos y durante su parlamento me regala una tenue sonrisa. Yo me siento feliz, como nunca esper\u00e9 volver a serlo tras la muerte de In\u00e9s.<\/p>\n<p>Despu\u00e9s de aquella visita a esta casa, Araceli vino muchas m\u00e1s veces, con cualquier pretexto: nuevas \u00f3peras que yo le explicaba, alguna pel\u00edcula realmente importante, un ba\u00f1o en la piscina cuando el calor del verano apretaba de verdad, alguna cena\u2026 Aquello era ya una relaci\u00f3n, no cab\u00eda duda. Qued\u00e1bamos cada d\u00eda, a veces me acompa\u00f1aba a la mesa, nos telefone\u00e1bamos sin parar\u2026 y pronto surgi\u00f3 la conversaci\u00f3n inaplazable, que inici\u00e9 precisamente yo: est\u00e1bamos siempre juntos, se nos hac\u00eda largo el rato que est\u00e1bamos el uno ausente del otro, siempre sonri\u00e9ndonos o mir\u00e1ndonos a los ojos\u2026 \u00bfcu\u00e1l era la naturaleza exacta de nuestra relaci\u00f3n? \u00bfQu\u00e9 se pod\u00eda esperar de todo aquello?<\/p>\n<p>-Qu\u00e9 seria te quedaste cuando te pregunt\u00e9 qu\u00e9 clase de relaci\u00f3n manten\u00edamos\u2026<\/p>\n<p>-Ya sabes que me hab\u00eda hecho muchas veces esa misma pregunta, pero que no me atrev\u00eda a respond\u00e9rmela por miedo a darme un batacazo. Ya hab\u00eda pasado por ah\u00ed.<\/p>\n<p>-Pero esta vez ten\u00eda que ser distinto. Nos merec\u00edamos ser felices despu\u00e9s del infierno que pasaste con tu ex-marido o del que pas\u00e9 yo con la larga enfermedad de In\u00e9s, tan dolorosa.<\/p>\n<p>-Yo le tem\u00eda a algo que antes o despu\u00e9s ibas a plantearme: los hombres siempre quer\u00e9is algo carnal y yo ten\u00eda demasiadas dudas. Tantos a\u00f1os sola\u2026 No se trataba de mojigater\u00eda, sino de a\u00f1os, de mi cuerpo ya desvencijado, del que me sent\u00eda insegura\u2026 Y cuando yo estaba a punto de dar el paso, se instal\u00f3 aqu\u00ed tu nieto. Era injusto.<\/p>\n<p>-Pero no pod\u00eda darle la espalda. Ni por \u00e9l, ni por mi hija\u2026 Y hablando de inseguridades, mi virilidad tampoco estaba ya para tirar cohetes y le tem\u00eda a no poder colmarte, a hacer el rid\u00edculo. Y en estas lleg\u00f3 mi nieto.<\/p>\n<p>Fue dif\u00edcil al principio. Nacho parec\u00eda enfadado con el mundo, no daba la menor muestra de agradecimiento y me respond\u00eda a cualquier pregunta con monos\u00edlabos. Despu\u00e9s empez\u00f3 a traer a los m\u00e1s estrafalarios compa\u00f1eros de clase, para hacer trabajos. M\u00fasica estridente, trato poco respetuoso, no recoger un vaso o un plato cuando merendaban\u2026 Y esas pintas, todos llenos de <em>piercings<\/em> y de quincalla, m\u00e1s las rastas y los tatuajes, que me parecieron aut\u00e9nticas declaraciones de guerra\u2026 Cuando mi hija llamaba, yo le quitaba importancia a los efectos de la invasi\u00f3n. Alg\u00fan tiempo\u00a0 despu\u00e9s Nacho me solt\u00f3 que Celia, su chica, se ven\u00eda a vivir a casa. No pregunt\u00e9. La hab\u00eda visto varias veces y me hab\u00edan llamado la atenci\u00f3n sus hermosos ojos, que consegu\u00edan que sus <em>piercings<\/em> y su extravagante atuendo pasaran desapercibidos. La chica ten\u00eda algo especial. Adem\u00e1s, una tarde pregunt\u00f3 por un aria y se sent\u00f3 junto a m\u00ed para ver unos momentos de aquel DVD. Me di cuenta de que segu\u00eda los subt\u00edtulos. Tambi\u00e9n de que estaba emocionada. Creo que se trataba de la <em>Casta diva<\/em>, tal vez cantada por la Callas.<\/p>\n<p>-\u00a1Qu\u00e9 maravilla! Es sublime\u2026 \u00a1y qu\u00e9 voz! Dime qu\u00e9 es, Ignacio.<\/p>\n<p>La hubiera abofeteado por tutearme cuando apenas hab\u00edamos cruzado tres frases, pero a la vez me la hubiera comido a besos por la verdad que intu\u00ed en sus ojos. A partir de ah\u00ed, hablamos muchas veces y llegu\u00e9 a estar mucho m\u00e1s pr\u00f3ximo a ella que a mi nieto. Mi cumplea\u00f1os nos fuimos los cuatro a cenar a un restaurante elegante. Les ped\u00ed que se arreglaran un poco m\u00e1s que a diario.<\/p>\n<p>-Mi abuelo quiere que nos pongamos pijos, Celia.<\/p>\n<p>-Hombre, ten en cuenta que \u00e9l es muy conocido en la ciudad. No nos cuesta trabajo arreglarnos un d\u00eda\u2026<\/p>\n<p>Pas\u00e9 una noche grat\u00edsima, rodeado de las tres personas que formaban mi entorno. Araceli, deliciosa. Mi nieto se hab\u00eda cortado las rastas y vest\u00eda una chaqueta informal que le ca\u00eda de maravilla y la chica estaba preciosa. Tras una copa, llam\u00e9 a un taxi, nos acomodamos y le di la direcci\u00f3n de Araceli.<\/p>\n<p>-Pero\u2026 \u00bfes que no te quedas a dormir en casa, Araceli? \u2013pregunt\u00f3 la chica, creando una situaci\u00f3n embarazosa.<\/p>\n<p>En realidad era la misma pregunta que yo me estaba formulando en ese momento, por lo que sent\u00ed una desagradable desaz\u00f3n. Nada m\u00e1s llegar a casa te telefone\u00e9:<\/p>\n<p>-\u00bfCu\u00e1ndo te vas a quedar a dormir conmigo? Los chicos no se escandalizan y yo lo estoy deseando\u2026<\/p>\n<p>Araceli recuerda aquel momento. De nuevo mira a la sierra. Tarda unos segundos en continuar la conversaci\u00f3n.<\/p>\n<p>-Esa cuesti\u00f3n me resultaba muy violenta. Me consideraba una vieja y le tem\u00eda a no provocar en ti el grado m\u00ednimo de deseo, tal como yo lo recordaba de cuando era joven. Es tan dif\u00edcil aceptar que has envejecido\u2026<\/p>\n<p>-S\u00ed, pero poco despu\u00e9s aceptaste la mitad de mi cama. Y fue de nuevo la parejilla, mi nieto y Celia, quienes nos sirvieron de catalizador, \u00bfte acuerdas?<\/p>\n<p>-Claro. Una noche de mucho calor prematuro, la piscina reci\u00e9n arreglada, un ba\u00f1o al atardecer\u2026 Tras la cena, charlamos Celia y yo. Me sorprendi\u00f3 su clarividencia:<\/p>\n<p>-Araceli, ya s\u00e9 que no es cosa m\u00eda, pero\u2026 \u00bfc\u00f3mo es que sigues y\u00e9ndote a tu casa por las noches? Ignacio te desea y creo que t\u00fa tambi\u00e9n a \u00e9l\u2026 Se os nota de lejos. \u00bfA qu\u00e9 est\u00e1is esperando? Te lo pregunto por si se trata de que Nacho y yo os cortamos el rollo\u2026 No s\u00e9, hay veces que creo que nos hemos convertido en unos inc\u00f3modos ocupas, que hemos acabado con vuestra intimidad\u2026 Por nosotros no os cort\u00e9is. No vemos nada malo en que hag\u00e1is vuestra vida.<\/p>\n<p>&nbsp;<\/p>\n<p>&nbsp;<\/p>\n<p>&nbsp;<\/p>\n<p class=\"wp-caption aligncenter\" data-shortcode=\"caption\"><a href=\"https:\/\/albertogranados.files.wordpress.com\/2016\/12\/imagen-de-la-serie-timeless-love-amor-eterno-de-la-fotc3b3grafa-holandesa-marrie-bot.jpg\"><img data-recalc-dims=\"1\" decoding=\"async\" class=\"size-full wp-image-7719\" src=\"https:\/\/albertogranados.files.wordpress.com\/2016\/12\/imagen-de-la-serie-timeless-love-amor-eterno-de-la-fotc3b3grafa-holandesa-marrie-bot.jpg?w=640\" sizes=\"(max-width: 450px) 100vw, 450px\" srcset=\"https:\/\/albertogranados.files.wordpress.com\/2016\/12\/imagen-de-la-serie-timeless-love-amor-eterno-de-la-fotc3b3grafa-holandesa-marrie-bot.jpg 450w, https:\/\/albertogranados.files.wordpress.com\/2016\/12\/imagen-de-la-serie-timeless-love-amor-eterno-de-la-fotc3b3grafa-holandesa-marrie-bot.jpg?w=150 150w, https:\/\/albertogranados.files.wordpress.com\/2016\/12\/imagen-de-la-serie-timeless-love-amor-eterno-de-la-fotc3b3grafa-holandesa-marrie-bot.jpg?w=300 300w\" alt=\"Imagen de la serie Timeless love (Amor eterno) de la fot\u00f3grafa holandesa Marrie Bot\" data-attachment-id=\"7719\" data-permalink=\"https:\/\/albertogranados.wordpress.com\/2016\/12\/15\/osmosis\/imagen-de-la-serie-timeless-love-amor-eterno-de-la-fotografa-holandesa-marrie-bot\/\" data-orig-file=\"https:\/\/albertogranados.files.wordpress.com\/2016\/12\/imagen-de-la-serie-timeless-love-amor-eterno-de-la-fotc3b3grafa-holandesa-marrie-bot.jpg?w=560\" data-orig-size=\"450,253\" data-comments-opened=\"1\" data-image-meta=\"{&quot;aperture&quot;:&quot;0&quot;,&quot;credit&quot;:&quot;&quot;,&quot;camera&quot;:&quot;&quot;,&quot;caption&quot;:&quot;&quot;,&quot;created_timestamp&quot;:&quot;0&quot;,&quot;copyright&quot;:&quot;&quot;,&quot;focal_length&quot;:&quot;0&quot;,&quot;iso&quot;:&quot;0&quot;,&quot;shutter_speed&quot;:&quot;0&quot;,&quot;title&quot;:&quot;&quot;,&quot;orientation&quot;:&quot;0&quot;}\" data-image-title=\"imagen-de-la-serie-timeless-love-amor-eterno-de-la-fotografa-holandesa-marrie-bot\" data-image-description=\"\" data-medium-file=\"https:\/\/albertogranados.files.wordpress.com\/2016\/12\/imagen-de-la-serie-timeless-love-amor-eterno-de-la-fotc3b3grafa-holandesa-marrie-bot.jpg?w=560?w=300\" data-large-file=\"https:\/\/albertogranados.files.wordpress.com\/2016\/12\/imagen-de-la-serie-timeless-love-amor-eterno-de-la-fotc3b3grafa-holandesa-marrie-bot.jpg?w=560?w=450\" \/><\/a><\/p>\n<p class=\"wp-caption-text\">Imagen de la serie Timeless love (Amor eterno) de la fot\u00f3grafa holandesa Marrie Bot<\/p>\n<p>&nbsp;<\/p>\n<p>-No mujer, no es eso\u2026 \u2013le respond\u00ed con cierto azoramiento-. Cuando llegue el momento todo se andar\u00e1.<\/p>\n<p>Se vuelve a Ignacio, que la escucha con unci\u00f3n, pese a que todo eso lo han hablado ya muchas veces.<\/p>\n<p>-Pens\u00e9 en lo que de desenfadada verdad hab\u00eda en su pregunta, en cu\u00e1nta raz\u00f3n llevaba y llegu\u00e9 a la conclusi\u00f3n de que no era bueno para nadie mantener una situaci\u00f3n as\u00ed de ambigua. Pero a\u00fan me quedaba una prueba de fuego. Aquella primavera vino tu hija unos d\u00edas. Yo decid\u00ed hacerme menos visible en esta casa. Supuse que os gustar\u00eda hablar sin extra\u00f1os. Uno de aquellos d\u00edas me llamaste a \u00faltima hora casi para exigirme que viniera a comer con vosotros. Tu hija estaba terminado la comida y me mir\u00f3, entre hostil e inquisitiva, como pensando \u201c\u00bfQui\u00e9n ser\u00e1 esta lagarta y qu\u00e9 pretender\u00e1 obtener de mi padre?\u201d. Por lo dem\u00e1s estuvo demasiado correcta, algo que contrastaba con el tono general del grupo, pues los chicos se manifestaron conmigo con la naturalidad de todos los d\u00edas.<\/p>\n<p>La abord\u00e9 al recoger la cocina. Le contest\u00e9 las preguntas que a\u00fan no me hab\u00eda hecho: por qu\u00e9 estaba contigo, lo que hab\u00eda llegado a quererte, mis dudas sobre tu deseo de llegar a una relaci\u00f3n carnal\u2026 Tambi\u00e9n le aclar\u00e9 que no estaba aqu\u00ed por tu dinero. No s\u00e9 si me pas\u00e9, pues se qued\u00f3 muda. Solo a la ma\u00f1ana siguiente, cuando llegu\u00e9, me invit\u00f3 a un caf\u00e9 mientras ven\u00edas de no s\u00e9 d\u00f3nde. Me sonri\u00f3 y me dijo:<\/p>\n<p>-Creo que mi padre ha tenido much\u00edsima suerte al dar contigo. Nacho y Celia te ponen por las nubes y eso me tranquiliza. Si me has visto con cierta hostilidad, te ruego que me perdones y espero que entiendas que las cosas de mi padre me preocupen.<\/p>\n<p>-No tiene importancia. Lo entiendo. No soy una persona de la que puedas temer algo, te lo aseguro.<\/p>\n<p>Poco despu\u00e9s, un verano prematuro nos macer\u00f3 en sudor durante unos d\u00edas. Los chicos estaban de ex\u00e1menes. Una noche, tras un paseo, nos dimos un chapuz\u00f3n en la piscina. Araceli subi\u00f3 a mi dormitorio para ducharse, porque no soporta el cloro sobre la piel. Un momento despu\u00e9s sub\u00ed yo. La puerta del\u00a0ba\u00f1o estaba abierta y la vi. Me dio verg\u00fcenza que pudiera sorprenderme mir\u00e1ndola, as\u00ed que sal\u00ed a la terraza y fue peor: all\u00ed los vi desnudos en el agua, abrazados. Eran tan hermosos que me sent\u00ed turbado, pues parec\u00edan cuerpos sacados de una pintura prerrafaelita. Aquella belleza me absorb\u00eda. No era <em>voyeurismo<\/em>, ni deseo, ni nada sucio, sino admiraci\u00f3n y a\u00f1oranza de la juventud perdida, de las posibilidades que ya me resultaban casi olvidadas.<\/p>\n<p>&nbsp;<\/p>\n<p>&nbsp;<\/p>\n<p>&nbsp;<\/p>\n<p class=\"wp-caption aligncenter\" data-shortcode=\"caption\"><a href=\"https:\/\/albertogranados.files.wordpress.com\/2016\/12\/imagen-publicitaria-de-un-hotel-spa.jpg\"><img data-recalc-dims=\"1\" loading=\"lazy\" decoding=\"async\" class=\"size-full wp-image-7720\" src=\"https:\/\/albertogranados.files.wordpress.com\/2016\/12\/imagen-publicitaria-de-un-hotel-spa.jpg?w=560&#038;h=371&#038;fit=560%2C371&#038;resize=560%2C371\" sizes=\"auto, (max-width: 560px) 100vw, 560px\" srcset=\"https:\/\/albertogranados.files.wordpress.com\/2016\/12\/imagen-publicitaria-de-un-hotel-spa.jpg?w=560&amp;h=371 560w, https:\/\/albertogranados.files.wordpress.com\/2016\/12\/imagen-publicitaria-de-un-hotel-spa.jpg?w=1120&amp;h=742 1120w, https:\/\/albertogranados.files.wordpress.com\/2016\/12\/imagen-publicitaria-de-un-hotel-spa.jpg?w=150&amp;h=99 150w, https:\/\/albertogranados.files.wordpress.com\/2016\/12\/imagen-publicitaria-de-un-hotel-spa.jpg?w=300&amp;h=199 300w, https:\/\/albertogranados.files.wordpress.com\/2016\/12\/imagen-publicitaria-de-un-hotel-spa.jpg?w=768&amp;h=508 768w, https:\/\/albertogranados.files.wordpress.com\/2016\/12\/imagen-publicitaria-de-un-hotel-spa.jpg?w=1024&amp;h=678 1024w\" alt=\"Imagen publicitaria de un hotel-spa\" width=\"560\" height=\"371\" data-attachment-id=\"7720\" data-permalink=\"https:\/\/albertogranados.wordpress.com\/2016\/12\/15\/osmosis\/imagen-publicitaria-de-un-hotel-spa\/\" data-orig-file=\"https:\/\/albertogranados.files.wordpress.com\/2016\/12\/imagen-publicitaria-de-un-hotel-spa.jpg?w=560&amp;h=371\" data-orig-size=\"1600,1059\" data-comments-opened=\"1\" data-image-meta=\"{&quot;aperture&quot;:&quot;0&quot;,&quot;credit&quot;:&quot;&quot;,&quot;camera&quot;:&quot;&quot;,&quot;caption&quot;:&quot;&quot;,&quot;created_timestamp&quot;:&quot;0&quot;,&quot;copyright&quot;:&quot;\\u00a9Marc Colomines&quot;,&quot;focal_length&quot;:&quot;0&quot;,&quot;iso&quot;:&quot;0&quot;,&quot;shutter_speed&quot;:&quot;0&quot;,&quot;title&quot;:&quot;&quot;,&quot;orientation&quot;:&quot;0&quot;}\" data-image-title=\"imagen-publicitaria-de-un-hotel-spa\" data-image-description=\"\" data-medium-file=\"https:\/\/albertogranados.files.wordpress.com\/2016\/12\/imagen-publicitaria-de-un-hotel-spa.jpg?w=560&amp;h=371?w=300\" data-large-file=\"https:\/\/albertogranados.files.wordpress.com\/2016\/12\/imagen-publicitaria-de-un-hotel-spa.jpg?w=560&amp;h=371?w=560\" \/><\/a><\/p>\n<p class=\"wp-caption-text\">Imagen publicitaria de un hotel-spa<\/p>\n<p>&nbsp;<\/p>\n<p>&nbsp;<\/p>\n<p>&nbsp;<\/p>\n<p>-Mi \u00fanica preocupaci\u00f3n era verlos sin que me sorprendierais, ni t\u00fa, ni ellos, pero ya te hab\u00edas dado cuenta de la verdad y me esperabas desnuda en la cama. Fue tu primera noche conmigo. Despu\u00e9s\u2026 no he cesado nunca de agradecerte tanta felicidad.<\/p>\n<p>-Yo tambi\u00e9n los hab\u00eda visto. Me sent\u00ed de nuevo joven a trav\u00e9s de ellos y te dese\u00e9 a trav\u00e9s de su deseo. Y aqu\u00ed estoy. Y tambi\u00e9n supe que me hab\u00edas estado mirando en la ducha. Cre\u00ed que ya no hab\u00eda el menor motivo para dilatar lo evidente: te necesitaba, con todas las consecuencias que una situaci\u00f3n as\u00ed requer\u00eda. Y no me arrepiento de mi decisi\u00f3n, eso quiero que lo sepas.<\/p>\n<p>-Desde entonces esta casa se convirti\u00f3 en la de una familia: t\u00fa, yo y los dos chicos, que parec\u00edan esos hijos que t\u00fa no tuviste. Y como en cualquier grupo humano, la interrelaci\u00f3n surgi\u00f3 imparable, hermosa, vital.<\/p>\n<p>-Es cierto, Ignacio. He querido a los dos como si fueran mis propios hijos. Me he preocupado cuando ha surgido alguna desavenencia, alg\u00fan mal modo entre ellos, alg\u00fan asomo de ruptura, cualquier problema de cualquier \u00edndole. He sentido la incapacidad de darles alg\u00fan consejo\u2026 \u00bfQui\u00e9n era yo para ejercer de consejera si mi vida hab\u00eda sido un absoluto fracaso\u2026? Pero empec\u00e9 a desentumecer mi alma y con mucha prudencia les fui dando opiniones, siempre modestas, sin ganas de imponerme. Y esa chica primero y despu\u00e9s tu nieto fueron acept\u00e1ndome como una especie de madre.<\/p>\n<p>-Eso lo percib\u00ed cuando una noche contaste abiertamente las palizas y violaciones a que te someti\u00f3 el canalla de tu marido. Algo que nunca me hab\u00edas contado a m\u00ed y que te sali\u00f3 con toda la naturalidad del que cuenta una pel\u00edcula intrascendente. Se hizo un silencio consistente y macizo, casi insoportable. Celia rompi\u00f3 a llorar y te abraz\u00f3. Nacho y yo nos quedamos petrificados. A partir de ah\u00ed los dos te adoraron y yo me sent\u00ed obligado a hacerte feliz, cosa que por cierto he intentado siempre y espero haber conseguido. Ellos desde entonces estuvieron m\u00e1s pr\u00f3ximos que nunca a nosotros. Lo eras todo para ellos, hasta el punto de que a veces me sent\u00eda celoso de tu \u00e9xito. Y cambiaron.<\/p>\n<p>-\u00a1Cu\u00e1nta ternura, cuanto cari\u00f1o hemos intercambiado nosotros y ellos dos\u2026! Cuando daba clases en el instituto explicaba siempre el fen\u00f3meno de la \u00f3smosis: dos fluidos separados por una membrana terminaban por mezclarse. Es lo que ha pasado en ese modesto grupo que hemos formado durante estos a\u00f1os. Ha habido un continuo trasvase de fluidos entre las dos generaciones. Ellos vinieron asilvestrados y se han vuelto m\u00e1s convencionales. Maduraron aqu\u00ed y se dejaron atr\u00e1s la rebeld\u00eda de los dieciocho hasta alcanzar una sensatez, una sensibilidad y una madurez que no ten\u00edan. Tambi\u00e9n sus amigos, aquella gente rara que estaba continuamente aqu\u00ed y que ahora nos faltan\u2026. Les ha pasado a todos lo contrario que a nosotros, que hemos reaprendido los pecadillos de la juventud junto a algo de locura, de improvisaci\u00f3n, de inmediatez\u2026<\/p>\n<p>-Y cu\u00e1nto amor nos hemos ido traspasando a trav\u00e9s de esa membrana que es la diferencia de edad. Nosotros somos ahora mucho m\u00e1s abiertos, m\u00e1s comprensivos, m\u00e1s comprometidos con los nuevos tiempos, con los mismos j\u00f3venes que antes despreci\u00e1bamos por sus pintas y estilos\u2026 Me acuerdo del fastidio que me produjo la irrupci\u00f3n de aquellos j\u00f3venes y ahora agradezco que vengan alguna vez a visitarnos o nos telefoneen para ver c\u00f3mo estamos o qu\u00e9 sabemos de nuestros chicos, los dos nuevos abogados del prestigioso bufete barcelon\u00e9s donde mi hija ha conseguido colocarlos\u2026 Casi me dan ganas de repetir el t\u00f3pico que siempre les he o\u00eddo a los viejos matrimonios respecto a sus hijos: \u201cNosotros hemos cumplido nuestro papel\u201d. Siempre me pareci\u00f3 un lugar com\u00fan y ahora le encuentro mucho sentido- le digo.<\/p>\n<p>-Quiero decirte algo, Ignacio. Voy a modificar mi testamento. Ya sabes que solo tengo mi piso y alg\u00fan dinero ahorrado. He pensado dej\u00e1rselo a nuestros ni\u00f1os. Quiero dec\u00edrselo a tu hija. Por si le queda alguna duda de que no me vine contigo por tu dinero, que jam\u00e1s me ha hecho falta. Aunque creo que ya lo sabe y que me acepta desde hace tiempo sin ninguna reserva.<\/p>\n<p>Le digo que haga lo que le apetezca. No son sus nietos, pero si desea beneficiarlos con su herencia no veo ning\u00fan problema, aunque no s\u00e9 lo que pensar\u00e1n sus lejanos parientes.<\/p>\n<p>Araceli se estremece. Entra a la casa para ponerse algo, pues el sol ha traspuesto y est\u00e1 refrescando. Yo recojo la bandeja con las tazas y la tetera para llevarla a la cocina. Despu\u00e9s cierro las ventanas y la puerta de la terraza. Me preocupan esos escalofr\u00edos y calambres s\u00fabitos. No puedo evitar el recuerdo de In\u00e9s y su enfermedad. No podr\u00eda soportar que Araceli pasara por algo parecido. \u00a1Ser\u00eda tan injusto!<\/p>\n<p>La veo volver en pijama y cubierta con su bata de seda. La intuyo desnuda, ofrecida, tierna para m\u00ed.<\/p>\n<p>-No s\u00e9 si ser\u00e1 \u00f3smosis, cari\u00f1o, pero te quiero. Y me est\u00e1 entrando un dese\u00edllo\u2026<\/p>\n<p>-Ignacio, que no son horas \u2013me rega\u00f1a llena de comicidad.<\/p>\n<p>-Para eso no hay horas \u2013le digo, tirando de su mano para que me acompa\u00f1e al dormitorio.<\/p>\n<p>-Pues s\u00ed: va a ser un efecto de la sacrosanta \u00f3smosis, porque yo estoy empezando a sentir el mismo extra\u00f1o hormigueo que t\u00fa \u2013me sonr\u00ede c\u00f3mplice-. O se trata de otra locura de esta nueva juventud que los chicos nos han transmitido. \u00a1Viva la \u00f3smosis! \u2013me responde al pie de la escalera un instante antes de besarme apasionada.<\/p>\n<p>&nbsp;<\/p>\n<p>Alberto Granados<\/p>\n<p><span class=\"sep\">Publicado por <span class=\"author vcard\"><a class=\"url fn n\" title=\"Ver todas las entradas de Alberto Granados\" href=\"https:\/\/albertogranados.wordpress.com\/author\/albertogranados\/\">Alberto Granados<\/a><\/span> el <\/span> <span class=\"entry-date\"><a title=\"19:40\" href=\"https:\/\/albertogranados.wordpress.com\/2016\/12\/15\/osmosis\/\" rel=\"bookmark\">15 diciembre, 2016<\/a><\/span> en <span class=\"entry-categories\"><a href=\"https:\/\/albertogranados.wordpress.com\/category\/relatos-mucho-cuento\/\" rel=\"category tag\">Relatos (Mucho cuento)<\/a><\/span><\/p>\n<\/div>\n","protected":false},"excerpt":{"rendered":"<p>\u00a0\u00a0\u00a0\u00a0\u00a0\u00a0 Con el primer sorbo de t\u00e9 he estado a punto de dec\u00edrselo a Araceli:&#8230;<\/p>\n","protected":false},"author":1,"featured_media":13138,"comment_status":"closed","ping_status":"closed","sticky":false,"template":"","format":"standard","meta":{"_coblocks_attr":"","_coblocks_dimensions":"","_coblocks_responsive_height":"","_coblocks_accordion_ie_support":"","jetpack_post_was_ever_published":false,"_jetpack_newsletter_access":"","_jetpack_dont_email_post_to_subs":false,"_jetpack_newsletter_tier_id":0,"_jetpack_memberships_contains_paywalled_content":false,"_jetpack_memberships_contains_paid_content":false,"footnotes":"","jetpack_publicize_message":"","jetpack_publicize_feature_enabled":true,"jetpack_social_post_already_shared":false,"jetpack_social_options":{"image_generator_settings":{"template":"highway","default_image_id":0,"enabled":false},"version":2}},"categories":[39,186,9,44,15],"tags":[1125,3340],"class_list":["post-13137","post","type-post","status-publish","format-standard","has-post-thumbnail","hentry","category-opinion-de-alberto-granados","category-instituciones","category-medio-ambiente","category-noticias-de-hoy","category-ultimas-noticias","tag-historia","tag-pasion"],"jetpack_publicize_connections":[],"jetpack_featured_media_url":"https:\/\/i0.wp.com\/miradordeatarfe.es\/wp-content\/uploads\/2016\/12\/OSMOSIS.jpg?fit=1280%2C960&ssl=1","jetpack_likes_enabled":true,"jetpack_sharing_enabled":true,"_links":{"self":[{"href":"https:\/\/miradordeatarfe.es\/index.php?rest_route=\/wp\/v2\/posts\/13137","targetHints":{"allow":["GET"]}}],"collection":[{"href":"https:\/\/miradordeatarfe.es\/index.php?rest_route=\/wp\/v2\/posts"}],"about":[{"href":"https:\/\/miradordeatarfe.es\/index.php?rest_route=\/wp\/v2\/types\/post"}],"author":[{"embeddable":true,"href":"https:\/\/miradordeatarfe.es\/index.php?rest_route=\/wp\/v2\/users\/1"}],"replies":[{"embeddable":true,"href":"https:\/\/miradordeatarfe.es\/index.php?rest_route=%2Fwp%2Fv2%2Fcomments&post=13137"}],"version-history":[{"count":1,"href":"https:\/\/miradordeatarfe.es\/index.php?rest_route=\/wp\/v2\/posts\/13137\/revisions"}],"predecessor-version":[{"id":13139,"href":"https:\/\/miradordeatarfe.es\/index.php?rest_route=\/wp\/v2\/posts\/13137\/revisions\/13139"}],"wp:featuredmedia":[{"embeddable":true,"href":"https:\/\/miradordeatarfe.es\/index.php?rest_route=\/wp\/v2\/media\/13138"}],"wp:attachment":[{"href":"https:\/\/miradordeatarfe.es\/index.php?rest_route=%2Fwp%2Fv2%2Fmedia&parent=13137"}],"wp:term":[{"taxonomy":"category","embeddable":true,"href":"https:\/\/miradordeatarfe.es\/index.php?rest_route=%2Fwp%2Fv2%2Fcategories&post=13137"},{"taxonomy":"post_tag","embeddable":true,"href":"https:\/\/miradordeatarfe.es\/index.php?rest_route=%2Fwp%2Fv2%2Ftags&post=13137"}],"curies":[{"name":"wp","href":"https:\/\/api.w.org\/{rel}","templated":true}]}}