{"id":13140,"date":"2016-12-23T10:15:24","date_gmt":"2016-12-23T09:15:24","guid":{"rendered":"http:\/\/miradordeatarfe.es\/?p=13140"},"modified":"2019-12-28T12:50:26","modified_gmt":"2019-12-28T11:50:26","slug":"paisajes-navidenos-por-jose-enrique-granados","status":"publish","type":"post","link":"https:\/\/miradordeatarfe.es\/?p=13140","title":{"rendered":"\u00abPAISAJES NAVIDE\u00d1OS\u00bb por Jos\u00e9 Enrique Granados"},"content":{"rendered":"<p><span id=\"fbPhotoSnowliftCaption\" class=\"fbPhotosPhotoCaption\" tabindex=\"0\" data-ft=\"{&quot;tn&quot;:&quot;K&quot;}\"><span class=\"hasCaption\">Se acerca el invierno y con \u00e9l las navidades. La fotograf\u00eda, a\u00f1os setenta del siglo pasado, nos muestra una plaza del Ayuntamiento cubierta por la nieve, siendo perceptibles infinidad de pisadas que dibujan itinerarios m\u00faltiples realizados aun cuando la cellisca es perceptible. <\/span><\/span><!--more--><\/p>\n<p><span id=\"fbPhotoSnowliftCaption\" class=\"fbPhotosPhotoCaption\" tabindex=\"0\" data-ft=\"{&quot;tn&quot;:&quot;K&quot;}\"><span class=\"hasCaption\">Horas m\u00e1s tarde estas huellas desparecer\u00edan con el pisoteo continuo de ni\u00f1os alborotados tratando de construir mu\u00f1ecos de<span class=\"text_exposed_show\"> nieve.<\/p>\n<p>Esta estampa invernal entra\u00f1a un ambiente navide\u00f1o bastante m\u00e1s conseguido que las luminarias instaladas este a\u00f1o en la calle Real. Y es que hay que manifestar, a m\u00ed parecer, el escaso gusto est\u00e9tico de quien haya elegido las guirnaldas luminosas que nos invitan a \u201cconsumir\u201d durante la Navidad.<\/p>\n<p>Disfrutando de la fotograf\u00eda, cortes\u00eda de Antonio S\u00e1nchez, me pregunto: \u00bfacabar\u00e1n alg\u00fan d\u00eda los privilegios?<\/span><\/span><\/span><\/p>\n<p><span id=\"fbPhotoSnowliftCaption\" class=\"fbPhotosPhotoCaption\" tabindex=\"0\" data-ft=\"{&quot;tn&quot;:&quot;K&quot;}\"><span class=\"hasCaption\"><span class=\"text_exposed_show\"><a href=\"https:\/\/i0.wp.com\/miradordeatarfe.es\/wp-content\/uploads\/2016\/12\/nav.jpg?ssl=1\"><img data-recalc-dims=\"1\" loading=\"lazy\" decoding=\"async\" class=\"alignnone size-full wp-image-13141\" src=\"https:\/\/i0.wp.com\/miradordeatarfe.es\/wp-content\/uploads\/2016\/12\/nav.jpg?resize=640%2C894&#038;ssl=1\" alt=\"\" width=\"640\" height=\"894\" srcset=\"https:\/\/i0.wp.com\/miradordeatarfe.es\/wp-content\/uploads\/2016\/12\/nav.jpg?w=687&amp;ssl=1 687w, https:\/\/i0.wp.com\/miradordeatarfe.es\/wp-content\/uploads\/2016\/12\/nav.jpg?resize=215%2C300&amp;ssl=1 215w, https:\/\/i0.wp.com\/miradordeatarfe.es\/wp-content\/uploads\/2016\/12\/nav.jpg?resize=600%2C838&amp;ssl=1 600w\" sizes=\"auto, (max-width: 640px) 100vw, 640px\" \/><\/a><\/p>\n<p>Curiosidades elvirenses<\/span><\/span><\/span><\/p>\n<p>&nbsp;<\/p>\n","protected":false},"excerpt":{"rendered":"<p>Se acerca el invierno y con \u00e9l las navidades. La fotograf\u00eda, a\u00f1os setenta del siglo&#8230;<\/p>\n","protected":false},"author":1,"featured_media":13142,"comment_status":"closed","ping_status":"closed","sticky":false,"template":"","format":"standard","meta":{"_coblocks_attr":"","_coblocks_dimensions":"","_coblocks_responsive_height":"","_coblocks_accordion_ie_support":"","jetpack_post_was_ever_published":false,"_jetpack_newsletter_access":"","_jetpack_dont_email_post_to_subs":false,"_jetpack_newsletter_tier_id":0,"_jetpack_memberships_contains_paywalled_content":false,"_jetpack_memberships_contains_paid_content":false,"footnotes":"","jetpack_publicize_message":"","jetpack_publicize_feature_enabled":true,"jetpack_social_post_already_shared":false,"jetpack_social_options":{"image_generator_settings":{"template":"highway","default_image_id":0,"enabled":false},"version":2}},"categories":[2,1225,186,38,44,15],"tags":[2358,1826,2053],"class_list":["post-13140","post","type-post","status-publish","format-standard","has-post-thumbnail","hentry","category-atarfe","category-ha-de-atarfe","category-instituciones","category-opinion-de-jose-enrique-granados","category-noticias-de-hoy","category-ultimas-noticias","tag-luces","tag-navidad","tag-nieve"],"jetpack_publicize_connections":[],"jetpack_featured_media_url":"https:\/\/i0.wp.com\/miradordeatarfe.es\/wp-content\/uploads\/2016\/12\/luces1.jpg?fit=539%2C960&ssl=1","jetpack_likes_enabled":true,"jetpack_sharing_enabled":true,"_links":{"self":[{"href":"https:\/\/miradordeatarfe.es\/index.php?rest_route=\/wp\/v2\/posts\/13140","targetHints":{"allow":["GET"]}}],"collection":[{"href":"https:\/\/miradordeatarfe.es\/index.php?rest_route=\/wp\/v2\/posts"}],"about":[{"href":"https:\/\/miradordeatarfe.es\/index.php?rest_route=\/wp\/v2\/types\/post"}],"author":[{"embeddable":true,"href":"https:\/\/miradordeatarfe.es\/index.php?rest_route=\/wp\/v2\/users\/1"}],"replies":[{"embeddable":true,"href":"https:\/\/miradordeatarfe.es\/index.php?rest_route=%2Fwp%2Fv2%2Fcomments&post=13140"}],"version-history":[{"count":2,"href":"https:\/\/miradordeatarfe.es\/index.php?rest_route=\/wp\/v2\/posts\/13140\/revisions"}],"predecessor-version":[{"id":36440,"href":"https:\/\/miradordeatarfe.es\/index.php?rest_route=\/wp\/v2\/posts\/13140\/revisions\/36440"}],"wp:featuredmedia":[{"embeddable":true,"href":"https:\/\/miradordeatarfe.es\/index.php?rest_route=\/wp\/v2\/media\/13142"}],"wp:attachment":[{"href":"https:\/\/miradordeatarfe.es\/index.php?rest_route=%2Fwp%2Fv2%2Fmedia&parent=13140"}],"wp:term":[{"taxonomy":"category","embeddable":true,"href":"https:\/\/miradordeatarfe.es\/index.php?rest_route=%2Fwp%2Fv2%2Fcategories&post=13140"},{"taxonomy":"post_tag","embeddable":true,"href":"https:\/\/miradordeatarfe.es\/index.php?rest_route=%2Fwp%2Fv2%2Ftags&post=13140"}],"curies":[{"name":"wp","href":"https:\/\/api.w.org\/{rel}","templated":true}]}}