{"id":13150,"date":"2016-12-22T06:29:56","date_gmt":"2016-12-22T05:29:56","guid":{"rendered":"http:\/\/miradordeatarfe.es\/?p=13150"},"modified":"2016-12-20T12:32:47","modified_gmt":"2016-12-20T11:32:47","slug":"como-elegir-un-buen-jamon","status":"publish","type":"post","link":"https:\/\/miradordeatarfe.es\/?p=13150","title":{"rendered":"\u00bfC\u00f3mo elegir un buen jam\u00f3n?"},"content":{"rendered":"<div id=\"tamano\">\n<p>El jam\u00f3n es un producto universal. \u00abUn alimento que gusta a todas las edades y todas las culturas del mundo. Y que se exporta a 80 pa\u00edses de los cinco continentes\u00bb, como asegura Jes\u00fas Ventanas, catedr\u00e1tico y director del Servicio de Innovaci\u00f3n en Productos de Origen Animal de la Universidad de Extremadura y uno de los mayores expertos mundiales en jam\u00f3n ib\u00e9rico.<\/p>\n<p><!--more--><\/p>\n<p>Pero aunque es muy sencillo de comer, <strong>no es tan f\u00e1cil saber lo que comemos ni escoger un buen jam\u00f3n&#8230;<\/strong> que se ajuste a nuestro bolsillo.<\/p>\n<p>Lo primero que debemos saber es que, despu\u00e9s de la \u00faltima modificaci\u00f3n de la normativa realizada en enero por el Ministerio de Agricultura, alimentaci\u00f3n y Medio Ambiente que dirige Miguel Arias Ca\u00f1ete, existen tres tipos diferentes de jam\u00f3n, dos de jam\u00f3n ib\u00e9rico, llamados de cebo y de bellota, y el jam\u00f3n serrano. Y, dentro del Ib\u00e9rico, <strong>hay que distinguir tambi\u00e9n entre el 100% ib\u00e9rico<\/strong>, procedente de animales de raza ib\u00e9rica pura, y el ib\u00e9rico, que permite hasta un 50% de cruce de otras razas con la ib\u00e9rica.<\/p>\n<p>La denominaci\u00f3n jam\u00f3n serrano est\u00e1 amparada por la Uni\u00f3n Europea y no restringe el uso de ninguna raza de cerdo en particular. De hecho, como no se trata de una denominaci\u00f3n restrictiva en ninguno de los aspectos fundamentales, en China ya han comenzado a producir y comercializar jam\u00f3n serrano.<\/p>\n<p>Hay tres aspectos clave que determinan la calidad del jam\u00f3n y tambi\u00e9n su precio final: la gen\u00e9tica del animal, el tiempo de curaci\u00f3n del producto y la alimentaci\u00f3n que recibe el animal durante los \u00faltimos 60 d\u00edas de vida. En la cara externa del jam\u00f3n aparece marcado a fuego o con tinta un n\u00famero que indica la semana y el a\u00f1o de inicio de la curaci\u00f3n. \u00abEste es un factor determinante sobre todo para el jam\u00f3n serrano, ya que marca la categor\u00eda de \u00e9ste: de bodega, 9 meses; de reserva 12 meses; y de gran reserva, 15 meses\u00bb, seg\u00fan Ventanas. \u00abPero tambi\u00e9n es cr\u00edtico en los ib\u00e9ricos, en los de cebo suele ser 20-24 meses y en los de bellota 30-36 meses. <strong>Un periodo tan largo es imprescindible para que el aroma del jam\u00f3n serrano pase a adquirir un matiz a\u00f1ejo<\/strong>, el ib\u00e9rico de cebo un matiz menos rancio y m\u00e1s a curado y en el ib\u00e9rico de bellota a tostado, malteado y a frutos secos, como la avellana\u00bb, detalla el investigador de la Universidad de Extremadura.<\/p>\n<h3>La montanera en la dehesa, clave para el sabor<\/h3>\n<p>La alimentaci\u00f3n que ha recibido el animal queda determinada por las denominaciones &#8216;de cebo&#8217;, para animales que han sido alimentados con piensos y normalmente en ganader\u00eda intensiva, y &#8216;de bellota&#8217; para aquellos animales que han hecho la <strong>montanera durante dos meses<\/strong> y se han alimentado de bellotas y hierba en fincas abiertas y con grandes espacios para desplazarse. Dentro de la categor\u00eda &#8216;de cebo&#8217; tambi\u00e9n hay una matizaci\u00f3n llamada cebo de campo si el animal no ha estado estabulado y dispone de un terreno para poder caminar.<\/p>\n<p>\u00abEn la cara externa del jam\u00f3n debemos reparar en la grasa que recubre la superficie. Si nos fijamos veremos que hay una diferencia evidente. En el jam\u00f3n Serrano es dura (consistente) y en el jam\u00f3n ib\u00e9rico, de cebo y de bellota, es m\u00e1s blanda y fluida, gotea y es frecuente que se le coloquen los &#8216;llorones&#8217; para recogerla. Esta fluidez caracter\u00edstica de la grasa es particularmente relevante para la calidad de los jamones ib\u00e9ricos\u00bb, explica Jes\u00fas Ventanas.<\/p>\n<p>Ventanas y su equipo llevan 25 a\u00f1os trabajando para establecer el porqu\u00e9 de la calidad diferenciada de los distintos jamones ib\u00e9ricos curados. \u00abMediante catadores entrenados se han constatado <strong>importantes mejoras en la calidad de los jamones ib\u00e9ricos de cebo a trav\u00e9s de la alimentaci\u00f3n con piensos engrasados oleicos<\/strong>, que incrementan la fluidez y la impregnaci\u00f3n de la grasa pero que en ning\u00fan caso consiguen el aroma intenso, persistente y caracter\u00edstico de los jamones de bellota\u00bb, dice Ventanas.<\/p>\n<p>Hace poco m\u00e1s de un a\u00f1o, un grupo internacional de cient\u00edficos <a href=\"http:\/\/www.elmundo.es\/elmundo\/2012\/11\/14\/ciencia\/1352915277.html\">descodificaba el genoma del cerdo<\/a>, pero cada raza tiene sus propias peculiaridades que le confieres un sabor diferente a cada producto derivado de ellos. Miguel P\u00e9rez Enciso, cient\u00edfico de la Universidad Aut\u00f3noma de Barcelona y uno de los autores de aquel trabajo, y su equipo llevan a\u00f1os rastreando las peculiaridades gen\u00e9ticas del cerdo ib\u00e9rico y est\u00e1n a punto de publicar una secuencia completa de la raza de cerdo ib\u00e9rico puro. Seg\u00fan asegura el propio investigador, aquella secuencia gen\u00e9rica del cerdo sugiere que hay genes del cerdo ib\u00e9rico que han estado sujetos a procesos de selecci\u00f3n propios, entre ellos algunos relacionados con el metabolismo de las grasas. Y precisamente en el balance tan peculiar de los l\u00edpidos residen algunos de los secretos mejor guardados del jam\u00f3n de pata negra.<\/p>\n<p><a href=\"http:\/\/www.elmundo.es\/elmundo\/2013\/02\/12\/natura\/1360698112.html\">http:\/\/www.elmundo.es\/elmundo\/2013\/02\/12\/natura\/1360698112.html<\/a><\/p>\n<\/div>\n<p>&nbsp;<\/p>\n","protected":false},"excerpt":{"rendered":"<p>El jam\u00f3n es un producto universal. \u00abUn alimento que gusta a todas las edades y&#8230;<\/p>\n","protected":false},"author":1,"featured_media":13151,"comment_status":"closed","ping_status":"closed","sticky":false,"template":"","format":"standard","meta":{"_coblocks_attr":"","_coblocks_dimensions":"","_coblocks_responsive_height":"","_coblocks_accordion_ie_support":"","jetpack_post_was_ever_published":false,"_jetpack_newsletter_access":"","_jetpack_dont_email_post_to_subs":false,"_jetpack_newsletter_tier_id":0,"_jetpack_memberships_contains_paywalled_content":false,"_jetpack_memberships_contains_paid_content":false,"footnotes":"","jetpack_publicize_message":"","jetpack_publicize_feature_enabled":true,"jetpack_social_post_already_shared":false,"jetpack_social_options":{"image_generator_settings":{"template":"highway","default_image_id":0,"enabled":false},"version":2}},"categories":[186,9,44,15],"tags":[3342,1722],"class_list":["post-13150","post","type-post","status-publish","format-standard","has-post-thumbnail","hentry","category-instituciones","category-medio-ambiente","category-noticias-de-hoy","category-ultimas-noticias","tag-bellota","tag-jamon"],"jetpack_publicize_connections":[],"jetpack_featured_media_url":"https:\/\/i0.wp.com\/miradordeatarfe.es\/wp-content\/uploads\/2016\/12\/JAMON.jpg?fit=470%2C313&ssl=1","jetpack_likes_enabled":true,"jetpack_sharing_enabled":true,"_links":{"self":[{"href":"https:\/\/miradordeatarfe.es\/index.php?rest_route=\/wp\/v2\/posts\/13150","targetHints":{"allow":["GET"]}}],"collection":[{"href":"https:\/\/miradordeatarfe.es\/index.php?rest_route=\/wp\/v2\/posts"}],"about":[{"href":"https:\/\/miradordeatarfe.es\/index.php?rest_route=\/wp\/v2\/types\/post"}],"author":[{"embeddable":true,"href":"https:\/\/miradordeatarfe.es\/index.php?rest_route=\/wp\/v2\/users\/1"}],"replies":[{"embeddable":true,"href":"https:\/\/miradordeatarfe.es\/index.php?rest_route=%2Fwp%2Fv2%2Fcomments&post=13150"}],"version-history":[{"count":1,"href":"https:\/\/miradordeatarfe.es\/index.php?rest_route=\/wp\/v2\/posts\/13150\/revisions"}],"predecessor-version":[{"id":13152,"href":"https:\/\/miradordeatarfe.es\/index.php?rest_route=\/wp\/v2\/posts\/13150\/revisions\/13152"}],"wp:featuredmedia":[{"embeddable":true,"href":"https:\/\/miradordeatarfe.es\/index.php?rest_route=\/wp\/v2\/media\/13151"}],"wp:attachment":[{"href":"https:\/\/miradordeatarfe.es\/index.php?rest_route=%2Fwp%2Fv2%2Fmedia&parent=13150"}],"wp:term":[{"taxonomy":"category","embeddable":true,"href":"https:\/\/miradordeatarfe.es\/index.php?rest_route=%2Fwp%2Fv2%2Fcategories&post=13150"},{"taxonomy":"post_tag","embeddable":true,"href":"https:\/\/miradordeatarfe.es\/index.php?rest_route=%2Fwp%2Fv2%2Ftags&post=13150"}],"curies":[{"name":"wp","href":"https:\/\/api.w.org\/{rel}","templated":true}]}}