{"id":13171,"date":"2016-12-25T10:16:00","date_gmt":"2016-12-25T09:16:00","guid":{"rendered":"http:\/\/miradordeatarfe.es\/?p=13171"},"modified":"2016-12-23T10:03:47","modified_gmt":"2016-12-23T09:03:47","slug":"capitalidad-cultural-2031","status":"publish","type":"post","link":"https:\/\/miradordeatarfe.es\/?p=13171","title":{"rendered":"GRANADA: Capitalidad Cultural 2031"},"content":{"rendered":"<div class=\"cuerpo\">\n<p>Estando, como estamos, en una fase muy inicial del lanzamiento de la candidatura de Granada como Capital europea de la Cultura en el a\u00f1o 2031, es conveniente se\u00f1alar algunas claves que permitan que los primeros pasos sean firmes y s\u00f3lidos.<\/p>\n<p><!--more--><\/p>\n<p>Sobre la base de que los procesos de lanzamiento de las candidaturas de las ciudades para la obtenci\u00f3n de la capitalidad cultural han sido, en general, buenos proyectos para aqu\u00e9llas que se han presentado a la misma, fundamentalmente, porque han posibilitado o fortalecido una visi\u00f3n de la cultura como recurso para la ciudad, en t\u00e9rminos de proyecci\u00f3n, imagen e incluso riqueza, y porque han obligado\u00a0 a la puesta en marcha de iniciativas de diverso tipo, como comisiones y debates \u00a0ciudadanos, \u00a0proyectos de mejora y optimizaci\u00f3n de equipamientos, programaciones especiales, etc.<\/p>\n<p>El lanzamiento de una candidatura exige que las ciudades pongan al d\u00eda todos sus recursos culturales: infraestructuras, equipamientos, tejido econ\u00f3mico, empresas culturales, gestores culturales, artistas\u00a0 y p\u00fablicos potenciales. Actividad que genera, sin duda, cohesi\u00f3n ciudadana y visi\u00f3n de futuro. Adem\u00e1s, la candidatura obliga a combinar planificaci\u00f3n urbana con proyecto cultural y a formular por tanto las necesidades de equipamientos culturales desde el punto de vista de la planificaci\u00f3n de la propia ciudad. Permite reformular una visi\u00f3n de la ciudad como ciudad de la cultura, y a planificar sobre esa base de objetivos, compromisos y retos.<\/p>\n<p>Los compromisos que las ciudades deben asumir para presentar su candidatura, sobre todo, la necesaria movilizaci\u00f3n social, obligan a las ciudades y a sus diversos actores pol\u00edticos y sociales a priorizar, concertar con las instituciones p\u00fablicas y privadas y a generar un clima de consenso en torno a la candidatura.<\/p>\n<p>La puesta en marcha de un proyecto como \u00e9ste exige, en primer lugar, una aportaci\u00f3n de recursos p\u00fablicos relevantes. Junto a ello, la m\u00e1xima concertaci\u00f3n con las instituciones para obtener proyectos de inversi\u00f3n, acompa\u00f1ada de imaginaci\u00f3n para dise\u00f1ar programas coherentes con la filosof\u00eda del proyecto, y lo m\u00e1s importante, el apoyo del tejido econ\u00f3mico y empresarial de la ciudad, y el apoyo social, muy relevante.<\/p>\n<p>Pero teniendo en cuenta que la designaci\u00f3n de la capitalidad se realiza competitivamente, los primeros pasos y la credibilidad del proyecto, al inicio, son fundamentales. Por ello, s\u00f3lo cabe saludar la reuni\u00f3n mantenida estos d\u00edas pasados, y considerarla un primer paso, pues va a permitir \u00a0poder movilizar recursos humanos, y contar con apoyos relevantes que den apoyo a la m\u00e1xima representaci\u00f3n de la ciudad. Debe permitir avanzar en credibilidad para que el tejido econ\u00f3mico, sobre todo el vinculado con el turismo, pero tambi\u00e9n otros sectores como las infraestructuras, vean oportunidades. Credibilidad para conseguir apoyos pol\u00edticos e institucionales estables, que duda cabe que la presencia de Junta de Andaluc\u00eda, \u00a0Diputaci\u00f3n y Universidad es un espaldarazo. Respaldo del tejido cultural, de los artistas y de los creadores. Implicaci\u00f3n ciudadana que debe tener adem\u00e1s un fuerte componente de voluntariado como recurso imprescindible.<\/p>\n<p>Vayamos sumando ideas, propuestas, proyectos, y tambi\u00e9n personas, colectivos, instituciones. Y vayamos haci\u00e9ndolo con esp\u00edritu constructivo y car\u00e1cter integrador.<\/p>\n<\/div>\n<p>http:\/\/www.elindependientedegranada.es\/blog\/capitalidad-cultural-2031<\/p>\n<div><\/div>\n","protected":false},"excerpt":{"rendered":"<p>Estando, como estamos, en una fase muy inicial del lanzamiento de la candidatura de Granada&#8230;<\/p>\n","protected":false},"author":1,"featured_media":13172,"comment_status":"closed","ping_status":"closed","sticky":false,"template":"","format":"standard","meta":{"_coblocks_attr":"","_coblocks_dimensions":"","_coblocks_responsive_height":"","_coblocks_accordion_ie_support":"","jetpack_post_was_ever_published":false,"_jetpack_newsletter_access":"","_jetpack_dont_email_post_to_subs":false,"_jetpack_newsletter_tier_id":0,"_jetpack_memberships_contains_paywalled_content":false,"_jetpack_memberships_contains_paid_content":false,"footnotes":"","jetpack_publicize_message":"","jetpack_publicize_feature_enabled":true,"jetpack_social_post_already_shared":false,"jetpack_social_options":{"image_generator_settings":{"template":"highway","default_image_id":0,"enabled":false},"version":2}},"categories":[12,186,44,15],"tags":[3349,1053],"class_list":["post-13171","post","type-post","status-publish","format-standard","has-post-thumbnail","hentry","category-cultura","category-instituciones","category-noticias-de-hoy","category-ultimas-noticias","tag-capital-cultural","tag-europa"],"jetpack_publicize_connections":[],"jetpack_featured_media_url":"https:\/\/i0.wp.com\/miradordeatarfe.es\/wp-content\/uploads\/2016\/12\/capitalidad-europea-de-la-cultura-667x325.jpg?fit=667%2C325&ssl=1","jetpack_likes_enabled":true,"jetpack_sharing_enabled":true,"_links":{"self":[{"href":"https:\/\/miradordeatarfe.es\/index.php?rest_route=\/wp\/v2\/posts\/13171","targetHints":{"allow":["GET"]}}],"collection":[{"href":"https:\/\/miradordeatarfe.es\/index.php?rest_route=\/wp\/v2\/posts"}],"about":[{"href":"https:\/\/miradordeatarfe.es\/index.php?rest_route=\/wp\/v2\/types\/post"}],"author":[{"embeddable":true,"href":"https:\/\/miradordeatarfe.es\/index.php?rest_route=\/wp\/v2\/users\/1"}],"replies":[{"embeddable":true,"href":"https:\/\/miradordeatarfe.es\/index.php?rest_route=%2Fwp%2Fv2%2Fcomments&post=13171"}],"version-history":[{"count":2,"href":"https:\/\/miradordeatarfe.es\/index.php?rest_route=\/wp\/v2\/posts\/13171\/revisions"}],"predecessor-version":[{"id":13174,"href":"https:\/\/miradordeatarfe.es\/index.php?rest_route=\/wp\/v2\/posts\/13171\/revisions\/13174"}],"wp:featuredmedia":[{"embeddable":true,"href":"https:\/\/miradordeatarfe.es\/index.php?rest_route=\/wp\/v2\/media\/13172"}],"wp:attachment":[{"href":"https:\/\/miradordeatarfe.es\/index.php?rest_route=%2Fwp%2Fv2%2Fmedia&parent=13171"}],"wp:term":[{"taxonomy":"category","embeddable":true,"href":"https:\/\/miradordeatarfe.es\/index.php?rest_route=%2Fwp%2Fv2%2Fcategories&post=13171"},{"taxonomy":"post_tag","embeddable":true,"href":"https:\/\/miradordeatarfe.es\/index.php?rest_route=%2Fwp%2Fv2%2Ftags&post=13171"}],"curies":[{"name":"wp","href":"https:\/\/api.w.org\/{rel}","templated":true}]}}