{"id":13196,"date":"2016-12-23T09:27:23","date_gmt":"2016-12-23T08:27:23","guid":{"rendered":"http:\/\/miradordeatarfe.es\/?p=13196"},"modified":"2016-12-20T18:30:45","modified_gmt":"2016-12-20T17:30:45","slug":"senorias-nos-estan-asesinando-por-ser-mujeres","status":"publish","type":"post","link":"https:\/\/miradordeatarfe.es\/?p=13196","title":{"rendered":"Se\u00f1or\u00edas, nos est\u00e1n asesinando por ser mujeres"},"content":{"rendered":"<p>El pasado 30 de noviembre se constituy\u00f3 una subcomisi\u00f3n, dentro de la Comisi\u00f3n de Igualdad del Congreso, para avanzar en la erradicaci\u00f3n de las violencias machistas.<!--more--><\/p>\n<p>El compromiso adquirido es que en cuatro meses, a partir de su puesta en marcha, eleve el informe correspondiente para que en junio se pueda acordar el Pacto de Estado contra la violencia de g\u00e9nero.<\/p>\n<p><strong>Cuartopoder.es<\/strong>\u00a0inform\u00f3 de <a href=\"https:\/\/www.cuartopoder.es\/islamujeres\/2016\/11\/25\/violencias-machistas-todo-esta-por-hacer\/967\">los aspectos m\u00e1s importantes<\/a> que se pretenden incorporar a este acuerdo: mayor financiaci\u00f3n para luchar contra las violencias machistas desde todas las administraciones; atenci\u00f3n y reparaci\u00f3n a las mujeres v\u00edctimas y a sus descendientes, asegurando su protecci\u00f3n econ\u00f3mica; formaci\u00f3n en igualdad\u00a0 y violencia machista; m\u00e1s y mejor actuaci\u00f3n de las unidades de coordinaci\u00f3n y que en los juzgados especializados haya mayor protecci\u00f3n y seguridad de las v\u00edctimas; estudiar protocolos de intervenci\u00f3n cuando se retiras las denuncias\u2026 y cambiar la legislaci\u00f3n, para ampliar la cobertura de la legislaci\u00f3n vigente (de la\u00a0Ley Org\u00e1nica 1\/2004, de 28 de diciembre, de Medidas de Protecci\u00f3n Integral contra la Violencia de G\u00e9nero) a v\u00edctimas de otras violencias machistas ejercidas contra las mujeres.<\/p>\n<p>Tambi\u00e9n en anteriores ocasiones trasladamos la reivindicaci\u00f3n de la Plataforma 7N y otras organizaciones feministas de reconocer la violencia que sufren las mujeres como cuesti\u00f3n de estado, para elevar la denuncia de estas violencias a un lugar superior al actual, donde la repulsa a los maltratadores sea efectiva, y producir\u00eda el rechazo a las manifestaciones de violencia desde todos los \u00e1mbitos, sin esperar a que se ejecuten esos asesinatos que no son m\u00e1s que el fruto de la impunidad que disfrutan los hombres que maltratan.<\/p>\n<p>Ese privilegio machista, hijo del hist\u00f3rico \u201cla mat\u00e9 porque era m\u00eda\u201d, es el que permite la cosificaci\u00f3n permanente de las mujeres, que cuando la denuncian son tratadas como menores de edad y sentido, como si su reclamaci\u00f3n fuera fruto de la \u201cpateleta\u201d. Por no ir muy lejos en el tiempo, un ejemplo es la cartelera Turia y su calendario er\u00f3tico con foto en portada de la Consellera de Sanidad valenciana, <strong>Carmen Mont\u00f3n<\/strong>. El mismo \u00a0privilegio que el de la C\u00e1mara Oficial de Comercio de Espa\u00f1a en Francia, celebrando su aniversario en Par\u00eds con mujeres semidesnudas, y no pasa nada. Al menos en Chile, la Presidenta <strong>Michelle Bachelet<\/strong> denunci\u00f3 que un dirigente empresarial regalara, en la cena anual de la Asociaci\u00f3n de Exportadores de Manufacturas (Asexma), una mu\u00f1eca hinchable a su ministro de Econom\u00eda, <strong>Luis Fernando C\u00e9spedes.\u00a0<\/strong><\/p>\n<p>Este desprecio a las mujeres en el \u00e1mbito p\u00fablico es un alimento fundamental de la violencia que se ejerce en el \u00e1mbito privado, olvidada ya la alarma que gener\u00f3 el v\u00eddeo del joven ucraniano de 22 a\u00f1os asestando un golpe tras otro a su pareja en el portal de su domicilio, que emitieron todas las cadenas de televisi\u00f3n una y otra vez. No gastaron muchos minutos de emisi\u00f3n para analizar con rigor las causas (el miedo) que lleva a la agredida a no denunciarlo. Una pena, porque se ha perdido la posibilidad de hacer pedagog\u00eda, y trasladar a la ciudadan\u00eda un mensaje contundente sobre las consecuencias psicol\u00f3gicas de la violencia sistem\u00e1tica en la pareja.<\/p>\n<p>Los <a href=\"http:\/\/www.unwomen.org\/es\/what-we-do\/ending-violence-against-women\/facts-and-figures\" target=\"_blank\" rel=\"nofollow\">datos<\/a> indican que una de cada tres mujeres, en el mundo, sufre violencia f\u00edsica y\/o sexual por parte de su pareja, o de otro hombre, en alg\u00fan momento de su vida, o que la violencia machista asesina y\/o incapacita a m\u00e1s mujeres que el c\u00e1ncer, la malaria y los accidentes de tr\u00e1fico juntos.<\/p>\n<p>En menos de 72 horas, cuatro hombres han asesinado a cuatro mujeres en Vigo, Santiago, La Pobla de Mafumet (Tarragona) y Barcelona. Ellas ten\u00edan 25, 30, 44 y 57 a\u00f1os. Se llamaban Ana, Elena, Carmen y Victoria. Con estos antecedentes, quiz\u00e1s las mujeres esperaban algo m\u00e1s. Sin embargo, por mucho que griten que \u201cNos est\u00e1n asesinando\u201d, ni una declaraci\u00f3n oficial, ni una rueda de prensa, ni la ministra, ni el presidente, ni los principales l\u00edderes\u2026 como si no hubiera pasado nada.<\/p>\n<blockquote class=\"wp-embedded-content\" data-secret=\"GoktZgiBxe\"><p><a href=\"https:\/\/www.cuartopoder.es\/sociedad\/2016\/12\/19\/senorias-nos-estan-asesinando-por-ser-mujeres\/\">Se\u00f1or\u00edas, nos est\u00e1n asesinando por ser mujeres<\/a><\/p><\/blockquote>\n<p><iframe loading=\"lazy\" class=\"wp-embedded-content\" sandbox=\"allow-scripts\" security=\"restricted\" style=\"position: absolute; visibility: hidden;\" title=\"\u00abSe\u00f1or\u00edas, nos est\u00e1n asesinando por ser mujeres\u00bb \u2014 Cuartopoder\" src=\"https:\/\/www.cuartopoder.es\/sociedad\/2016\/12\/19\/senorias-nos-estan-asesinando-por-ser-mujeres\/embed\/#?secret=GoktZgiBxe\" data-secret=\"GoktZgiBxe\" width=\"600\" height=\"338\" frameborder=\"0\" marginwidth=\"0\" marginheight=\"0\" scrolling=\"no\"><\/iframe><\/p>\n","protected":false},"excerpt":{"rendered":"<p>El pasado 30 de noviembre se constituy\u00f3 una subcomisi\u00f3n, dentro de la Comisi\u00f3n de Igualdad&#8230;<\/p>\n","protected":false},"author":1,"featured_media":13198,"comment_status":"closed","ping_status":"closed","sticky":false,"template":"","format":"standard","meta":{"_coblocks_attr":"","_coblocks_dimensions":"","_coblocks_responsive_height":"","_coblocks_accordion_ie_support":"","jetpack_post_was_ever_published":false,"_jetpack_newsletter_access":"","_jetpack_dont_email_post_to_subs":false,"_jetpack_newsletter_tier_id":0,"_jetpack_memberships_contains_paywalled_content":false,"_jetpack_memberships_contains_paid_content":false,"footnotes":"","jetpack_publicize_message":"","jetpack_publicize_feature_enabled":true,"jetpack_social_post_already_shared":false,"jetpack_social_options":{"image_generator_settings":{"template":"highway","default_image_id":0,"enabled":false},"version":2}},"categories":[1161,14,44,15],"tags":[3354,77],"class_list":["post-13196","post","type-post","status-publish","format-standard","has-post-thumbnail","hentry","category-ciudadania","category-feminismo","category-noticias-de-hoy","category-ultimas-noticias","tag-asesinatos-de-mujeres","tag-violencia"],"jetpack_publicize_connections":[],"jetpack_featured_media_url":"https:\/\/i0.wp.com\/miradordeatarfe.es\/wp-content\/uploads\/2016\/12\/contra-violencia-machista-768x432.jpeg?fit=768%2C432&ssl=1","jetpack_likes_enabled":true,"jetpack_sharing_enabled":true,"_links":{"self":[{"href":"https:\/\/miradordeatarfe.es\/index.php?rest_route=\/wp\/v2\/posts\/13196","targetHints":{"allow":["GET"]}}],"collection":[{"href":"https:\/\/miradordeatarfe.es\/index.php?rest_route=\/wp\/v2\/posts"}],"about":[{"href":"https:\/\/miradordeatarfe.es\/index.php?rest_route=\/wp\/v2\/types\/post"}],"author":[{"embeddable":true,"href":"https:\/\/miradordeatarfe.es\/index.php?rest_route=\/wp\/v2\/users\/1"}],"replies":[{"embeddable":true,"href":"https:\/\/miradordeatarfe.es\/index.php?rest_route=%2Fwp%2Fv2%2Fcomments&post=13196"}],"version-history":[{"count":1,"href":"https:\/\/miradordeatarfe.es\/index.php?rest_route=\/wp\/v2\/posts\/13196\/revisions"}],"predecessor-version":[{"id":13197,"href":"https:\/\/miradordeatarfe.es\/index.php?rest_route=\/wp\/v2\/posts\/13196\/revisions\/13197"}],"wp:featuredmedia":[{"embeddable":true,"href":"https:\/\/miradordeatarfe.es\/index.php?rest_route=\/wp\/v2\/media\/13198"}],"wp:attachment":[{"href":"https:\/\/miradordeatarfe.es\/index.php?rest_route=%2Fwp%2Fv2%2Fmedia&parent=13196"}],"wp:term":[{"taxonomy":"category","embeddable":true,"href":"https:\/\/miradordeatarfe.es\/index.php?rest_route=%2Fwp%2Fv2%2Fcategories&post=13196"},{"taxonomy":"post_tag","embeddable":true,"href":"https:\/\/miradordeatarfe.es\/index.php?rest_route=%2Fwp%2Fv2%2Ftags&post=13196"}],"curies":[{"name":"wp","href":"https:\/\/api.w.org\/{rel}","templated":true}]}}