{"id":13209,"date":"2016-12-31T09:59:23","date_gmt":"2016-12-31T08:59:23","guid":{"rendered":"http:\/\/miradordeatarfe.es\/?p=13209"},"modified":"2016-12-20T19:06:36","modified_gmt":"2016-12-20T18:06:36","slug":"propuestas-ano-nuevo-debemos-adaptar-nuestros-horarios-para-ser-mas-competitivos","status":"publish","type":"post","link":"https:\/\/miradordeatarfe.es\/?p=13209","title":{"rendered":"PROPUESTAS A\u00d1O NUEVO: \u00bfDebemos adaptar nuestros horarios para ser m\u00e1s competitivos?"},"content":{"rendered":"<div class=\"row\">\n<div class=\"col-md-12 nill-singlecontent\">\n<div class=\"entradilla\">\n<p>Los horarios en Espa\u00f1a no aprovechan bien la luz solar y adem\u00e1s tenemos una de las jornadas laborales m\u00e1s largas de Europa. Puede que haya llegado la hora de tomar cartas en el asunto y racionalizar nuestros horarios.<!--more--><\/p>\n<\/div>\n<div id=\"HOTWordsTxt\">\n<p class=\"western\">Hace tan s\u00f3lo unos d\u00edas, <strong>Mariano Rajoy<\/strong> propuso el <strong>cambio de huso horario<\/strong> para que Espa\u00f1a se ajuste al correspondiente con el meridiano de Greenwich que marca la hora cero en el mundo, tambi\u00e9n conocida como GMT, igual\u00e1ndonos a pa\u00edses con nuestra misma situaci\u00f3n geogr\u00e1fica, como son Portugal y Reino Unido y abandonando el horario continental (GMT + 1), vigente actualmente en nuestro pa\u00eds, desde que en 1942, el General Franco decidiera el cambio para asemejarse al horario del III Reich Alem\u00e1n.<\/p>\n<p class=\"western\">Los husos horarios dividen el mundo en 24 partes. El <strong>meridiano de Greenwich<\/strong>, que pasa, entre otras provincias, por Huesca, Castell\u00f3n o Alicante, marca el centro del huso horario geogr\u00e1fico o solar que corresponde a Espa\u00f1a. Mantener la hora actual, GMT +1, supone utilizar de referente el meridiano que pasa por la frontera entre Alemania y Polonia, lo que significa una hora de retraso con respecto al sol en invierno y dos en verano.<\/p>\n<p class=\"western\">Esta recuperaci\u00f3n del huso horario GMT, deber\u00eda servir de catalizador para el resto de medidas propuestas, como la de promover un acuerdo pol\u00edtico para que<strong> la jornada laboral<\/strong> en Espa\u00f1a, con car\u00e1cter general, <strong>concluya a las 18.00 horas<\/strong>. En relaci\u00f3n con esta propuesta, se har\u00eda previo acuerdo con los agentes econ\u00f3micos y sociales y no afectar\u00eda ni a los servicios p\u00fablicos ni a aquellas empresas que dispongan de varios turnos, como el de tarde o el de noche.<\/p>\n<p class=\"western\">Ambas actuaciones se encuadrar\u00edan en el marco de una campa\u00f1a de concienciaci\u00f3n sobre las ventajas econ\u00f3micas y sociales de <strong>racionalizar los horarios y flexibilizar la jornada laboral.<\/strong> Evitando as\u00ed, que en Espa\u00f1a se siga trabajando m\u00e1s horas y pasando m\u00e1s tiempo en los lugares de trabajo que en los dem\u00e1s pa\u00edses de Europa.<\/p>\n<p class=\"western\" align=\"justify\">Ante esta propuesta del Gobierno en funciones hemos querido indagar sobre nuestra postura al respecto preguntando a<strong> 1.600 ciudadanos<\/strong> mayores de 16 a\u00f1os, procedentes de distintos rincones de la geograf\u00eda espa\u00f1ola, para que nos dijeran <strong>qu\u00e9 les parecer\u00eda cambiar la hora y fijar un l\u00edmite temporal en nuestra jornada laboral.<\/strong><\/p>\n<p class=\"western\" align=\"justify\">Lo primero que hay que decir a tenor de los resultados es que tan s\u00f3lo un correcto <strong>15\u20191 %<\/strong> de los espa\u00f1oles <strong>prefieren mantener las cosas tal cual est\u00e1n ahora.<\/strong><\/p>\n<p class=\"western\" align=\"justify\">Es verdad que para un peque\u00f1o <strong>13\u20199 %<\/strong> de los encuestados, lo ideal ser\u00eda <strong>establecer el final de la jornada en la 18 horas de media pero sin tocar el huso horario vigente<\/strong>. Mientras que un buen <strong>26\u20194 %<\/strong> de los espa\u00f1oles opina justo al rev\u00e9s: <strong>se deber\u00eda ajustar el horario al del meridiano de Greenwich, pero sin tocar la jornada laboral.<\/strong><\/p>\n<p class=\"western\" align=\"justify\">Para la mayor\u00eda de los ciudadanos, un concluyente <strong>44\u20196 %<\/strong> de los encuestados, lo mejor ser\u00eda <strong>acometer ambas reformas<\/strong> y racionalizar, de una vez por todas, nuestros at\u00edpicos horarios.<\/p>\n<\/div>\n<div class=\"col-md-12 nill-singlecontent\">\n<div id=\"texto-graph_1\" class=\"texto-graph\">\n<p class=\"western\" align=\"justify\">Al segmentar a los entrevistados seg\u00fan su <strong>edad<\/strong>, vemos que <strong>la mayor\u00eda est\u00e1 a favor de las reformas<\/strong> pero tambi\u00e9n que, para los <strong>ciudadanos mayores de 60 a\u00f1os<\/strong> , su primera opci\u00f3n, con un alto <strong>42\u20192 %<\/strong> de los votos, es la que <strong>acepta el ajuste en el huso horario pero sin imponer un tope para el final de la jornada laboral.<\/strong><\/p>\n<p class=\"western\" align=\"justify\">Cuando dividimos los resultados fij\u00e1ndonos en el <strong>nivel de estudios<\/strong> de los individuos que han participado en la encuesta, observamos que para las personas que han cursado<strong> hasta el graduado escolar<\/strong> como m\u00e1ximo, la alternativa que acapara m\u00e1s apoyos, un notable <strong>38\u20197 %<\/strong> de los votos, es la que defiende<strong> un cambio de huso horario sin tocar la jornada laboral<\/strong>. Sin embargo, en el resto de grupos segmentados se impone con claridad la opci\u00f3n que apoya esta doble propuesta racionalizadora de horarios del actual Gobierno.<\/p>\n<\/div>\n<\/div>\n<\/div>\n<\/div>\n<div class=\"row\">\n<div class=\"showbiz-container fullwidth nopaddings grafico\">\n<div class=\"col-lg-8 titulograph\">\n<div class=\"titulograph-res\">\n<div class=\"col-md-12 nill-singlecontent conclusiones\">\n<p>Por una vez y sin que sirva de precedente, la <strong>propuesta de Mariano Rajoy recibe un alt\u00edsimo consenso<\/strong> entre la ciudadan\u00eda. Est\u00e1 claro que, qui\u00e9n m\u00e1s qui\u00e9n menos, percibe el desfase de nuestro horario con la horas de luz solar y envidia, secretamente, a esos europeos que acaban su jornada laboral a las cinco o las seis de la tarde para volver a sus hogares y conciliar as\u00ed su trabajo con la vida familiar.<\/p>\n<p>Quiz\u00e1s se podr\u00eda dar un primer paso ajustando por ley, el huso horario al del meridiano de Greenwich para, posteriormente, consensuar con los sindicatos y empresarios ese posible tope de las 18\u201900 horas como t\u00e9rmino medio de la jornada laboral en Espa\u00f1a.<\/p>\n<p><a href=\"http:\/\/www.encuestamos.com\/horarios-mas-competitivos\/\">http:\/\/www.encuestamos.com\/horarios-mas-competitivos\/<\/a><\/p>\n<\/div>\n<\/div>\n<\/div>\n<\/div>\n<\/div>\n","protected":false},"excerpt":{"rendered":"<p>Los horarios en Espa\u00f1a no aprovechan bien la luz solar y adem\u00e1s tenemos una de&#8230;<\/p>\n","protected":false},"author":1,"featured_media":13210,"comment_status":"closed","ping_status":"closed","sticky":false,"template":"","format":"standard","meta":{"_coblocks_attr":"","_coblocks_dimensions":"","_coblocks_responsive_height":"","_coblocks_accordion_ie_support":"","jetpack_post_was_ever_published":false,"_jetpack_newsletter_access":"","_jetpack_dont_email_post_to_subs":false,"_jetpack_newsletter_tier_id":0,"_jetpack_memberships_contains_paywalled_content":false,"_jetpack_memberships_contains_paid_content":false,"footnotes":"","jetpack_publicize_message":"","jetpack_publicize_feature_enabled":true,"jetpack_social_post_already_shared":false,"jetpack_social_options":{"image_generator_settings":{"template":"highway","default_image_id":0,"enabled":false},"version":2}},"categories":[1161,186,44,15],"tags":[3359,3357,3358],"class_list":["post-13209","post","type-post","status-publish","format-standard","has-post-thumbnail","hentry","category-ciudadania","category-instituciones","category-noticias-de-hoy","category-ultimas-noticias","tag-cambios-de-horario","tag-fin-de-ano","tag-uso-horario"],"jetpack_publicize_connections":[],"jetpack_featured_media_url":"https:\/\/i0.wp.com\/miradordeatarfe.es\/wp-content\/uploads\/2016\/12\/reloj.jpg?fit=1200%2C479&ssl=1","jetpack_likes_enabled":true,"jetpack_sharing_enabled":true,"_links":{"self":[{"href":"https:\/\/miradordeatarfe.es\/index.php?rest_route=\/wp\/v2\/posts\/13209","targetHints":{"allow":["GET"]}}],"collection":[{"href":"https:\/\/miradordeatarfe.es\/index.php?rest_route=\/wp\/v2\/posts"}],"about":[{"href":"https:\/\/miradordeatarfe.es\/index.php?rest_route=\/wp\/v2\/types\/post"}],"author":[{"embeddable":true,"href":"https:\/\/miradordeatarfe.es\/index.php?rest_route=\/wp\/v2\/users\/1"}],"replies":[{"embeddable":true,"href":"https:\/\/miradordeatarfe.es\/index.php?rest_route=%2Fwp%2Fv2%2Fcomments&post=13209"}],"version-history":[{"count":2,"href":"https:\/\/miradordeatarfe.es\/index.php?rest_route=\/wp\/v2\/posts\/13209\/revisions"}],"predecessor-version":[{"id":13214,"href":"https:\/\/miradordeatarfe.es\/index.php?rest_route=\/wp\/v2\/posts\/13209\/revisions\/13214"}],"wp:featuredmedia":[{"embeddable":true,"href":"https:\/\/miradordeatarfe.es\/index.php?rest_route=\/wp\/v2\/media\/13210"}],"wp:attachment":[{"href":"https:\/\/miradordeatarfe.es\/index.php?rest_route=%2Fwp%2Fv2%2Fmedia&parent=13209"}],"wp:term":[{"taxonomy":"category","embeddable":true,"href":"https:\/\/miradordeatarfe.es\/index.php?rest_route=%2Fwp%2Fv2%2Fcategories&post=13209"},{"taxonomy":"post_tag","embeddable":true,"href":"https:\/\/miradordeatarfe.es\/index.php?rest_route=%2Fwp%2Fv2%2Ftags&post=13209"}],"curies":[{"name":"wp","href":"https:\/\/api.w.org\/{rel}","templated":true}]}}