{"id":13240,"date":"2016-12-22T10:05:54","date_gmt":"2016-12-22T09:05:54","guid":{"rendered":"http:\/\/miradordeatarfe.es\/?p=13240"},"modified":"2016-12-22T10:05:54","modified_gmt":"2016-12-22T09:05:54","slug":"detienen-a-una-persona-como-supuesta-autora-de-un-intento-de-robo-con-intimidacio","status":"publish","type":"post","link":"https:\/\/miradordeatarfe.es\/?p=13240","title":{"rendered":"Detienen a una persona como supuesta autora de un intento de robo con intimidaci\u00f3"},"content":{"rendered":"<div class=\"span12 publiBloqueStory\" style=\"text-align: justify;\">\u00a0El hombre se aproxim\u00f3 andando al coche, golpeando de forma insistente en la ventanilla e intentando abrir las puertas mientras les deslumbraba con una linterna; gritaba continuamente que les entregaran el dinero que ten\u00edan y cuanto llevaban o les pegaba un tiro<\/div>\n<p style=\"text-align: justify;\"><!--more--><\/p>\n<div class=\"story noticia\" style=\"text-align: justify;\">\n<div class=\"row\">\n<div class=\"span12\">\n<p>La <a title=\"Guardia Civil\" href=\"http:\/\/www.ideal.es\/temas\/entidades\/guardia-civil.html\" target=\"_blank\">Guardia Civil<\/a> de Atarfe ha procedido a la detenci\u00f3n de una persona como supuesta autora de un intento de robo con intimidaci\u00f3n, cuando pretendi\u00f3 mediante amenazas con una supuesta pistola que dos j\u00f3venes les entregaran todo cuanto llevaban encima.<\/p>\n<section class=\"offset1 contenido\">\n<div id=\"ccronica\">\n<p>Los hechos ocurrieron durante la madrugada el pasado d\u00eda 5, en la v\u00eda de servicio de la A-92 a su paso por el t\u00e9rmino municipal de Atarfe.<\/p>\n<p>Las victimas se encontraban en el interior de un veh\u00edculo cuando el detenido se aproxim\u00f3 andando al coche, golpeando de forma insistente en la ventanilla e intentando abrir las puertas mientras les deslumbraba con una linterna.<\/p>\n<p>Con el fin de amedrentarlos gritaba continuamente que les entregaran el dinero que ten\u00edan y cuanto llevaban o les pegaba un tiro, haciendo gestos como de llevar una pistola y estar apunt\u00e1ndoles, aunque no vieron en ning\u00fan momento el arma.<\/p>\n<p>La v\u00edctimas aprovechando que el agresor se separ\u00f3 un poco del veh\u00edculo para intentar abrir alguna de las otras puertas, arrancaron el mismo y se marcharon del lugar sin haber sido robados.<\/p>\n<p>Por la Guardia Civil de Atarfe se inici\u00f3 una investigaci\u00f3n para la identificaci\u00f3n del supuesto autor, as\u00ed como para su localizaci\u00f3n y detenci\u00f3n, investigaci\u00f3n que le llev\u00f3 a un vecino de la localidad, que una vez detenido fue reconocido por las victimas, sin ninguna duda, como la persona que les intent\u00f3 robar.<\/p>\n<p>El detenido de 37 a\u00f1os de edad y vecino de Atarfe, al que le constan varios antecedentes policiales ha sido puesto a disposici\u00f3n judicial como supuesto autor de un delito de intento de robo con intimidaci\u00f3n.<\/p>\n<\/div>\n<\/section>\n<\/div>\n<\/div>\n<\/div>\n<p style=\"text-align: justify;\"><!--more--><\/p>\n","protected":false},"excerpt":{"rendered":"<p>\u00a0El hombre se aproxim\u00f3 andando al coche, golpeando de forma insistente en la ventanilla e&#8230;<\/p>\n","protected":false},"author":1,"featured_media":13241,"comment_status":"closed","ping_status":"closed","sticky":false,"template":"","format":"standard","meta":{"_coblocks_attr":"","_coblocks_dimensions":"","_coblocks_responsive_height":"","_coblocks_accordion_ie_support":"","jetpack_post_was_ever_published":false,"_jetpack_newsletter_access":"","_jetpack_dont_email_post_to_subs":false,"_jetpack_newsletter_tier_id":0,"_jetpack_memberships_contains_paywalled_content":false,"_jetpack_memberships_contains_paid_content":false,"footnotes":"","jetpack_publicize_message":"","jetpack_publicize_feature_enabled":true,"jetpack_social_post_already_shared":false,"jetpack_social_options":{"image_generator_settings":{"template":"highway","default_image_id":0,"enabled":false},"version":2}},"categories":[2,186,9,44,15],"tags":[3360,168],"class_list":["post-13240","post","type-post","status-publish","format-standard","has-post-thumbnail","hentry","category-atarfe","category-instituciones","category-medio-ambiente","category-noticias-de-hoy","category-ultimas-noticias","tag-detener","tag-robo"],"jetpack_publicize_connections":[],"jetpack_featured_media_url":"https:\/\/i0.wp.com\/miradordeatarfe.es\/wp-content\/uploads\/2016\/12\/dete.jpg?fit=275%2C183&ssl=1","jetpack_likes_enabled":true,"jetpack_sharing_enabled":true,"_links":{"self":[{"href":"https:\/\/miradordeatarfe.es\/index.php?rest_route=\/wp\/v2\/posts\/13240","targetHints":{"allow":["GET"]}}],"collection":[{"href":"https:\/\/miradordeatarfe.es\/index.php?rest_route=\/wp\/v2\/posts"}],"about":[{"href":"https:\/\/miradordeatarfe.es\/index.php?rest_route=\/wp\/v2\/types\/post"}],"author":[{"embeddable":true,"href":"https:\/\/miradordeatarfe.es\/index.php?rest_route=\/wp\/v2\/users\/1"}],"replies":[{"embeddable":true,"href":"https:\/\/miradordeatarfe.es\/index.php?rest_route=%2Fwp%2Fv2%2Fcomments&post=13240"}],"version-history":[{"count":1,"href":"https:\/\/miradordeatarfe.es\/index.php?rest_route=\/wp\/v2\/posts\/13240\/revisions"}],"predecessor-version":[{"id":13242,"href":"https:\/\/miradordeatarfe.es\/index.php?rest_route=\/wp\/v2\/posts\/13240\/revisions\/13242"}],"wp:featuredmedia":[{"embeddable":true,"href":"https:\/\/miradordeatarfe.es\/index.php?rest_route=\/wp\/v2\/media\/13241"}],"wp:attachment":[{"href":"https:\/\/miradordeatarfe.es\/index.php?rest_route=%2Fwp%2Fv2%2Fmedia&parent=13240"}],"wp:term":[{"taxonomy":"category","embeddable":true,"href":"https:\/\/miradordeatarfe.es\/index.php?rest_route=%2Fwp%2Fv2%2Fcategories&post=13240"},{"taxonomy":"post_tag","embeddable":true,"href":"https:\/\/miradordeatarfe.es\/index.php?rest_route=%2Fwp%2Fv2%2Ftags&post=13240"}],"curies":[{"name":"wp","href":"https:\/\/api.w.org\/{rel}","templated":true}]}}