{"id":13246,"date":"2016-12-22T10:18:38","date_gmt":"2016-12-22T09:18:38","guid":{"rendered":"http:\/\/miradordeatarfe.es\/?p=13246"},"modified":"2016-12-22T10:18:38","modified_gmt":"2016-12-22T09:18:38","slug":"presentacion-del-libro-el-archivo-historico-de-la-parroquia-de-na-sa-de-la-encarnacion-de-atarfe-granada","status":"publish","type":"post","link":"https:\/\/miradordeatarfe.es\/?p=13246","title":{"rendered":"Presentaci\u00f3n del libro: El Archivo hist\u00f3rico de la Parroquia de N\u00aa S\u00aa de la Encarnaci\u00f3n de Atarfe (Granada)"},"content":{"rendered":"<p><b>Lugar<\/b>: Centro Cultural Medina Elvira (Atarfe)\u00a0 <b>D\u00eda<\/b>: viernes 23 de diciembre, 2016\u00a0 <b>Hora<\/b>: 6:15h de la tarde<!--more--><!--more--><\/p>\n<p>&nbsp;<\/p>\n<p>La Fundaci\u00f3n Sierra Elvira tiene entre sus objetivos el promocionar la difusi\u00f3n del conocimiento. En esta ocasi\u00f3n se le present\u00f3 la oportunidad de apoyar la investigaci\u00f3n de Mario Mata en el Archivo de la Parroquia de la Encarnaci\u00f3n, de Atarfe, que constituy\u00f3 su trabajo de fin de Grado en Historia, tras sus estudios en la Universidad de Granada.<\/p>\n<p>Es algo novedoso la propuesta de un cuadro de clasificaci\u00f3n del Archivo Hist\u00f3rico de dicha parroquia, no hay nada anterior al respecto y adem\u00e1s colabora al conocimiento hist\u00f3rico y social de nuestro pueblo desde mediados del siglo XVI a trav\u00e9s del funcionamiento de la parroquia.<\/p>\n<p>La publicaci\u00f3n es una versi\u00f3n ampliada del trabajo de fin de Grado y viene ilustrada con diversos documentos relativos a la parroquia, as\u00ed como varias fotograf\u00edas representativas del contenido art\u00edstico de la misma.<\/p>\n<p>&nbsp;<\/p>\n<p><a href=\"https:\/\/i0.wp.com\/miradordeatarfe.es\/wp-content\/uploads\/2016\/12\/libromariomata.jpg?ssl=1\"><img data-recalc-dims=\"1\" loading=\"lazy\" decoding=\"async\" class=\" wp-image-13247 aligncenter\" src=\"https:\/\/i0.wp.com\/miradordeatarfe.es\/wp-content\/uploads\/2016\/12\/libromariomata.jpg?resize=421%2C610&#038;ssl=1\" alt=\"\" width=\"421\" height=\"610\" srcset=\"https:\/\/i0.wp.com\/miradordeatarfe.es\/wp-content\/uploads\/2016\/12\/libromariomata.jpg?w=274&amp;ssl=1 274w, https:\/\/i0.wp.com\/miradordeatarfe.es\/wp-content\/uploads\/2016\/12\/libromariomata.jpg?resize=207%2C300&amp;ssl=1 207w\" sizes=\"auto, (max-width: 421px) 100vw, 421px\" \/><\/a><\/p>\n<p>&nbsp;<\/p>\n<hr width=\"420\" \/>\n","protected":false},"excerpt":{"rendered":"<p>Lugar: Centro Cultural Medina Elvira (Atarfe)\u00a0 D\u00eda: viernes 23 de diciembre, 2016\u00a0 Hora: 6:15h de&#8230;<\/p>\n","protected":false},"author":1,"featured_media":13248,"comment_status":"closed","ping_status":"closed","sticky":false,"template":"","format":"standard","meta":{"_coblocks_attr":"","_coblocks_dimensions":"","_coblocks_responsive_height":"","_coblocks_accordion_ie_support":"","jetpack_post_was_ever_published":false,"_jetpack_newsletter_access":"","_jetpack_dont_email_post_to_subs":false,"_jetpack_newsletter_tier_id":0,"_jetpack_memberships_contains_paywalled_content":false,"_jetpack_memberships_contains_paid_content":false,"footnotes":"","jetpack_publicize_message":"","jetpack_publicize_feature_enabled":true,"jetpack_social_post_already_shared":false,"jetpack_social_options":{"image_generator_settings":{"template":"highway","default_image_id":0,"enabled":false},"version":2}},"categories":[2,12,1225,186,44,15],"tags":[90,28],"class_list":["post-13246","post","type-post","status-publish","format-standard","has-post-thumbnail","hentry","category-atarfe","category-cultura","category-ha-de-atarfe","category-instituciones","category-noticias-de-hoy","category-ultimas-noticias","tag-cultura","tag-iglesia"],"jetpack_publicize_connections":[],"jetpack_featured_media_url":"https:\/\/i0.wp.com\/miradordeatarfe.es\/wp-content\/uploads\/2016\/12\/IX.jpg?fit=1134%2C756&ssl=1","jetpack_likes_enabled":true,"jetpack_sharing_enabled":true,"_links":{"self":[{"href":"https:\/\/miradordeatarfe.es\/index.php?rest_route=\/wp\/v2\/posts\/13246","targetHints":{"allow":["GET"]}}],"collection":[{"href":"https:\/\/miradordeatarfe.es\/index.php?rest_route=\/wp\/v2\/posts"}],"about":[{"href":"https:\/\/miradordeatarfe.es\/index.php?rest_route=\/wp\/v2\/types\/post"}],"author":[{"embeddable":true,"href":"https:\/\/miradordeatarfe.es\/index.php?rest_route=\/wp\/v2\/users\/1"}],"replies":[{"embeddable":true,"href":"https:\/\/miradordeatarfe.es\/index.php?rest_route=%2Fwp%2Fv2%2Fcomments&post=13246"}],"version-history":[{"count":1,"href":"https:\/\/miradordeatarfe.es\/index.php?rest_route=\/wp\/v2\/posts\/13246\/revisions"}],"predecessor-version":[{"id":13249,"href":"https:\/\/miradordeatarfe.es\/index.php?rest_route=\/wp\/v2\/posts\/13246\/revisions\/13249"}],"wp:featuredmedia":[{"embeddable":true,"href":"https:\/\/miradordeatarfe.es\/index.php?rest_route=\/wp\/v2\/media\/13248"}],"wp:attachment":[{"href":"https:\/\/miradordeatarfe.es\/index.php?rest_route=%2Fwp%2Fv2%2Fmedia&parent=13246"}],"wp:term":[{"taxonomy":"category","embeddable":true,"href":"https:\/\/miradordeatarfe.es\/index.php?rest_route=%2Fwp%2Fv2%2Fcategories&post=13246"},{"taxonomy":"post_tag","embeddable":true,"href":"https:\/\/miradordeatarfe.es\/index.php?rest_route=%2Fwp%2Fv2%2Ftags&post=13246"}],"curies":[{"name":"wp","href":"https:\/\/api.w.org\/{rel}","templated":true}]}}