{"id":13254,"date":"2016-12-27T11:06:05","date_gmt":"2016-12-27T10:06:05","guid":{"rendered":"http:\/\/miradordeatarfe.es\/?p=13254"},"modified":"2016-12-26T19:39:08","modified_gmt":"2016-12-26T18:39:08","slug":"leyenda-el-caballo-de-piedra-de-elvira","status":"publish","type":"post","link":"https:\/\/miradordeatarfe.es\/?p=13254","title":{"rendered":"LEYENDA \u201cEL CABALLO DE PIEDRA DE ELVIRA\u201d."},"content":{"rendered":"<p>Seguimos con narraciones atarfe\u00f1as. Por su antig\u00fcedad, en esta ocasi\u00f3n ha sido dificultoso documentarnos para poder referenciarla. <!--more--><!--more--><!--more--><!--more--><!--more--><\/p>\n<p>&nbsp;<\/p>\n<p>Todos sabemos que Il\u00edberis dio a la humanidad grandes personajes hist\u00f3ricos. Entre ellos nos encontramos AL-UDRI (1003-1085). De su tierra natal escribi\u00f3 \u201cLa Cora de Ilbira, siglo X y XI\u201d; traducido por Manuel S\u00e1nchez Mart\u00ednez, quien nos dice que falta la primera parte del texto.<\/p>\n<p>Como podemos ver se trata de un corto relato hist\u00f3rico\/<wbr \/>fant\u00e1stico. A nosotros nos lleg\u00f3 de forma oral, con peque\u00f1as diferencias pero igual en lo esencial.<\/p>\n<p>LEYENDA: \u201cCuentan que hab\u00eda en la regi\u00f3n de Elvira una estatua de un caballo de piedra; los ni\u00f1os se sub\u00edan a \u00e9l hasta que se rompi\u00f3. Y dicen que, el mismo a\u00f1o en que rompi\u00f3 la estatua, se abati\u00f3 la desgracia sobre Elvira y entraron en ella los bereberes; fue aquel a\u00f1o el comienzo de su ruina\u201d.<\/p>\n<p>Para saber m\u00e1s:<br \/>\nLa Cor\u00e1 de Ilbira, Sigl X y XI, autor Al-Udr\u00ed (1003-1085).<br \/>\nManuel S\u00e1nchez Mart\u00ednez, texto 29, traducci\u00f3n 37. Cuadernos de Historia del Isl\u00e1n, n\u00famero 7, Universidad de Granada 1975.<br \/>\nTesis Doctoral de J.C. Carvajal L\u00f3pez, \u201cEl Poblamiento Altomedieval en la Vega de Granada a trav\u00e9s de su Cer\u00e1mica.<br \/>\nDibujo de Manuel G\u00f3mez Moreno.<\/p>\n<p>Nuestro blog: <a href=\"https:\/\/www.facebook.com\/atarfeanecdotario?refid=52\">https:\/\/<wbr \/>www.facebook.com<wbr \/>\/<wbr \/>atarfeanecdotari<wbr \/>o<\/a><\/p>\n<p>Brilla con luz propia.<\/p>\n","protected":false},"excerpt":{"rendered":"<p>Seguimos con narraciones atarfe\u00f1as. Por su antig\u00fcedad, en esta ocasi\u00f3n ha sido dificultoso documentarnos para&#8230;<\/p>\n","protected":false},"author":1,"featured_media":13255,"comment_status":"closed","ping_status":"closed","sticky":false,"template":"","format":"standard","meta":{"_coblocks_attr":"","_coblocks_dimensions":"","_coblocks_responsive_height":"","_coblocks_accordion_ie_support":"","jetpack_post_was_ever_published":false,"_jetpack_newsletter_access":"","_jetpack_dont_email_post_to_subs":false,"_jetpack_newsletter_tier_id":0,"_jetpack_memberships_contains_paywalled_content":false,"_jetpack_memberships_contains_paid_content":false,"footnotes":"","jetpack_publicize_message":"","jetpack_publicize_feature_enabled":true,"jetpack_social_post_already_shared":false,"jetpack_social_options":{"image_generator_settings":{"template":"highway","default_image_id":0,"enabled":false},"version":2}},"categories":[2,1225,186,44,15],"tags":[3364,3362,3363],"class_list":["post-13254","post","type-post","status-publish","format-standard","has-post-thumbnail","hentry","category-atarfe","category-ha-de-atarfe","category-instituciones","category-noticias-de-hoy","category-ultimas-noticias","tag-caballo","tag-ilvira","tag-madinat-ilvira"],"jetpack_publicize_connections":[],"jetpack_featured_media_url":"https:\/\/i0.wp.com\/miradordeatarfe.es\/wp-content\/uploads\/2016\/12\/14344966_1793486077533979_7816328911868530031_n.jpg?fit=320%2C315&ssl=1","jetpack_likes_enabled":true,"jetpack_sharing_enabled":true,"_links":{"self":[{"href":"https:\/\/miradordeatarfe.es\/index.php?rest_route=\/wp\/v2\/posts\/13254","targetHints":{"allow":["GET"]}}],"collection":[{"href":"https:\/\/miradordeatarfe.es\/index.php?rest_route=\/wp\/v2\/posts"}],"about":[{"href":"https:\/\/miradordeatarfe.es\/index.php?rest_route=\/wp\/v2\/types\/post"}],"author":[{"embeddable":true,"href":"https:\/\/miradordeatarfe.es\/index.php?rest_route=\/wp\/v2\/users\/1"}],"replies":[{"embeddable":true,"href":"https:\/\/miradordeatarfe.es\/index.php?rest_route=%2Fwp%2Fv2%2Fcomments&post=13254"}],"version-history":[{"count":1,"href":"https:\/\/miradordeatarfe.es\/index.php?rest_route=\/wp\/v2\/posts\/13254\/revisions"}],"predecessor-version":[{"id":13256,"href":"https:\/\/miradordeatarfe.es\/index.php?rest_route=\/wp\/v2\/posts\/13254\/revisions\/13256"}],"wp:featuredmedia":[{"embeddable":true,"href":"https:\/\/miradordeatarfe.es\/index.php?rest_route=\/wp\/v2\/media\/13255"}],"wp:attachment":[{"href":"https:\/\/miradordeatarfe.es\/index.php?rest_route=%2Fwp%2Fv2%2Fmedia&parent=13254"}],"wp:term":[{"taxonomy":"category","embeddable":true,"href":"https:\/\/miradordeatarfe.es\/index.php?rest_route=%2Fwp%2Fv2%2Fcategories&post=13254"},{"taxonomy":"post_tag","embeddable":true,"href":"https:\/\/miradordeatarfe.es\/index.php?rest_route=%2Fwp%2Fv2%2Ftags&post=13254"}],"curies":[{"name":"wp","href":"https:\/\/api.w.org\/{rel}","templated":true}]}}