{"id":13257,"date":"2016-12-25T11:20:48","date_gmt":"2016-12-25T10:20:48","guid":{"rendered":"http:\/\/miradordeatarfe.es\/?p=13257"},"modified":"2016-12-23T10:24:28","modified_gmt":"2016-12-23T09:24:28","slug":"la-duena-de-esta-casa-por-juan-alfredo-bellon","status":"publish","type":"post","link":"https:\/\/miradordeatarfe.es\/?p=13257","title":{"rendered":"LA DUE\u00d1A DE ESTA CASA&#8230;  por Juan Alfredo Bell\u00f3n"},"content":{"rendered":"<p><i><b>LA DUE\u00d1A DE ESTA CASA&#8230;<\/b><\/i><b>por Juan Alfredo Bell\u00f3n para EL MIRADOR DE ATARFE del domingo 25-12-2016<\/b><!--more--><\/p>\n<p><!--more--><!--more--><\/p>\n<p align=\"JUSTIFY\"><b> <\/b>Este a\u00f1o las fiestas de invierno est\u00e1n resultando un tanto chungaletas porque a muchos de nuestros amigos musulmanes se les ha <i>ajumado<\/i> el pescado y andan revueltos procurando <i>ajum\u00e1rnoslo <\/i>a nosotros tambi\u00e9n todo lo posible. <i>Nosotros<\/i> quiere decir los occidentales en general y los europeos m\u00e1s en particular, que nos hemos quedado en el punto de mira de todas las escopetas nacionales espirituales y materiales que andan dispuestas a no dejarnos descansar ni bajar la guardia por los siglos de los siglos. Y es que la vida es as\u00ed, no solo es un vaiv\u00e9n infinito que, como la Nochebuena, se viene y se va mientras nosotros nos iremos y no volveremos m\u00e1s, sino que adem\u00e1s esto es un pu\u00f1etero valle de l\u00e1grimas y un sin-vivir donde, antes de que acabemos de pla\u00f1ir por algo, ya lo estamos haciendo por otra causa; vaya, que no hemos terminado de salir de Herodes, cuando ya hemos entrado en Franco, digo en Pilatos, con todas sus nefastas consecuencias, como esos cientos de pueblos de esta jodid\u00edsima piel de toro que tienen en su nombre el del viejo Caudillo y que ahora se niegan a desprenderse de \u00e9l en virtud de lo que ordena la Ley de la Memoria Hist\u00f3rica y que recientemente han recibido una oferta de ayuda y asesoramiento legal de parte de la Fundaci\u00f3n Francisco Franco para resistirse reaccionariamente a obedecer lo que manda esa Ley.<\/p>\n<p align=\"JUSTIFY\">As\u00ed lo ha entendido Andrea Levy, joven promesa femenina del PP y, a lo que se ve, firme seguidora de Jos\u00e9 Mar\u00eda Aznar, ahora que se ha desgajado de su tronco matriz definitivamente, y que acaba de incendiar las redes desde Twitter con un comentario harto simplista diciendo que nuestros enemigos son los de en frente, los de la ribera sur del Mediterr\u00e1neo, olvidando donde est\u00e1 el estado de Israel que ella honra con su apellido y confundiendo las churras con las merinas.<\/p>\n<p align=\"JUSTIFY\">De acuerdo con que la cosa empez\u00f3 con los americanos en septiembre del a\u00f1o 2001 que, cuando yo entr\u00e9 en mi casa de vuelta del veraneo y vi a los dos aviones estamp\u00e1ndose contra las Torres Gemelas, cre\u00ed que estaban echando por la tele una pel\u00edcula de villanos del espacio que lograban cumplir sus amenazas contra la Civilizaci\u00f3n de los buenos y estos ve\u00edan tambi\u00e9n cumplidas sus paranoias. Pero no, no eran pesadillas inventadas en la vieja f\u00e1brica hollyvoodiense de sue\u00f1os. Aquella tarde, en Nueva York, y luego en Madrid, Londres, Par\u00eds, Niza y Bruselas, etc. no han sido sue\u00f1os sino pu\u00f1eteras realidades desatadas por el torbellino de las agresiones-est\u00edmulo retroalimentado por el de las agresiones-respuesta cuyo bucle ha terminado siendo un c\u00edrculo vicioso inacabable como su propio nombre indica, una espiral insana que parece que nunca terminar\u00e1, como el conflicto \u00e1rabe-israel\u00ed, que empez\u00f3 en Palestina y ya va por Mosul y por Alepo y por Estambul y hasta por la mism\u00edsima curva del Niger.<\/p>\n<p align=\"JUSTIFY\">Y ahora les ha tocado a las panderetas y a las zambombas de la Breitscheidplatz berlinesa, al pie de la emblem\u00e1tica estrella de Mercedes, esa que se usa para apuntar, que logr\u00f3 sobrevivir desafiando al resto de la Alemania Oriental mientras giraba perpetuamente sobre su propio eje sin importarle para nada el medio ambiente ni el agujero de ozono, como a Aznar, como a Trump, como a Rajoy, antes de que se olvidara de su primo y de B\u00e1rcenas para hacerle cucamonas al PSOE y para que todo cambie sin cambiar nada. Y van doce alemanes muertos y m\u00e1s de cincuenta heridos, sin contar los que pudo haber el otro d\u00eda si no llegan a detectar al docea\u00f1ero de la mochila. Qu\u00e9 barbaridad. <i>Y lo que te rondar\u00e9, morena<\/i>. \u00bfHasta cu\u00e1ndo llegar\u00e1n a tener los rusos suficientes embajadores en Turqu\u00eda y en el resto de las zonas calientes del planeta para pagar con su vida la hecatombe de Alepo? \u00bfY hasta cuando podr\u00e1n los colonos jud\u00edos, <i>okupas<\/i> de Jerusalem, seguir chantajeando a su propio gobierno para proporcionar una coartada suficiente a Benjam\u00edn Netanyahu para seguir manteniendo su pol\u00edtica agresiva? Y cuando, en enero, entre Trump en escena \u00bfhasta d\u00f3nde va a llegar esto?<\/p>\n<p align=\"JUSTIFY\">Y nosotros mientras, venga a comer turr\u00f3n, mantecados y polvorones y venga a beber an\u00eds y champ\u00e1n y sidra El Gaitero. Y la glucemia en sangre, por las nubes. Y a mirarnos el ombligo mientras cantamos villancicos bordes como los gitanos: <i>A la due\u00f1a de esta casa \/ Dios le d\u00e9 salud y pesetas \/ y a la vecina de en frente, \/ saba\u00f1ones en las tetas. \/ Ande, ande, ande \/ la Mari Morena,\/ ande, ande, ande, \/ que es la Nochebuena\u2026<\/i> y otras letras de las que le gustar\u00edan al Espirim\u00e1n ese, que tanto por saco nos est\u00e1 dando: <i>Y pa todos los grana\u00ednos \/ diez hospitales completos \/ por lo menos\u2026 \/ pa curar los saba\u00f1ones de las tetas \/ a la vecina de enfrente, \/ la de la costa norte del Mediterr\u00e1neo Sur, \/ con lo que pican los saba\u00f1ones \/ en invierno, con el fr\u00edo, \/ los pu\u00f1eteros\u2026 <\/i>Y a pasarlo bien en estas Fiestas de Invierno.<\/p>\n","protected":false},"excerpt":{"rendered":"<p>LA DUE\u00d1A DE ESTA CASA&#8230;por Juan Alfredo Bell\u00f3n para EL MIRADOR DE ATARFE del domingo&#8230;<\/p>\n","protected":false},"author":1,"featured_media":13258,"comment_status":"closed","ping_status":"closed","sticky":false,"template":"","format":"standard","meta":{"_coblocks_attr":"","_coblocks_dimensions":"","_coblocks_responsive_height":"","_coblocks_accordion_ie_support":"","jetpack_post_was_ever_published":false,"_jetpack_newsletter_access":"","_jetpack_dont_email_post_to_subs":false,"_jetpack_newsletter_tier_id":0,"_jetpack_memberships_contains_paywalled_content":false,"_jetpack_memberships_contains_paid_content":false,"footnotes":"","jetpack_publicize_message":"","jetpack_publicize_feature_enabled":true,"jetpack_social_post_already_shared":false,"jetpack_social_options":{"image_generator_settings":{"template":"highway","default_image_id":0,"enabled":false},"version":2}},"categories":[1161,186,36,9,44,15],"tags":[3365,3366,1053,1203],"class_list":["post-13257","post","type-post","status-publish","format-standard","has-post-thumbnail","hentry","category-ciudadania","category-instituciones","category-opinion-de-juan-alfredo-bellon","category-medio-ambiente","category-noticias-de-hoy","category-ultimas-noticias","tag-america","tag-berlin","tag-europa","tag-terrorismo"],"jetpack_publicize_connections":[],"jetpack_featured_media_url":"https:\/\/i0.wp.com\/miradordeatarfe.es\/wp-content\/uploads\/2016\/12\/terr.jpg?fit=299%2C168&ssl=1","jetpack_likes_enabled":true,"jetpack_sharing_enabled":true,"_links":{"self":[{"href":"https:\/\/miradordeatarfe.es\/index.php?rest_route=\/wp\/v2\/posts\/13257","targetHints":{"allow":["GET"]}}],"collection":[{"href":"https:\/\/miradordeatarfe.es\/index.php?rest_route=\/wp\/v2\/posts"}],"about":[{"href":"https:\/\/miradordeatarfe.es\/index.php?rest_route=\/wp\/v2\/types\/post"}],"author":[{"embeddable":true,"href":"https:\/\/miradordeatarfe.es\/index.php?rest_route=\/wp\/v2\/users\/1"}],"replies":[{"embeddable":true,"href":"https:\/\/miradordeatarfe.es\/index.php?rest_route=%2Fwp%2Fv2%2Fcomments&post=13257"}],"version-history":[{"count":1,"href":"https:\/\/miradordeatarfe.es\/index.php?rest_route=\/wp\/v2\/posts\/13257\/revisions"}],"predecessor-version":[{"id":13259,"href":"https:\/\/miradordeatarfe.es\/index.php?rest_route=\/wp\/v2\/posts\/13257\/revisions\/13259"}],"wp:featuredmedia":[{"embeddable":true,"href":"https:\/\/miradordeatarfe.es\/index.php?rest_route=\/wp\/v2\/media\/13258"}],"wp:attachment":[{"href":"https:\/\/miradordeatarfe.es\/index.php?rest_route=%2Fwp%2Fv2%2Fmedia&parent=13257"}],"wp:term":[{"taxonomy":"category","embeddable":true,"href":"https:\/\/miradordeatarfe.es\/index.php?rest_route=%2Fwp%2Fv2%2Fcategories&post=13257"},{"taxonomy":"post_tag","embeddable":true,"href":"https:\/\/miradordeatarfe.es\/index.php?rest_route=%2Fwp%2Fv2%2Ftags&post=13257"}],"curies":[{"name":"wp","href":"https:\/\/api.w.org\/{rel}","templated":true}]}}