{"id":13267,"date":"2016-12-27T10:45:07","date_gmt":"2016-12-27T09:45:07","guid":{"rendered":"http:\/\/miradordeatarfe.es\/?p=13267"},"modified":"2016-12-26T19:42:05","modified_gmt":"2016-12-26T18:42:05","slug":"el-congreso-acuerda-por-unanimidad-declarar-2017-ano-miguel-hernandez","status":"publish","type":"post","link":"https:\/\/miradordeatarfe.es\/?p=13267","title":{"rendered":"El Congreso acuerda por unanimidad declarar 2017 \u2018A\u00f1o Miguel Hern\u00e1ndez\u2019"},"content":{"rendered":"<p>La comisi\u00f3n de Cultura del Congreso ha aprobado hoy, por unanimidad, la propuesta de Comprom\u00eds de declarar 2017 \u2018A\u00f1o Miguel Hern\u00e1ndez\u2019, con motivo del 75 aniversario de su muerte.<!--more--><!--more--><!--more--><!--more--><\/p>\n<p>&nbsp;<\/p>\n<p>La iniciativa de la formaci\u00f3n valenciana reivindica el car\u00e1cter \u201cuniversal\u201d de Miguel Hern\u00e1ndez y promueve impulsar un calendario de actividades dedicado al reconocimiento, estudio y difusi\u00f3n de su obra. La comisi\u00f3n, adem\u00e1s, ha instado al Gobierno a destinar una dotaci\u00f3n presupuestaria suficiente para poner de relieve la importancia en la literatura del poeta de Orihuela (Alicante).<\/p>\n<p>El diputado de Comprom\u00eds por Alicante, Ignasi Candela, ha incidido en la necesidad de recuperar la memoria del poeta y dramaturgo, y ha hecho suyas las palabras de Pablo Neruda que defendi\u00f3 el deber de \u201crecordar a Miguel Hern\u00e1ndez, que desapareci\u00f3 en la oscuridad, y recordarlo a plena luz\u201d. La propuesta, en colaboraci\u00f3n con la fundaci\u00f3n Miguel Hern\u00e1ndez, destaca tambi\u00e9n la hondura y autenticidad del compromiso pol\u00edtico y social del poeta y dramaturgo contra la desigualdad y por los desheredados.<\/p>\n<p>Miguel Hern\u00e1ndez muri\u00f3 en 1942 en la c\u00e1rcel de Alicante donde estuvo preso tras la Guerra Civil por motivos pol\u00edticos. Condenado a 30 a\u00f1os de prisi\u00f3n, enferm\u00f3 de tuberculosis y falleci\u00f3 en la enfermer\u00eda de la prisi\u00f3n. Candela ha recordado c\u00f3mo Hern\u00e1ndez se convirti\u00f3 en la voz de millones de personas que quer\u00edan expresarse desde su realidad cotidiana\u201d, y ha se\u00f1alado que la efem\u00e9ride es una oportunidad para \u201centender la importancia de su significado hoy en d\u00eda\u201d.<\/p>\n<p>La propuesta acordada por la comisi\u00f3n se une a la de la Generalitat Valenciana que el pasado mes de julio anunci\u00f3 que dedicar\u00eda el 2017 al poeta oriolano<\/p>\n","protected":false},"excerpt":{"rendered":"<p>La comisi\u00f3n de Cultura del Congreso ha aprobado hoy, por unanimidad, la propuesta de Comprom\u00eds&#8230;<\/p>\n","protected":false},"author":1,"featured_media":0,"comment_status":"closed","ping_status":"closed","sticky":false,"template":"","format":"standard","meta":{"_coblocks_attr":"","_coblocks_dimensions":"","_coblocks_responsive_height":"","_coblocks_accordion_ie_support":"","jetpack_post_was_ever_published":false,"_jetpack_newsletter_access":"","_jetpack_dont_email_post_to_subs":false,"_jetpack_newsletter_tier_id":0,"_jetpack_memberships_contains_paywalled_content":false,"_jetpack_memberships_contains_paid_content":false,"footnotes":"","jetpack_publicize_message":"","jetpack_publicize_feature_enabled":true,"jetpack_social_post_already_shared":false,"jetpack_social_options":{"image_generator_settings":{"template":"highway","default_image_id":0,"enabled":false},"version":2}},"categories":[12,186,44,15],"tags":[1511,1585],"class_list":["post-13267","post","type-post","status-publish","format-standard","hentry","category-cultura","category-instituciones","category-noticias-de-hoy","category-ultimas-noticias","tag-congreso","tag-miguel-hernandez"],"jetpack_publicize_connections":[],"jetpack_featured_media_url":"","jetpack_likes_enabled":true,"jetpack_sharing_enabled":true,"_links":{"self":[{"href":"https:\/\/miradordeatarfe.es\/index.php?rest_route=\/wp\/v2\/posts\/13267","targetHints":{"allow":["GET"]}}],"collection":[{"href":"https:\/\/miradordeatarfe.es\/index.php?rest_route=\/wp\/v2\/posts"}],"about":[{"href":"https:\/\/miradordeatarfe.es\/index.php?rest_route=\/wp\/v2\/types\/post"}],"author":[{"embeddable":true,"href":"https:\/\/miradordeatarfe.es\/index.php?rest_route=\/wp\/v2\/users\/1"}],"replies":[{"embeddable":true,"href":"https:\/\/miradordeatarfe.es\/index.php?rest_route=%2Fwp%2Fv2%2Fcomments&post=13267"}],"version-history":[{"count":1,"href":"https:\/\/miradordeatarfe.es\/index.php?rest_route=\/wp\/v2\/posts\/13267\/revisions"}],"predecessor-version":[{"id":13268,"href":"https:\/\/miradordeatarfe.es\/index.php?rest_route=\/wp\/v2\/posts\/13267\/revisions\/13268"}],"wp:attachment":[{"href":"https:\/\/miradordeatarfe.es\/index.php?rest_route=%2Fwp%2Fv2%2Fmedia&parent=13267"}],"wp:term":[{"taxonomy":"category","embeddable":true,"href":"https:\/\/miradordeatarfe.es\/index.php?rest_route=%2Fwp%2Fv2%2Fcategories&post=13267"},{"taxonomy":"post_tag","embeddable":true,"href":"https:\/\/miradordeatarfe.es\/index.php?rest_route=%2Fwp%2Fv2%2Ftags&post=13267"}],"curies":[{"name":"wp","href":"https:\/\/api.w.org\/{rel}","templated":true}]}}