{"id":13269,"date":"2016-12-27T06:20:19","date_gmt":"2016-12-27T05:20:19","guid":{"rendered":"http:\/\/miradordeatarfe.es\/?p=13269"},"modified":"2016-12-26T19:31:23","modified_gmt":"2016-12-26T18:31:23","slug":"sin-deberes-examenes-ni-asignaturas-la-ensenanza-alternativa-llega-a-la-publica","status":"publish","type":"post","link":"https:\/\/miradordeatarfe.es\/?p=13269","title":{"rendered":"Sin deberes, ex\u00e1menes ni asignaturas: la ense\u00f1anza alternativa llega a la p\u00fablica"},"content":{"rendered":"<p class=\"news-header-opening-txt\" style=\"text-align: justify;\"><!--more-->Las pedagog\u00edas innovadoras han dejado de ser monopolio de las escuelas privadas y cada vez m\u00e1s centros p\u00fablicos apuestan por estas iniciativas, a pesar de las dificultades<\/p>\n<p class=\"news-header-opening-txt\" style=\"text-align: justify;\"><!--more--><!--more--><\/p>\n<p style=\"text-align: justify;\">Son las 9:30 de la ma\u00f1ana y las clases del colegio p\u00fablico Trabenco, en Legan\u00e9s (Madrid), se van llenando con cuentagotas. Ninguna sirena apresura el paso de los alumnos, que al sentarse lo primero que hacen es abrir un libro de lectura. Despu\u00e9s de media hora dedicada a leer no tendr\u00e1n Lengua, ni Mates, ni Cono. En este centro de primaria e infantil, el tiempo no se organiza en asignaturas: tienen un m\u00e9todo propio que no se rige por ex\u00e1menes, libros de texto ni deberes. Trabenco es uno de los cerca de cien centros p\u00fablicos distribuidos por toda Espa\u00f1a que desarrollan pedagog\u00edas alternativas, alejadas \u2014y huyendo\u2014 del funcionamiento tradicional, dentro del propio sistema.<\/p>\n<p style=\"text-align: justify;\">En Espa\u00f1a existen cerca de un centenar de centros que apuestan por una ense\u00f1anza centrada en el ni\u00f1o, m\u00e1s activa y experimental<\/p>\n<p style=\"text-align: justify;\">\u201cCreemos en una manera de educar que tenga al ni\u00f1o como centro de la actividad, que no est\u00e9 impuesto por el adulto, sino que considere sus capacidades, intereses y ritmos\u201d, explica David Fern\u00e1ndez, director del centro. Este colegio lleva 40 a\u00f1os aplicando esta filosof\u00eda, que tienen en com\u00fan todas las escuelas innovadoras, inspiradas en pedagog\u00edas como las de Montessori, Gardner u otros referentes de una ense\u00f1anza solo accesible tradicionalmente a los que pueden permitirse una escuela privada.<\/p>\n<p style=\"text-align: justify;\">\u201cCada vez hay m\u00e1s inter\u00e9s, tanto de padres como de profesores, por este tipo de iniciativas\u201d, cuenta Almudena Garc\u00eda, de Ludus, un directorio de educaci\u00f3n alternativa en Espa\u00f1a. Adem\u00e1s cree que la crisis ha tenido mucho que ver en este cambio de orientaci\u00f3n: \u201cEn los \u00faltimos a\u00f1os se han empezado a cuestionar cosas que antes se daban por hecho, como la educaci\u00f3n que hemos tenido hasta ahora. Se ha visto que el sistema &#8216;ir al colegio, pasar a la universidad y conseguir un trabajo&#8217; ya no funciona\u201d.<\/p>\n<p style=\"text-align: justify;\"><a href=\"https:\/\/i0.wp.com\/miradordeatarfe.es\/wp-content\/uploads\/2016\/12\/alumnos-de-trabenco.jpg?ssl=1\"><img data-recalc-dims=\"1\" loading=\"lazy\" decoding=\"async\" class=\"alignnone size-full wp-image-13271\" src=\"https:\/\/i0.wp.com\/miradordeatarfe.es\/wp-content\/uploads\/2016\/12\/alumnos-de-trabenco.jpg?resize=640%2C461&#038;ssl=1\" alt=\"\" width=\"640\" height=\"461\" srcset=\"https:\/\/i0.wp.com\/miradordeatarfe.es\/wp-content\/uploads\/2016\/12\/alumnos-de-trabenco.jpg?w=938&amp;ssl=1 938w, https:\/\/i0.wp.com\/miradordeatarfe.es\/wp-content\/uploads\/2016\/12\/alumnos-de-trabenco.jpg?resize=300%2C216&amp;ssl=1 300w, https:\/\/i0.wp.com\/miradordeatarfe.es\/wp-content\/uploads\/2016\/12\/alumnos-de-trabenco.jpg?resize=768%2C553&amp;ssl=1 768w, https:\/\/i0.wp.com\/miradordeatarfe.es\/wp-content\/uploads\/2016\/12\/alumnos-de-trabenco.jpg?resize=600%2C432&amp;ssl=1 600w\" sizes=\"auto, (max-width: 640px) 100vw, 640px\" \/><\/a><br \/>\nAlumnos de Trabenco. (Foto: M.Z.)<br \/>\nProyectos en lugar de asignaturas<\/p>\n<p style=\"text-align: justify;\">La mayor\u00eda de los centros innovadores comparten metodolog\u00eda: la ense\u00f1anza por proyectos. En lugar de asignaturas distribuidas por el horario, desarrollan proyectos transversales propuestos por los alumnos donde los profesores van incorporando los conceptos de las distintas \u00e1reas. \u201cPor ejemplo, si se ha elegido estudiar sobre Brasil, se tratan temas de geograf\u00eda, m\u00fasica, naturaleza&#8230;\u201d, explica Miguel \u00c1ngel Galindo, un padre de dos alumnos de Trabenco. \u201cDepende del proyecto que se elija, se podr\u00e1n meter unas materias u otras. La idea es que salga un tema que les interese, y luego se aplica el m\u00e9todo cient\u00edfico: vemos lo que sabemos, lo que queremos descubrir, y las hip\u00f3tesis de partida para luego investigar\u201d, cuenta David Fern\u00e1ndez.<\/p>\n<p style=\"text-align: justify;\">La entrada de dos ni\u00f1os de unos cinco a\u00f1os en el comedor donde transcurre la entrevista interrumpe su explicaci\u00f3n. Vienen con una lista de todos los compa\u00f1eros que se quedar\u00e1n a comer para entreg\u00e1rsela a la cocinera. El reparto de tareas es otro de los principios del centro, puesto que la responsabilidad, seg\u00fan explican, juega un papel muy importante para que se desenvuelvan de manera aut\u00f3noma y el sistema funcione: \u201cCada d\u00eda un ni\u00f1o trae la fruta del recreo para todos sus compa\u00f1eros. Cuando son muy peque\u00f1os salen con un cartel, para que su madre o padre lo sepa, y luego son ellos los encargados de apuntarlo en el calendario o acordarse\u201d, cuenta Sara S\u00e1bate, una madre del centro.<\/p>\n<p style=\"text-align: justify;\"><a href=\"https:\/\/i0.wp.com\/miradordeatarfe.es\/wp-content\/uploads\/2016\/12\/trabenco.jpg?ssl=1\"><img data-recalc-dims=\"1\" loading=\"lazy\" decoding=\"async\" class=\"alignnone size-full wp-image-13272\" src=\"https:\/\/i0.wp.com\/miradordeatarfe.es\/wp-content\/uploads\/2016\/12\/trabenco.jpg?resize=640%2C391&#038;ssl=1\" alt=\"\" width=\"640\" height=\"391\" srcset=\"https:\/\/i0.wp.com\/miradordeatarfe.es\/wp-content\/uploads\/2016\/12\/trabenco.jpg?w=939&amp;ssl=1 939w, https:\/\/i0.wp.com\/miradordeatarfe.es\/wp-content\/uploads\/2016\/12\/trabenco.jpg?resize=300%2C183&amp;ssl=1 300w, https:\/\/i0.wp.com\/miradordeatarfe.es\/wp-content\/uploads\/2016\/12\/trabenco.jpg?resize=768%2C469&amp;ssl=1 768w, https:\/\/i0.wp.com\/miradordeatarfe.es\/wp-content\/uploads\/2016\/12\/trabenco.jpg?resize=600%2C367&amp;ssl=1 600w\" sizes=\"auto, (max-width: 640px) 100vw, 640px\" \/><\/a><br \/>\nAntes de iniciar un proyecto se aplica el m\u00e9todo cient\u00edfico. (Foto: M.Z.)<br \/>\nAmbientes en lugar de clases<\/p>\n<p style=\"text-align: justify;\">Las puertas de las aulas de Trabenco nunca se cierran y es habitual ver ni\u00f1os de distintos cursos mezclados, haciendo talleres de rob\u00f3tica, huerto o cocina, a menudo dirigidos por los propios padres, que tambi\u00e9n tienen libre acceso. Los talleres ocupan otra parte del horario, que se completa con \u201clas zonas\u201d: espacios en los que desarrollan por grupos propuestas de los profesores. Apuestan por la comprensi\u00f3n del concepto m\u00e1s que su memorizaci\u00f3n, propio de la ense\u00f1anza que rechazan. \u201cEs m\u00e1s experimental, cada d\u00eda est\u00e1n en una zona, la de n\u00fameros, la de letras&#8230; Lo que se pretende es que se adapte a las capacidades de cada ni\u00f1o, para que el que quiera profundizar mucho pueda hacerlo, y el que tenga m\u00e1s dificultades, llegue hasta donde pueda\u201d, se\u00f1ala David Fern\u00e1ndez.<\/p>\n<p style=\"text-align: justify;\">El objetivo es abarcar todos los \u00e1mbitos: no solo educativos, tambi\u00e9n de expresi\u00f3n, sociales, desarrollo f\u00edsico&#8230;<\/p>\n<p style=\"text-align: justify;\">En el centro Es Puig, en Palma de Mallorca, tambi\u00e9n funcionan mediante este sistema, con nueve ambientes en los que dejan de lado los libros de texto y se rigen m\u00e1s por la iniciativa y motivaci\u00f3n de los menores. Ellos eligen entre pasar su tiempo en espacios como \u201cJugar a ser\u201d, \u201cEl restaurante\u201d, \u201cExperimentaci\u00f3n\u201d o \u201cMediateca\u201d. Cada una de ellas tiene una est\u00e9tica y materiales diferentes y el ni\u00f1o acude a uno u otro seg\u00fan su inter\u00e9s o dirigido por el profesor, dependiendo de la edad. \u201cEl objetivo es abarcar todos los \u00e1mbitos: no solo educativos, tambi\u00e9n de expresi\u00f3n, sociales, desarrollo f\u00edsico&#8230;\u201d, cuenta Antonia Mu\u00f1oz, directora del centro.<br \/>\nUno de los ambientes del centro Es Puig donde los menores se acercan seg\u00fan sus intereses. (Foto cedida).<br \/>\nUno de los ambientes del centro Es Puig donde los menores se acercan seg\u00fan sus intereses. (Foto cedida).<br \/>\nInformes cualitativos en lugar de notas<\/p>\n<p style=\"text-align: justify;\">En estos colegios no se puede sacar un diez. Tampoco suspender. No existen las notas, otro de los puntos en com\u00fan de las escuelas alternativas. \u201cSomos personas, y no somos cuantificables, tenemos muchos matices y no hay ninguna capacidad que en principio tenga que ser mejor que otra\u201d, cuenta Fern\u00e1ndez. Al final del trimestre, los profesores elaboran un informe cualitativo sobre los conocimientos y capacidades que han adquirido. \u201cLa diferencia con las notas que nos pon\u00edan a nosotros es abismal: en lugar de la cruz en &#8216;sabe escribir&#8217; o &#8216;sabe diferenciar izquierda o derecha&#8217;, tienes un informe de varias p\u00e1ginas donde te cuentan si tu hijo comprende para qu\u00e9 se usa\u201d, explica Sara Rodr\u00edguez, otra de las madres.<\/p>\n<p style=\"text-align: justify;\">Se eval\u00faa mediante la observaci\u00f3n. A medida que el profesor va pasando por los ambientes, van viendo si superan los contenidos<\/p>\n<p style=\"text-align: justify;\">En Es Puig tienen un sistema similar: \u201cSe eval\u00faa mediante la observaci\u00f3n. A medida que el profesor va pasando por los ambientes, va viendo si superan los contenidos\u201d. As\u00ed consiguen un seguimiento personalizado. \u201cSe mira m\u00e1s la evoluci\u00f3n personal, el progreso individualizado, no que todos alcancen las mismas metas al mismo tiempo\u00bb, explica Mu\u00f1oz. \u00abQue desarrollen su capacidad sin presiones, sin hacer &#8216;ni\u00f1os buenos&#8217; o &#8216;ni\u00f1os malos'\u00bb.<\/p>\n<p style=\"text-align: justify;\">Tampoco creen en los deberes como tarea obligatoria, ni en los libros de texto, que utilizan como una herramienta m\u00e1s de consulta y son comunes a toda la clase, como el resto de materiales. \u201cAqu\u00ed nadie tiene su estuche de bolis, todo es de todos porque se paga una cuota\u201d, explica David Fern\u00e1ndez, el director de Trabenco, que tiene la peculiaridad de definirse como una escuela \u201casamblearia y democr\u00e1tica\u201d, donde todas las decisiones se toman entre padres, ni\u00f1os y equipo docente.<\/p>\n<p style=\"text-align: justify;\">De hecho, los m\u00e1s peque\u00f1os realizan cada d\u00eda una asamblea antes de empezar la jornada, donde se debate sobre las tareas diarias, los problemas o las iniciativas. Durante la primaria, esta pr\u00e1ctica se mantiene un par de veces por semana. \u201cCreemos que el modelo jer\u00e1rquico de &#8216;equipo directivo, claustro y consejo escolar&#8217; no funciona, apostamos por las asambleas y comisiones de trabajo, donde se desarrollan determinadas tareas relacionadas con todos los \u00e1mbitos del cole: desde el transporte a nuevas tecnolog\u00edas\u201d, a\u00f1ade el director, quien reconoce que a pesar de su cargo, no toma decisiones.<\/p>\n<p style=\"text-align: justify;\">\n<a href=\"https:\/\/i0.wp.com\/miradordeatarfe.es\/wp-content\/uploads\/2016\/12\/es-puig.jpg?ssl=1\"><img data-recalc-dims=\"1\" loading=\"lazy\" decoding=\"async\" class=\"alignnone size-full wp-image-13273\" src=\"https:\/\/i0.wp.com\/miradordeatarfe.es\/wp-content\/uploads\/2016\/12\/es-puig.jpg?resize=640%2C479&#038;ssl=1\" alt=\"\" width=\"640\" height=\"479\" srcset=\"https:\/\/i0.wp.com\/miradordeatarfe.es\/wp-content\/uploads\/2016\/12\/es-puig.jpg?w=939&amp;ssl=1 939w, https:\/\/i0.wp.com\/miradordeatarfe.es\/wp-content\/uploads\/2016\/12\/es-puig.jpg?resize=300%2C225&amp;ssl=1 300w, https:\/\/i0.wp.com\/miradordeatarfe.es\/wp-content\/uploads\/2016\/12\/es-puig.jpg?resize=768%2C575&amp;ssl=1 768w, https:\/\/i0.wp.com\/miradordeatarfe.es\/wp-content\/uploads\/2016\/12\/es-puig.jpg?resize=600%2C449&amp;ssl=1 600w\" sizes=\"auto, (max-width: 640px) 100vw, 640px\" \/><\/a><\/p>\n<p style=\"text-align: justify;\">Esta manera de trabajar tiene sus propios pros y contras, como reconocen algunos profesores: \u201cA veces los ni\u00f1os tardan m\u00e1s en adquirir conocimientos que en los tradicionales, pero notamos que tienen mejores habilidades sociales y autonom\u00eda\u201d, confiesan dos profesoras de Trabenco. Todos los centros reconocen haberse encontrado con familias que no compart\u00edan los principios del colegio que, por zona, les correspond\u00eda. Algunas deciden marcharse, otras, acaban convencidas. Tambi\u00e9n es habitual, por el contrario, que acudan familias de otros barrios porque buscan este sistema o que llegan a mudarse para tener m\u00e1s puntos y conseguir matricular a su hijos.<br \/>\nM\u00e1s presente en Catalu\u00f1a, primaria e infantil<\/p>\n<p style=\"text-align: justify;\">De los 109 centros innovadores que Ludus calcula que hay en Espa\u00f1a la mayor\u00eda, con diferencia, se encuentran en Catalu\u00f1a. El motivo, seg\u00fan explica Almudena Garc\u00eda, es su mayor tradici\u00f3n y \u201cconciencia social\u201d con este tipo de iniciativas, que empezaron a aflorar hace una d\u00e9cada dando forma a lo que se conoce dentro del sector como \u201cel modelo catal\u00e1n\u201d.<\/p>\n<p style=\"text-align: justify;\">En cuanto a centros, el grueso suele concentrarse en infantil y primaria, donde por las peculiaridades de la educaci\u00f3n es m\u00e1s f\u00e1cil de implementar, y a medida que avanza la edad, el n\u00famero de centros disminuye: \u201cEs como si se les fuera preparando para lo que viene, para el sistema tradicional, pero es la pescadilla que se muerde la cola, porque si se tiene ese miedo no se implementan alternativas\u201d, defiende Garc\u00eda.<br \/>\nApenas hay institutos<\/p>\n<p style=\"text-align: justify;\">La llegada a la secundaria es una de las mayores incertidumbres de los padres que deciden llevar a sus hijos a centros innovadores, puesto que apenas existen opciones para continuar con este tipo de formaci\u00f3n. \u201cEl instituto necesita m\u00e1s recursos y adem\u00e1s para ser profesor de secundaria no hay ninguna formaci\u00f3n pedag\u00f3gica, ni did\u00e1ctica o sobre c\u00f3mo trabajar con ni\u00f1os de esa edad\u201d, dice Fern\u00e1ndez. De hecho, debido al cambio de modelo, a los alumnos de Trabenco se les suele atragantar el comienzo de la ESO, hasta que se adaptan. \u201cMuchos est\u00e1n un poco perdidos durante el primer trimestre, e incluso puede que suspendan el curso, porque no est\u00e1n acostumbrados a ese tipo de educaci\u00f3n, pero al final a todos les va bien\u201d, cuenta Fern\u00e1ndez. \u201cDurante la primaria les han dado las herramientas para ser aut\u00f3nomos, para saber organizarse por s\u00ed solos, as\u00ed que no puede irles mal\u201d, explica la madre Sara S\u00e1bate.<\/p>\n<p style=\"text-align: justify;\">El instituto Creu de Saba, en Barcelona, es uno de los pocos centros donde s\u00ed puede encontrarse metodolog\u00eda alternativa en la secundaria, pero solo durante la franja de optativas de primero a cuarto de la ESO. Durante esas horas aprovechan para desarrollarse con las ocho inteligencias m\u00faltiples de Gardner (espacial, musical, corporal, inter e intrapersonal, ling\u00fc\u00edstica, naturalista y l\u00f3gico-matem\u00e1tica). \u201cSe hace un estudio previo del alumno para ver cu\u00e1les son las suyas y en funci\u00f3n de eso se aplican los contenidos para que las desarrolle\u201d, explica Alex Salas, el director.<\/p>\n<p style=\"text-align: justify;\">\nLos problemas: consejer\u00edas y profesores asignados<\/p>\n<p style=\"text-align: justify;\">Pero la continuidad en la secundaria es solo uno de los desaf\u00edos a los que se enfrenta este tipo de educaci\u00f3n. El principal es contar con maestros que comulguen con la forma de trabajo y que est\u00e9n dispuestos a dedicar su tiempo libre a la formaci\u00f3n en estas metodolog\u00edas. A diferencia de un centro privado, donde se contrata a los profesores que se ajustan al perfil, en los p\u00fablicos depende de los que \u201ctoquen\u201d seg\u00fan un sistema de puntos. \u201cA veces encuentras compa\u00f1eros muy abiertos, con ganas de cambiar el anclado sistema tradicional y a veces tienes docentes muy conservadores y tradicionales que no hay quien los separe de sus libros\u201d, explica Esther Zarrias, directora del colegio p\u00fablico Rosa dels Vents (Mallorca) y experta en pedagog\u00edas alternativas.<\/p>\n<p style=\"text-align: justify;\">La ley permite la libertad de ense\u00f1anza, pero la pr\u00e1ctica no es tan sencilla<\/p>\n<p style=\"text-align: justify;\">La legislaci\u00f3n reconoce la libertad de ense\u00f1anza para elegir el m\u00e9todo, siempre que recoja los contenidos del curr\u00edculum que establecen las comunidades, pero las consejer\u00edas no siempre lo facilitan. Por ejemplo, aunque vaya contra su filosof\u00eda, el centro debe rellenar notas sobre sus alumnos, algo que tambi\u00e9n ocurre con los horarios. \u201cEl problema m\u00e1s grande que ten\u00edamos es que a la hora de poner ambientes no puedes rellenar un horario, y la administraci\u00f3n te ped\u00eda Lengua, Matem\u00e1ticas\u2026 pero este a\u00f1o ya han apostado por esta manera de ense\u00f1ar y podemos trabajar legalmente\u201d, cuenta Mu\u00f1oz. Lo soluci\u00f3n, coinciden los directores, pasa por concienciar a la administraci\u00f3n, que cada vez m\u00e1s \u201cles dejan hacer\u201d.<br \/>\nM\u00e1s demanda que oferta<\/p>\n<p style=\"text-align: justify;\">Para ello tambi\u00e9n ayuda que sea una opci\u00f3n cada vez m\u00e1s demandada. \u201cAhora mismo hay m\u00e1s padres que quieren estos sistemas de lo que pueden absorber los centros; muchos tienen lista de espera\u201d, cuenta Almudena Garc\u00eda, de Ludus. En Barcelona, por ejemplo, 300 familias se organizaron este a\u00f1o para protestar por no poder entrar en la escuela innovadora Congr\u00e9s Indians.<\/p>\n<p style=\"text-align: justify;\">Jes\u00fas Mart\u00edn Cordero, profesor de Psicolog\u00eda Evolutiva y de la Educaci\u00f3n de la UNED, ve como positiva esta nueva tendencia dentro de la educaci\u00f3n p\u00fablica, pero recomienda cautela a la hora de ponerlos en marcha: \u201cCualquier innovaci\u00f3n en materia educativa es positiva, pero ni los proyectos ni los ambientes son una varita m\u00e1gica por s\u00ed solos, el cambio tiene que ser gradual porque el sistema educativo es muy complejo\u201d.<\/p>\n<p style=\"text-align: justify;\"><a href=\"https:\/\/i0.wp.com\/miradordeatarfe.es\/wp-content\/uploads\/2016\/12\/ASAM.jpg?ssl=1\"><img data-recalc-dims=\"1\" loading=\"lazy\" decoding=\"async\" class=\"alignnone size-full wp-image-13274\" src=\"https:\/\/i0.wp.com\/miradordeatarfe.es\/wp-content\/uploads\/2016\/12\/ASAM.jpg?resize=640%2C395&#038;ssl=1\" alt=\"\" width=\"640\" height=\"395\" srcset=\"https:\/\/i0.wp.com\/miradordeatarfe.es\/wp-content\/uploads\/2016\/12\/ASAM.jpg?w=939&amp;ssl=1 939w, https:\/\/i0.wp.com\/miradordeatarfe.es\/wp-content\/uploads\/2016\/12\/ASAM.jpg?resize=300%2C185&amp;ssl=1 300w, https:\/\/i0.wp.com\/miradordeatarfe.es\/wp-content\/uploads\/2016\/12\/ASAM.jpg?resize=768%2C474&amp;ssl=1 768w, https:\/\/i0.wp.com\/miradordeatarfe.es\/wp-content\/uploads\/2016\/12\/ASAM.jpg?resize=600%2C370&amp;ssl=1 600w\" sizes=\"auto, (max-width: 640px) 100vw, 640px\" \/><\/a><br \/>\nAlumnos de Trabenco durante una asamblea. (Foto cedida)<\/p>\n<p style=\"text-align: justify;\">Tambi\u00e9n Esther Zarrias coincide con esta idea: \u201cEl problema que a menudo encuentro es que algunas escuelas, en lugar de abrazar toda la metodolog\u00eda, cogen solo unas partes, dejando la esencia del m\u00e9todo esfumarse entre estanter\u00edas de Ikea colmadas de materiales Montessori. De nada sirve eso, porque en unos a\u00f1os habr\u00e1 fracasado y daremos la raz\u00f3n a aquellos que dudaban y criticaban esta educaci\u00f3n\u201d.<\/p>\n<p style=\"text-align: justify;\">En cualquier caso, todos coinciden en la importancia de que esta tendencia se est\u00e9 llevando a cabo, precisamente, dentro de la educaci\u00f3n p\u00fablica y que se potencie la variedad entre los centros: \u201cNosotros queremos estar en la p\u00fablica porque creemos que tiene que haber equidad e igualdad de oportunidades. Si para acceder a este tipo de educaci\u00f3n tengo que pagar 500 euros al mes, solamente podr\u00e1 acceder un determinado estatus social\u201d, defiende Fern\u00e1ndez. \u201cNo puede ser que las familias dejen sus sueldos en escuelas privadas porque la educaci\u00f3n no es capaz de dar respuestas a las demandas de estas familias\u201d, sentencia Zarrias.<\/p>\n","protected":false},"excerpt":{"rendered":"","protected":false},"author":1,"featured_media":13270,"comment_status":"closed","ping_status":"closed","sticky":false,"template":"","format":"standard","meta":{"_coblocks_attr":"","_coblocks_dimensions":"","_coblocks_responsive_height":"","_coblocks_accordion_ie_support":"","jetpack_post_was_ever_published":false,"_jetpack_newsletter_access":"","_jetpack_dont_email_post_to_subs":false,"_jetpack_newsletter_tier_id":0,"_jetpack_memberships_contains_paywalled_content":false,"_jetpack_memberships_contains_paid_content":false,"footnotes":"","jetpack_publicize_message":"","jetpack_publicize_feature_enabled":true,"jetpack_social_post_already_shared":false,"jetpack_social_options":{"image_generator_settings":{"template":"highway","default_image_id":0,"enabled":false},"version":2}},"categories":[187,186,44,15],"tags":[27,3368,3367],"class_list":["post-13269","post","type-post","status-publish","format-standard","has-post-thumbnail","hentry","category-centros-educativos","category-instituciones","category-noticias-de-hoy","category-ultimas-noticias","tag-educacion","tag-metodologias","tag-nueva-escuela"],"jetpack_publicize_connections":[],"jetpack_featured_media_url":"https:\/\/i0.wp.com\/miradordeatarfe.es\/wp-content\/uploads\/2016\/12\/imagen-sin-titulo.jpg?fit=1338%2C752&ssl=1","jetpack_likes_enabled":true,"jetpack_sharing_enabled":true,"_links":{"self":[{"href":"https:\/\/miradordeatarfe.es\/index.php?rest_route=\/wp\/v2\/posts\/13269","targetHints":{"allow":["GET"]}}],"collection":[{"href":"https:\/\/miradordeatarfe.es\/index.php?rest_route=\/wp\/v2\/posts"}],"about":[{"href":"https:\/\/miradordeatarfe.es\/index.php?rest_route=\/wp\/v2\/types\/post"}],"author":[{"embeddable":true,"href":"https:\/\/miradordeatarfe.es\/index.php?rest_route=\/wp\/v2\/users\/1"}],"replies":[{"embeddable":true,"href":"https:\/\/miradordeatarfe.es\/index.php?rest_route=%2Fwp%2Fv2%2Fcomments&post=13269"}],"version-history":[{"count":1,"href":"https:\/\/miradordeatarfe.es\/index.php?rest_route=\/wp\/v2\/posts\/13269\/revisions"}],"predecessor-version":[{"id":13275,"href":"https:\/\/miradordeatarfe.es\/index.php?rest_route=\/wp\/v2\/posts\/13269\/revisions\/13275"}],"wp:featuredmedia":[{"embeddable":true,"href":"https:\/\/miradordeatarfe.es\/index.php?rest_route=\/wp\/v2\/media\/13270"}],"wp:attachment":[{"href":"https:\/\/miradordeatarfe.es\/index.php?rest_route=%2Fwp%2Fv2%2Fmedia&parent=13269"}],"wp:term":[{"taxonomy":"category","embeddable":true,"href":"https:\/\/miradordeatarfe.es\/index.php?rest_route=%2Fwp%2Fv2%2Fcategories&post=13269"},{"taxonomy":"post_tag","embeddable":true,"href":"https:\/\/miradordeatarfe.es\/index.php?rest_route=%2Fwp%2Fv2%2Ftags&post=13269"}],"curies":[{"name":"wp","href":"https:\/\/api.w.org\/{rel}","templated":true}]}}