{"id":13306,"date":"2016-12-28T09:58:36","date_gmt":"2016-12-28T08:58:36","guid":{"rendered":"http:\/\/miradordeatarfe.es\/?p=13306"},"modified":"2016-12-26T21:02:49","modified_gmt":"2016-12-26T20:02:49","slug":"6-biomarcadores-pueden-indicar-si-una-persona-es-bipolar","status":"publish","type":"post","link":"https:\/\/miradordeatarfe.es\/?p=13306","title":{"rendered":"6 biomarcadores pueden indicar si una persona es bipolar"},"content":{"rendered":"<p>Nueva ayuda en el complejo diagn\u00f3stico del trastorno bipolar.<!--more--><\/p>\n<p><!--more--><\/p>\n<div id=\"paragraph_1\">\n<p style=\"text-align: justify;\"><strong>Diagnosticar el <\/strong><span lang=\"es-ES\"><strong>trastorno bipolar es una tarea dif\u00edcil. <\/strong><\/span><span lang=\"es-ES\">No se conocen marcadores qu\u00edmicos conocidos y prescribir un tratamiento incorrecto puede ser absolutamente perjudicial para el paciente. Ahora, un nuevo estudio aclara este extremo, exponiendo que revisar los niveles de ciertas prote\u00ednas servir\u00edan de biomarcadores de la anteriormente conocida como \u201cdepresi\u00f3n man\u00edaca\u201d.<\/span><\/p>\n<\/div>\n<div id=\"paragraph_2\">\n<p style=\"text-align: justify;\"><span lang=\"es-ES\">A diferencia de los altibajos normales que experimentamos la mayor\u00eda a lo largo de nuestra vida, las personas que sufren de trastorno bipolar pueden experimentarlo en distintas fases o etapas, todas ellas muy extremas: <\/span><span lang=\"es-ES\"><strong>desde las vertientes m\u00e1s altas, con episodios man\u00edacos, a las m\u00e1s bajas con episodios de gran depresi\u00f3n. <\/strong><\/span><span lang=\"es-ES\"><br \/>\n<\/span><\/p>\n<p style=\"text-align: justify;\"><span lang=\"es-ES\"><strong>Existen cuatro formas en las que el trastorno bipolar puede presentarse<\/strong><\/span><span lang=\"es-ES\">: trastorno bipolar I: (episodios man\u00edacos que duran al menos 1 semana o episodios depresivos a menudo de 2 semanas de duraci\u00f3n); trastorno bipolar II (episodios depresivos y episodios de hipoman\u00eda); trastorno bipolar no especificado (hay s\u00edntomas bipolares, pero no se ajustan a los criterios anteriores); trastorno ciclot\u00edmico (episodios de hipoman\u00eda y depresi\u00f3n leve durante al menos 2 a\u00f1os pero sin cumplir los requisitos de los anteriores).<\/span><\/p>\n<p style=\"text-align: justify;\"><span lang=\"es-ES\"><strong>Los s\u00edntomas del trastorno bipolar producen un efecto devastador en la vida cotidiana, ya sea a nivel laboral, personal&#8230; <\/strong><\/span><span lang=\"es-ES\">Como comparte s\u00edntomas con la esquizofrenia y otros trastornos de la personalidad, diagnosticar acertadamente un trastorno bipolar\u00a0no es sencillo. Realizar esc\u00e1neres cerebrales, an\u00e1lisis de sangre o exploraciones externas, solo sirven para descartar otras patolog\u00edas pero no para acertar en el diagn\u00f3stico, por lo que era necesario encontrar algo m\u00e1s.<\/span><\/p>\n<p style=\"text-align: justify;\"><span lang=\"es-ES\">As\u00ed, una investigaci\u00f3n llevada a cabo por la Cl\u00ednica Mayo (EE.UU.)<\/span><span lang=\"es-ES\"><strong> analizaron 272 prote\u00ednas diferentes en la sangre de 288 pacientes <\/strong><\/span><span lang=\"es-ES\">(174 con trastorno bipolar y 141 individuos como grupo de control), consiguiendo identificar que 73 de las prote\u00ednas medidas difirieron entre los cuatro grupos de estudio y <\/span><span lang=\"es-ES\"><strong>6 de ellas resultaron significativamente diferentes entre el trastorno bipolar y el grupo control.<\/strong><\/span><\/p>\n<p style=\"text-align: justify;\"><span lang=\"es-ES\">A pesar de que la muestra es peque\u00f1a, <\/span><span lang=\"es-ES\"><strong>su resoluci\u00f3n abre la esperanza a un diagn\u00f3stico mucho m\u00e1s r\u00e1pido y preciso<\/strong><\/span><span lang=\"es-ES\">, puesto que, aunque no exista una cura para el trastorno bipolar, muchas personas s\u00ed responden bien al tratamiento. <\/span><\/p>\n<p style=\"text-align: justify;\"><span lang=\"es-ES\"><br \/>\n\u201cEl potencial de tener una prueba biol\u00f3gica para ayudar a diagnosticar con precisi\u00f3n el trastorno bipolar <\/span><span lang=\"es-ES\"><strong>establecer\u00eda una gran paso en la pr\u00e1ctica m\u00e9dica.<\/strong><\/span><span lang=\"es-ES\"> Ayudar\u00eda a los m\u00e9dicos a elegir el tratamiento m\u00e1s adecuado para los individuos dif\u00edciles de diagnosticar\u201d, explica Mark Frye, l\u00edder del estudio.<\/span><\/p>\n<p style=\"text-align: justify;\"><span lang=\"es-ES\">El trabajo ha sido publicado en la revista <\/span><span lang=\"es-ES\"><em>Translational Psychiatry<\/em><\/span><span lang=\"es-ES\">.<\/span><\/p>\n<\/div>\n","protected":false},"excerpt":{"rendered":"<p>Nueva ayuda en el complejo diagn\u00f3stico del trastorno bipolar.<\/p>\n","protected":false},"author":1,"featured_media":13307,"comment_status":"closed","ping_status":"closed","sticky":false,"template":"","format":"standard","meta":{"_coblocks_attr":"","_coblocks_dimensions":"","_coblocks_responsive_height":"","_coblocks_accordion_ie_support":"","jetpack_post_was_ever_published":false,"_jetpack_newsletter_access":"","_jetpack_dont_email_post_to_subs":false,"_jetpack_newsletter_tier_id":0,"_jetpack_memberships_contains_paywalled_content":false,"_jetpack_memberships_contains_paid_content":false,"footnotes":"","jetpack_publicize_message":"","jetpack_publicize_feature_enabled":true,"jetpack_social_post_already_shared":false,"jetpack_social_options":{"image_generator_settings":{"template":"highway","default_image_id":0,"enabled":false},"version":2}},"categories":[44,15,10],"tags":[3376,407,3375],"class_list":["post-13306","post","type-post","status-publish","format-standard","has-post-thumbnail","hentry","category-noticias-de-hoy","category-ultimas-noticias","category-salud","tag-diagnostico","tag-investigacion","tag-transtorno-bipolar"],"jetpack_publicize_connections":[],"jetpack_featured_media_url":"https:\/\/i0.wp.com\/miradordeatarfe.es\/wp-content\/uploads\/2016\/12\/bipolar_0.jpg?fit=400%2C300&ssl=1","jetpack_likes_enabled":true,"jetpack_sharing_enabled":true,"_links":{"self":[{"href":"https:\/\/miradordeatarfe.es\/index.php?rest_route=\/wp\/v2\/posts\/13306","targetHints":{"allow":["GET"]}}],"collection":[{"href":"https:\/\/miradordeatarfe.es\/index.php?rest_route=\/wp\/v2\/posts"}],"about":[{"href":"https:\/\/miradordeatarfe.es\/index.php?rest_route=\/wp\/v2\/types\/post"}],"author":[{"embeddable":true,"href":"https:\/\/miradordeatarfe.es\/index.php?rest_route=\/wp\/v2\/users\/1"}],"replies":[{"embeddable":true,"href":"https:\/\/miradordeatarfe.es\/index.php?rest_route=%2Fwp%2Fv2%2Fcomments&post=13306"}],"version-history":[{"count":2,"href":"https:\/\/miradordeatarfe.es\/index.php?rest_route=\/wp\/v2\/posts\/13306\/revisions"}],"predecessor-version":[{"id":13309,"href":"https:\/\/miradordeatarfe.es\/index.php?rest_route=\/wp\/v2\/posts\/13306\/revisions\/13309"}],"wp:featuredmedia":[{"embeddable":true,"href":"https:\/\/miradordeatarfe.es\/index.php?rest_route=\/wp\/v2\/media\/13307"}],"wp:attachment":[{"href":"https:\/\/miradordeatarfe.es\/index.php?rest_route=%2Fwp%2Fv2%2Fmedia&parent=13306"}],"wp:term":[{"taxonomy":"category","embeddable":true,"href":"https:\/\/miradordeatarfe.es\/index.php?rest_route=%2Fwp%2Fv2%2Fcategories&post=13306"},{"taxonomy":"post_tag","embeddable":true,"href":"https:\/\/miradordeatarfe.es\/index.php?rest_route=%2Fwp%2Fv2%2Ftags&post=13306"}],"curies":[{"name":"wp","href":"https:\/\/api.w.org\/{rel}","templated":true}]}}