{"id":13310,"date":"2016-12-31T08:05:33","date_gmt":"2016-12-31T07:05:33","guid":{"rendered":"http:\/\/miradordeatarfe.es\/?p=13310"},"modified":"2016-12-28T14:00:30","modified_gmt":"2016-12-28T13:00:30","slug":"los-hitos-cientificos-de-2016","status":"publish","type":"post","link":"https:\/\/miradordeatarfe.es\/?p=13310","title":{"rendered":"Los hitos cient\u00edficos de 2016"},"content":{"rendered":"<p>2016 ha sido un a\u00f1o intenso, con grandes descubrimientos cient\u00edficos y tecnol\u00f3gicos. Repasamos algunos de los m\u00e1s destacados.<\/p>\n<p><!--more--><\/p>\n<div class=\"js_gallery_module\" data-gallery-module=\"1\">\n<div class=\"js_inner_gallery col-xs-12 col-sm-7 col-md-8\">\n<ul>\n<li data-slug=\"deteccion-de-ondas-gravitacionales\">\n<div class=\"title_description\">\n<h2>Detecci\u00f3n de ondas gravitacionales<\/h2>\n<div class=\"gallery_text\">\n<p>El Observatorio de Detecci\u00f3n de Ondas Gravitaciones (<em>LIGO<\/em>) logr\u00f3 detectar el 11 de febrero de 2016 las <a href=\"http:\/\/www.muyinteresante.es\/ciencia\/articulo\/confirman-la-existencia-de-las-ondas-gravitacionales-predichas-por-einstein-311455207264\">ondas gravitacionales<\/a>. La detecci\u00f3n fue gracias a dos agujeros negros que colisionaron hace 1,3 mil millones de a\u00f1o. Esta fusi\u00f3n de dos agujeros negros a unos 410 megap\u00e1rsecs de la Tierra recibi\u00f3 el c\u00f3digo GW150914. Nunca antes hab\u00edan conseguido detectarse. Gracias a este hito cient\u00edfico, pudimos obtener una prueba de la teor\u00eda de la relatividad general en el r\u00e9gimen de campo fuerte y<strong> permitir\u00e1 a los cient\u00edficos estudiar el cosmos de una manera completamente nueva.<\/strong><\/p>\n<p>&nbsp;<\/p>\n<\/div>\n<\/div>\n<\/li>\n<li data-slug=\"reduccion-del-agujero-de-la-capa-de-ozono\">\n<div class=\"media_vertical\">\n<figure><img data-recalc-dims=\"1\" loading=\"lazy\" decoding=\"async\" class=\"img-responsive pull-left js_vertical_gallery_lazy  alignnone\" src=\"https:\/\/i0.wp.com\/estaticos.muyinteresante.es\/media\/cache\/1000x_thumb\/uploads\/images\/gallery\/5857dff75bafe81a968b457c\/ozono.jpg?resize=586%2C439\" alt=\"Reducci\u00f3n del agujero de la capa de ozono\" width=\"586\" height=\"439\" data-slug=\"reduccion-del-agujero-de-la-capa-de-ozono\" data-realheight=\"750\" data-cutout=\"1000x_thumb\" \/><\/figure>\n<div class=\"contentShare\">\n<div id=\"entry_meta\" class=\"entry_meta col-xs-12 col-sm-5 no_padding\"><\/div>\n<div class=\"article_tools animate col-xs-12 col-md-7 no_padding\">\n<div class=\"social_share_final col-xs-12 hidden-print animate\">\n<div class=\"facebook\"><\/div>\n<\/div>\n<\/div>\n<\/div>\n<\/div>\n<div class=\"title_description\">\n<h2>Reducci\u00f3n del agujero de la capa de ozono<\/h2>\n<div class=\"gallery_text\">\n<p>&nbsp;<\/p>\n<p><span lang=\"es-ES\">En julio de 2016 los cient\u00edficos atmosf\u00e9ricos informaron que el agujero de ozono que protege la Tierra de la radiaci\u00f3n UV est\u00e1 empezando a sanar. Los datos indican que, gracias al Protocolo de Montreal firmado en 1987 -para limitar el uso de sustancias qu\u00edmicas que destruyen el ozono- , <strong>el agujero de la capa de ozono se redujo<\/strong><\/span><strong> m\u00e1s de 4 millones de kil\u00f3metros cuadrados<\/strong>, (aproximadamente la mitad del territorio del Brasil) desde que alcanz\u00f3 su pico en 2000. <span lang=\"es-ES\">El Protocolo de Montreal redujo dr\u00e1sticamente la fabricaci\u00f3n de estos compuestos, como los clorofluorocarbonos o <a href=\"http:\/\/www.muyinteresante.es\/ciencia\/articulo\/frank-sherwood-rowland-el-quimico-que-se-chivo-de-los-cfcs\">CFC<\/a>, que se empleaban para aires acondicionados, refrigeradores y otros productos. Entr\u00f3 en vigor en 1989 y elimin\u00f3 los CFC por completo en 2010.<\/span><\/p>\n<p>&nbsp;<\/p>\n<\/div>\n<\/div>\n<\/li>\n<li data-slug=\"expansion-del-virus-zika\">\n<div class=\"media_vertical\">\n<figure><img data-recalc-dims=\"1\" loading=\"lazy\" decoding=\"async\" class=\"img-responsive pull-left\" src=\"https:\/\/i0.wp.com\/estaticos.muyinteresante.es\/media\/cache\/1000x_thumb\/uploads\/images\/gallery\/5857dff75bafe81a968b457c\/zika.jpg?resize=640%2C480\" alt=\"Expansi\u00f3n del virus Zika\" width=\"640\" height=\"480\" data-slug=\"expansion-del-virus-zika\" data-realheight=\"750\" data-cutout=\"1000x_thumb\" \/><\/figure>\n<div class=\"contentShare\">\n<div id=\"entry_meta\" class=\"entry_meta col-xs-12 col-sm-5 no_padding\"><\/div>\n<\/div>\n<\/div>\n<div class=\"title_description\">\n<h2>Expansi\u00f3n del virus Zika<\/h2>\n<div class=\"gallery_text\">\n<p><span lang=\"es-ES\">Seg\u00fan el cient\u00edfico Sonja Rasmussen de los<em> U.S. Centers for Disease Control and Prevention<\/em>\u00a0en Atlanta (EE. UU.), \u00abeste es el a\u00f1o en que la gente se convenci\u00f3 de que este virus transmitido por mosquitos podr\u00eda causar defectos de nacimiento\u00bb. <\/span>El <a href=\"http:\/\/www.muyinteresante.es\/salud\/articulo\/nace-en-espana-el-primer-bebe-con-microcefalia-por-virus-zika-711469782001\">zika<\/a>\u00a0se propaga principalmente a trav\u00e9s de la picadura de un mosquito de la especie Aedes que est\u00e9 infectado pero, adem\u00e1s, puede pasar de una mujer embarazada al feto que puede causar ciertos defectos cong\u00e9nitos. <strong>En<\/strong><span lang=\"es-ES\"><strong> diciembre de 2016 Puerto Rico inform\u00f3 de m\u00e1s 34,000 personas infectadas por Zika, 2.700 de ellas mujeres embarazadas.<\/strong> Este extremo inund\u00f3 a las mujeres embarazadas con incertidumbre y con miedo. \u00abEs realmente aterrador estar embarazada ahora\u00bb, comenta Rasmussen.<\/span><\/p>\n<p>&nbsp;<\/p>\n<\/div>\n<\/div>\n<\/li>\n<\/ul>\n<\/div>\n<aside class=\"js_sidebar_gallery hidden-xs col-sm-5 col-md-4 hidden-print\" data-gallery-module=\"1\">\n<div id=\"dfp_gallery_muy_roba1_ciencia-galerias_2\" class=\"js_dfp_on_demand js_dfp_shown bottom\" data-dfp-idx=\"2\" data-dfp-display=\"roba1\" data-publisuffix=\"2\" data-only-mobile=\"0\" data-google-query-id=\"CIP2iojUktECFdXhGwodaNYC1A\"><\/div>\n<\/aside>\n<div><\/div>\n<\/div>\n<div class=\"mega1 size_static\"><\/div>\n<div class=\"js_gallery_module\" data-gallery-module=\"4\">\n<div class=\"js_inner_gallery col-xs-12 col-sm-7 col-md-8\">\n<ul>\n<li data-slug=\"bebes-de-3-padres\">\n<div class=\"media_vertical\">\n<figure><img data-recalc-dims=\"1\" loading=\"lazy\" decoding=\"async\" class=\"img-responsive pull-left\" src=\"https:\/\/i0.wp.com\/estaticos.muyinteresante.es\/media\/cache\/1000x_thumb\/uploads\/images\/gallery\/5857dff75bafe81a968b457c\/3padres.jpg?resize=640%2C480\" alt=\"Beb\u00e9s de 3 padres\" width=\"640\" height=\"480\" data-slug=\"bebes-de-3-padres\" data-realheight=\"750\" data-cutout=\"1000x_thumb\" \/><\/figure>\n<div class=\"contentShare\">\n<div id=\"entry_meta\" class=\"entry_meta col-xs-12 col-sm-5 no_padding\"><\/div>\n<div class=\"article_tools animate col-xs-12 col-md-7 no_padding\">\n<div class=\"social_share_final col-xs-12 hidden-print animate\">\n<div class=\"twitter\"><\/div>\n<\/div>\n<\/div>\n<\/div>\n<\/div>\n<div class=\"title_description\">\n<h2>Beb\u00e9s de 3 padres<\/h2>\n<div class=\"gallery_text\">\n<p>En septiembre de 2016 naci\u00f3 el primer beb\u00e9 con una nueva t\u00e9cnica de fertilidad usando <a href=\"http:\/\/www.muyinteresante.es\/innovacion\/articulo\/bebes-de-tres-padres-811423044048\">ADN de tres personas<\/a>. Este beb\u00e9 de tres padres gen\u00e9ticos tiene el ADN normal de su madre y su padre, m\u00e1s una peque\u00f1a porci\u00f3n de material gen\u00e9tico de una donante. <strong>Esta controvertida t\u00e9cnica permite que los padres con mutaciones gen\u00e9ticas raras puedan tener beb\u00e9s sanos.<\/strong><\/p>\n<p>&nbsp;<\/p>\n<\/div>\n<\/div>\n<\/li>\n<li data-slug=\"descubrimiento-de-proxima-b\">\n<div class=\"media_vertical\">\n<figure><img data-recalc-dims=\"1\" loading=\"lazy\" decoding=\"async\" class=\"img-responsive pull-left\" src=\"https:\/\/i0.wp.com\/estaticos.muyinteresante.es\/media\/cache\/1000x_thumb\/uploads\/images\/gallery\/5857dff75bafe81a968b457c\/proximab.jpg?resize=640%2C480\" alt=\"Descubrimiento de Proxima b\" width=\"640\" height=\"480\" data-slug=\"descubrimiento-de-proxima-b\" data-realheight=\"750\" data-cutout=\"1000x_thumb\" \/><\/figure>\n<div class=\"contentShare\">\n<div id=\"entry_meta\" class=\"entry_meta col-xs-12 col-sm-5 no_padding\"><\/div>\n<div class=\"article_tools animate col-xs-12 col-md-7 no_padding\">\n<div class=\"social_share_final col-xs-12 hidden-print animate\">\n<div class=\"twitter\"><\/div>\n<\/div>\n<\/div>\n<\/div>\n<\/div>\n<div class=\"title_description\">\n<h2>Descubrimiento de Proxima b<\/h2>\n<div class=\"gallery_text\">\n<p>El 24 de agosto de 2016 descubrimos un <a href=\"http:\/\/www.muyinteresante.es\/ciencia\/articulo\/hallan-un-planeta-como-la-tierra-en-la-estrella-mas-cercana-al-sol-221472111279\">planeta gemelo de la Tierra<\/a>\u00a0potencialmente habitable en el entorno de la estrella m\u00e1s cercana al sol, Proxima Centauri (se encuentra a solo 4,5 a\u00f1os luz de la Tierra). Este planeta bautizado como <a href=\"http:\/\/www.muyinteresante.es\/ciencia\/articulo\/curiosidades-sobre-el-descubrimiento-de-proxima-b-941473155435\">Proxima b<\/a>\u00a0es rocoso y de un tama\u00f1o similar al de la Tierra. Por si esto no fuera poco, se encuentra en la zona habitable de este sistema. Como curiosidad, <strong>el d\u00eda y el a\u00f1o en este exoplaneta duran lo mismo: 11 d\u00edas.<\/strong> \u00bfSer\u00e1 este planeta nuestro hogar del futuro?<\/p>\n<p>&nbsp;<\/p>\n<\/div>\n<\/div>\n<\/li>\n<li data-slug=\"perdida-de-hielo-en-el-artico\">\n<div class=\"media_vertical\">\n<figure><img data-recalc-dims=\"1\" decoding=\"async\" class=\"img-responsive pull-left\" src=\"https:\/\/i0.wp.com\/estaticos.muyinteresante.es\/media\/cache\/1000x_thumb\/uploads\/images\/gallery\/5857dff75bafe81a968b457c\/deshielo.jpg?w=640\" alt=\"P\u00e9rdida de hielo en el \u00c1rtico\" data-slug=\"perdida-de-hielo-en-el-artico\" data-realheight=\"750\" data-cutout=\"1000x_thumb\" \/><\/figure>\n<div class=\"contentShare\">\n<div id=\"entry_meta\" class=\"entry_meta col-xs-12 col-sm-5 no_padding\"><\/div>\n<div class=\"article_tools animate col-xs-12 col-md-7 no_padding\">\n<div class=\"social_share_final col-xs-12 hidden-print animate\">\n<h2 class=\"twitter\">\u00a0P\u00e9rdida de hielo en el \u00c1rtico<\/h2>\n<\/div>\n<\/div>\n<\/div>\n<\/div>\n<div class=\"title_description\">\n<div class=\"gallery_text\">\n<p>En este mundo de clima cambiante, la p\u00e9rdida extrema de <a href=\"http:\/\/www.muyinteresante.es\/naturaleza\/articulo\/el-hielo-de-groenlandia-se-derrite-antes-de-tiempo-611460620788\">hielo marino<\/a>\u00a0en el \u00c1rtico es una noticia m\u00e1s que preocupante. <strong>El hielo se contrajo<\/strong><span lang=\"es-ES\"><strong> 4,14 millones de kil\u00f3metros cuadrados este verano,<\/strong> muy por debajo de la media de 6,22 millones de kil\u00f3metros cuadrados. Gran parte del hielo de varios a\u00f1os ha sido reemplazado por hielo m\u00e1s delgado y estacional. Los cambios del hielo marino tiene y tendr\u00e1 consecuencias devastadoras en los ecosistemas.<\/span><\/p>\n<p>&nbsp;<\/p>\n<\/div>\n<\/div>\n<\/li>\n<\/ul>\n<\/div>\n<aside class=\"js_sidebar_gallery hidden-xs col-sm-5 col-md-4 hidden-print\" data-gallery-module=\"4\">\n<div id=\"dfp_gallery_muy_roba1_ciencia-galerias_5\" class=\"js_dfp_on_demand js_dfp_shown bottom\" data-dfp-idx=\"5\" data-dfp-display=\"roba1\" data-publisuffix=\"5\" data-only-mobile=\"0\" data-google-query-id=\"CNXD26bUktECFYdsGwodiZIAkA\"><\/div>\n<\/aside>\n<div><\/div>\n<\/div>\n<div class=\"mega1 size_static\"><\/div>\n<div class=\"js_gallery_module\" data-gallery-module=\"7\">\n<div class=\"js_inner_gallery col-xs-12 col-sm-7 col-md-8\">\n<ul>\n<li data-slug=\"la-victoria-de-la-inteligencia-artificial\">\n<div class=\"media_vertical\">\n<figure><\/figure>\n<div class=\"contentShare\">\n<div id=\"entry_meta\" class=\"entry_meta col-xs-12 col-sm-5 no_padding\"><\/div>\n<div class=\"article_tools animate col-xs-12 col-md-7 no_padding\">\n<div class=\"social_share_final col-xs-12 hidden-print animate\">\n<div class=\"twitter\"><\/div>\n<div class=\"facebook\"><\/div>\n<div class=\"hidden-xs hidden-sm hidden-print socialLink_share_content animate\">\n<div class=\"socialLink_share_content_icon\">Compartir<\/div>\n<\/div>\n<\/div>\n<\/div>\n<\/div>\n<\/div>\n<div class=\"title_description\">\n<h2>La victoria de la inteligencia artificial<\/h2>\n<div class=\"gallery_text\">\n<p>La inteligencia artificial de\u00a0<a href=\"http:\/\/www.muyinteresante.es\/tecnologia\/articulo\/un-ordenador-derrota-por-primera-vez-a-un-campeon-de-go-141453984269\">AlphaGo\u00a0derrota a un humano<\/a>. El mejor jugador del mundo de Go perdi\u00f3 frente a la IA de Google. AlphaGo, el programa inform\u00e1tico concebido por Google, confirm\u00f3 ser un notoroio avance para la <strong>inteligencia artificial intuitiva<\/strong>. La IA venci\u00f3 al surcoreano Lee Sedol, ganador de 18 t\u00edtulos internacionales, en este duelo al mejor de cinco partidas, premiado con un mill\u00f3n de d\u00f3lares. Uno de sus puntos fuertes es que emplea algoritmos que le permiten aprender y mejorar a partir de las experiencias pasadas. <span lang=\"es-ES\">La victoria sorprendi\u00f3 a jugadores de Go y a gur\u00fas por igual.<\/span><\/p>\n<p>&nbsp;<\/p>\n<\/div>\n<\/div>\n<\/li>\n<li data-slug=\"pandas-fuera-de-peligro\">\n<div class=\"media_vertical\">\n<figure><img data-recalc-dims=\"1\" decoding=\"async\" class=\"img-responsive pull-left\" src=\"https:\/\/i0.wp.com\/estaticos.muyinteresante.es\/media\/cache\/1000x_thumb\/uploads\/images\/gallery\/5857dff75bafe81a968b457c\/panda.jpg?w=640\" alt=\"Pandas fuera de peligro\" data-slug=\"pandas-fuera-de-peligro\" data-realheight=\"750\" data-cutout=\"1000x_thumb\" \/><\/figure>\n<div class=\"contentShare\">\n<div id=\"entry_meta\" class=\"entry_meta col-xs-12 col-sm-5 no_padding\"><\/div>\n<\/div>\n<\/div>\n<div class=\"title_description\">\n<h2>Pandas fuera de peligro<\/h2>\n<div class=\"gallery_text\">\n<p>En septiembre la Uni\u00f3n Internacional por la Conservaci\u00f3n de la Naturaleza (UICN) clasific\u00f3 al oso panda como \u00abvulnerable\u00bb en lugar de \u00abamenazado\u00bb, por lo que<strong> ya no se encuentra en peligro de extinci\u00f3n<\/strong>. Las buenas noticias son que su n\u00famero se ha elevado un 17% en la \u00faltima d\u00e9cada (en 10 a\u00f1os se ha pasado de 1.596 a 1.864 ejemplares), gracias al aumento de los ejemplares que viven en libertad en el sur de China. Aunque los <a href=\"http:\/\/www.muyinteresante.es\/curiosidades\/preguntas-respuestas\/itienen-los-pandas-un-falso-pulgar\">pandas<\/a>\u00a0siguen siendo vulnerables es una buena noticia para la biodiversidad.<\/p>\n<p>&nbsp;<\/p>\n<\/div>\n<\/div>\n<\/li>\n<li data-slug=\"space-x-y-los-cohetes-reutilizables\">\n<div class=\"media_vertical\">\n<figure><img data-recalc-dims=\"1\" decoding=\"async\" class=\"img-responsive pull-left\" src=\"https:\/\/i0.wp.com\/estaticos.muyinteresante.es\/media\/cache\/1000x_thumb\/uploads\/images\/gallery\/5857dff75bafe81a968b457c\/spacex.jpg?w=640\" alt=\"Space X y los cohetes reutilizables\" data-slug=\"space-x-y-los-cohetes-reutilizables\" data-realheight=\"750\" data-cutout=\"1000x_thumb\" \/><\/figure>\n<div class=\"contentShare\">\n<div id=\"entry_meta\" class=\"entry_meta col-xs-12 col-sm-5 no_padding\"><\/div>\n<div class=\"article_tools animate col-xs-12 col-md-7 no_padding\">\n<div class=\"social_share_final col-xs-12 hidden-print animate\"><\/div>\n<\/div>\n<\/div>\n<\/div>\n<div class=\"title_description\">\n<h2>Space X y los cohetes reutilizables<\/h2>\n<div class=\"gallery_text\">\n<p>\u00a0<a href=\"http:\/\/www.muyinteresante.es\/ciencia\/preguntas-respuestas\/como-funcionan-los-cohetes-espaciales-reutilizables-881460441945\">Space X<\/a>\u00a0hizo historia en el mes de abril al realizar un <strong>aterrizaje vertical de su cohete reciclable sobre una plataforma flotante para drones en medio del oc\u00e9ano<\/strong>. Este logro permitir\u00e1 a la compa\u00f1\u00eda de Elon Musk recuperar y reutilizar sus lanzadores de cohetes, lo que<strong> reducir\u00eda los costes de la exploraci\u00f3n espacial hasta un 30%.<\/strong><\/p>\n<p>&nbsp;<\/p>\n<\/div>\n<\/div>\n<\/li>\n<\/ul>\n<\/div>\n<aside class=\"js_sidebar_gallery hidden-xs col-sm-5 col-md-4 hidden-print\" data-gallery-module=\"7\">\n<div id=\"dfp_gallery_muy_roba1_ciencia-galerias_8\" class=\"js_dfp_on_demand js_dfp_shown bottom\" data-dfp-idx=\"8\" data-dfp-display=\"roba1\" data-publisuffix=\"8\" data-only-mobile=\"0\" data-google-query-id=\"CNP9najUktECFUUaGwodbjYB3A\"><\/div>\n<\/aside>\n<div><\/div>\n<\/div>\n<div class=\"mega1 size_static\"><\/div>\n<div class=\"js_gallery_module\" data-gallery-module=\"10\">\n<div class=\"js_inner_gallery col-xs-12 col-sm-7 col-md-8\">\n<ul>\n<li data-slug=\"la-vida-artificial-mas-sencilla\">\n<div class=\"media_vertical\">\n<figure><img data-recalc-dims=\"1\" decoding=\"async\" class=\"img-responsive pull-left aligncenter\" src=\"https:\/\/i0.wp.com\/estaticos.muyinteresante.es\/media\/cache\/1000x_thumb\/uploads\/images\/gallery\/5857dff75bafe81a968b457c\/bacteria.jpg?w=640\" alt=\"La vida artificial m\u00e1s sencilla\" data-slug=\"la-vida-artificial-mas-sencilla\" data-realheight=\"750\" data-cutout=\"1000x_thumb\" \/><\/figure>\n<div class=\"contentShare\">\n<div id=\"entry_meta\" class=\"entry_meta col-xs-12 col-sm-5 no_padding\"><\/div>\n<div class=\"article_tools animate col-xs-12 col-md-7 no_padding\">\n<div class=\"social_share_final col-xs-12 hidden-print animate\">\n<div class=\"twitter\"><\/div>\n<\/div>\n<\/div>\n<\/div>\n<\/div>\n<div class=\"title_description\">\n<h2>La vida artificial m\u00e1s sencilla<\/h2>\n<div class=\"gallery_text\">\n<p><span lang=\"es-ES\">Uno de los mayores logros de la biolog\u00eda de 2016 ha sido <a href=\"http:\/\/www.muyinteresante.es\/ciencia\/articulo\/crean-un-ser-vivo-con-el-genoma-mas-pequeno-del-mundo-251459158447\">la creaci\u00f3n de una bacteria con s\u00f3lo 473 genes<\/a>\u00a0por un grupo de cient\u00edficos liderados por<strong> Craig Venter, el padre del genoma humano.<\/strong> Es una bacteria de m\u00e1xima simplicidad,<strong> con menos genes que cualquier organismo creado en la naturaleza<\/strong> (el genoma humano consta de m\u00e1s de 20.000 genes). Solo tiene los elementos esenciales para existir y reproducirse. El estudio tambi\u00e9n identific\u00f3 genes cruciales para la supervivencia de los microbios, pero muy desconocidos para la ciencia. Un nuevo cap\u00edtulo del gran libro de la vida y de la creaci\u00f3n de organismos artificiales.<\/span><\/p>\n<p>&nbsp;<\/p>\n<\/div>\n<\/div>\n<\/li>\n<li data-slug=\"frenando-el-envejecimiento\">\n<div class=\"media_vertical\">\n<figure><img data-recalc-dims=\"1\" loading=\"lazy\" decoding=\"async\" class=\"img-responsive pull-left\" src=\"https:\/\/i0.wp.com\/estaticos.muyinteresante.es\/media\/cache\/1000x_thumb\/uploads\/images\/gallery\/5857dff75bafe81a968b457c\/alargan-vida-ratones.jpg?resize=640%2C480\" alt=\"Frenando el envejecimiento\" width=\"640\" height=\"480\" data-slug=\"frenando-el-envejecimiento\" data-realheight=\"750\" data-cutout=\"1000x_thumb\" \/><\/figure>\n<div class=\"contentShare\">\n<div id=\"entry_meta\" class=\"entry_meta col-xs-12 col-sm-5 no_padding\"><\/div>\n<div class=\"article_tools animate col-xs-12 col-md-7 no_padding\">\n<div class=\"twitter\">\u00a0Frenando el envejecimiento<\/div>\n<\/div>\n<\/div>\n<\/div>\n<div class=\"title_description\">\n<div class=\"gallery_text\">\n<p>Un equipo de cient\u00edficos del Instituto Salk de Estudios Biol\u00f3gicos en California (EE.UU.)<strong> liderado por el investigador espa\u00f1ol Juan Carlos Izpis\u00faa Belmonte<\/strong> nos acerca el sue\u00f1o de la vida eterna. En diciembre, los expertos anunciaron haber conseguido <a href=\"http:\/\/www.muyinteresante.es\/ciencia\/articulo\/la-reprogramacion-celular-consigue-alargar-la-vida-de-ratones-571481889788\">aumentar un 30% la esperanza de vida de ratones vivos<\/a>. Este hito ha sido conseguido gracias a la reprogramaci\u00f3n de marcas qu\u00edmicas en el genoma.<\/p>\n<\/div>\n<\/div>\n<\/li>\n<\/ul>\n<\/div>\n<\/div>\n","protected":false},"excerpt":{"rendered":"<p>2016 ha sido un a\u00f1o intenso, con grandes descubrimientos cient\u00edficos y tecnol\u00f3gicos. Repasamos algunos de&#8230;<\/p>\n","protected":false},"author":1,"featured_media":13311,"comment_status":"closed","ping_status":"closed","sticky":false,"template":"","format":"standard","meta":{"_coblocks_attr":"","_coblocks_dimensions":"","_coblocks_responsive_height":"","_coblocks_accordion_ie_support":"","jetpack_post_was_ever_published":false,"_jetpack_newsletter_access":"","_jetpack_dont_email_post_to_subs":false,"_jetpack_newsletter_tier_id":0,"_jetpack_memberships_contains_paywalled_content":false,"_jetpack_memberships_contains_paid_content":false,"footnotes":"","jetpack_publicize_message":"","jetpack_publicize_feature_enabled":true,"jetpack_social_post_already_shared":false,"jetpack_social_options":{"image_generator_settings":{"template":"highway","default_image_id":0,"enabled":false},"version":2}},"categories":[186,9,44,15],"tags":[1993,3377,53],"class_list":["post-13310","post","type-post","status-publish","format-standard","has-post-thumbnail","hentry","category-instituciones","category-medio-ambiente","category-noticias-de-hoy","category-ultimas-noticias","tag-1993","tag-avances-cientificos","tag-ciencia"],"jetpack_publicize_connections":[],"jetpack_featured_media_url":"https:\/\/i0.wp.com\/miradordeatarfe.es\/wp-content\/uploads\/2016\/12\/ondas-gravitacionales.jpg?fit=1000%2C750&ssl=1","jetpack_likes_enabled":true,"jetpack_sharing_enabled":true,"_links":{"self":[{"href":"https:\/\/miradordeatarfe.es\/index.php?rest_route=\/wp\/v2\/posts\/13310","targetHints":{"allow":["GET"]}}],"collection":[{"href":"https:\/\/miradordeatarfe.es\/index.php?rest_route=\/wp\/v2\/posts"}],"about":[{"href":"https:\/\/miradordeatarfe.es\/index.php?rest_route=\/wp\/v2\/types\/post"}],"author":[{"embeddable":true,"href":"https:\/\/miradordeatarfe.es\/index.php?rest_route=\/wp\/v2\/users\/1"}],"replies":[{"embeddable":true,"href":"https:\/\/miradordeatarfe.es\/index.php?rest_route=%2Fwp%2Fv2%2Fcomments&post=13310"}],"version-history":[{"count":1,"href":"https:\/\/miradordeatarfe.es\/index.php?rest_route=\/wp\/v2\/posts\/13310\/revisions"}],"predecessor-version":[{"id":13312,"href":"https:\/\/miradordeatarfe.es\/index.php?rest_route=\/wp\/v2\/posts\/13310\/revisions\/13312"}],"wp:featuredmedia":[{"embeddable":true,"href":"https:\/\/miradordeatarfe.es\/index.php?rest_route=\/wp\/v2\/media\/13311"}],"wp:attachment":[{"href":"https:\/\/miradordeatarfe.es\/index.php?rest_route=%2Fwp%2Fv2%2Fmedia&parent=13310"}],"wp:term":[{"taxonomy":"category","embeddable":true,"href":"https:\/\/miradordeatarfe.es\/index.php?rest_route=%2Fwp%2Fv2%2Fcategories&post=13310"},{"taxonomy":"post_tag","embeddable":true,"href":"https:\/\/miradordeatarfe.es\/index.php?rest_route=%2Fwp%2Fv2%2Ftags&post=13310"}],"curies":[{"name":"wp","href":"https:\/\/api.w.org\/{rel}","templated":true}]}}