{"id":13339,"date":"2016-12-30T07:57:16","date_gmt":"2016-12-30T06:57:16","guid":{"rendered":"http:\/\/miradordeatarfe.es\/?p=13339"},"modified":"2016-12-28T14:00:10","modified_gmt":"2016-12-28T13:00:10","slug":"los-contratos-de-menos-de-una-semana-de-duracion-ya-representan-el-26-del-total","status":"publish","type":"post","link":"https:\/\/miradordeatarfe.es\/?p=13339","title":{"rendered":"Los contratos de menos de una semana de duraci\u00f3n: ya representan el 26% del total"},"content":{"rendered":"<p class=\"selectionShareable\" style=\"text-align: justify;\">Los contratos laborales suscritos el pasado mes de noviembre con una duraci\u00f3n de siete d\u00edas o menos registraron un incremento interanual del 18,4%, hasta alcanzar los 457.213, lo que supone que una de cada cuatro contrataciones firmada fue de muy corta duraci\u00f3n.<\/p>\n<p class=\"selectionShareable\" style=\"text-align: justify;\"><!--more--><\/p>\n<p class=\"selectionShareable\" style=\"text-align: justify;\">Seg\u00fan los \u00faltimos datos del Servicio P\u00fablico de Empleo Estatal (Sepe), en noviembre se firmaron 1,74 millones de nuevos contratos, de los que s\u00f3lo 154.854 ten\u00edan una duraci\u00f3n indefinida, lo que significa que los 1.588.854 restantes eran temporales (el 91% del total).<\/p>\n<h2 style=\"text-align: justify;\">Contratos cada vez m\u00e1s cortos<\/h2>\n<p class=\"selectionShareable\" style=\"text-align: justify;\">Dentro de los temporales, es muy significativo el peso que tienen concretamente los contratos de no m\u00e1s de siete d\u00edas (26% del total), lo que contrasta con los 257.214 de noviembre de 2007 (el 16% del total) y supone que estos contratos de muy corta duraci\u00f3n ganaron importancia durante la crisis.<\/p>\n<div class=\"teads-inread\" style=\"text-align: justify;\"><\/div>\n<p class=\"selectionShareable\" style=\"text-align: justify;\">Adem\u00e1s, estos contratos de una semana como m\u00e1ximo firmados en noviembre forman parte de los 646.227 que no superaron el mes y de los 828.174 cuyo tiempo estimado no sobrepasar\u00e1 los tres meses.<\/p>\n<p class=\"selectionShareable\" style=\"text-align: justify;\">Seg\u00fan los datos del Sepe, la duraci\u00f3n media de los contratos temporales se ha reducido en m\u00e1s de dos d\u00edas en el \u00faltimo a\u00f1o, desde los 53,79 de noviembre de 2015 a los 51,41 d\u00edas del pasado mes.<\/p>\n<p class=\"selectionShareable\" style=\"text-align: justify;\">Mayor es la diferencia si nos remontamos a los a\u00f1os previos a la crisis, ya que el tiempo medio de los contratos se ha recortado en veintisiete d\u00edas respecto a los 78,93 d\u00edas que duraban de media los contratos temporales en noviembre de 2007, a\u00f1o en el que el empleo crec\u00eda al 3,2%, seg\u00fan datos de la Encuesta de Poblaci\u00f3n Activa (EPA).<\/p>\n<p class=\"selectionShareable\" style=\"text-align: justify;\">De los datos analizados del Sepe, llama la atenci\u00f3n que los contratos eventuales por circunstancias de la producci\u00f3n (741.927) y los de obra y servicio (677.993) fueron los m\u00e1s frecuentes en noviembre.<\/p>\n<p class=\"selectionShareable\" style=\"text-align: justify;\">Es precisamente el de eventuales por circunstancias de la producci\u00f3n el tipo de contrato elegido en la mayor\u00eda de las contrataciones de muy corta duraci\u00f3n, con 336.437 contrataciones rubricadas por, como m\u00e1ximo, una semana.<\/p>\n<h2 style=\"text-align: justify;\">Sobre todo en el sector servicios<\/h2>\n<p class=\"selectionShareable\" style=\"text-align: justify;\">Esta elevada temporalidad se nutre principalmente del sector servicios, el responsable del 81% de los contratos de muy corta duraci\u00f3n firmados en noviembre (con 372.633 contrataciones), seguido muy de lejos por la industria (53.423), la agricultura (26.752) y la construcci\u00f3n (4.405).<\/p>\n<p class=\"selectionShareable\" style=\"text-align: justify;\">Respecto al total de contratos realizados en cada sector, casi un tercio de los firmados en los servicios eran de muy corta duraci\u00f3n, al igual que en la industria, un sector que tambi\u00e9n recurri\u00f3 en noviembre a contratos de siete d\u00edas o menos en un 30% de las ocasiones.<\/p>\n<p class=\"selectionShareable\" style=\"text-align: justify;\">Adem\u00e1s, y seg\u00fan el tipo de jornada, la mayor\u00eda de los contratos de muy corta duraci\u00f3n fueron a tiempo completo (278.995) y el resto, parcial (178.218).<\/p>\n<p class=\"selectionShareable\" style=\"text-align: justify;\">En funci\u00f3n de la edad, estos contratos de muy poca duraci\u00f3n se dieron principalmente en trabajadores muy j\u00f3venes, de entre 20 y 29 a\u00f1os (162.047 contratos), seguidos por los de 30 y 39 a\u00f1os (128.028), y se realizaron sobre todo a personas que no han llegado m\u00e1s all\u00e1 de la educaci\u00f3n secundaria (ESO o FP).<\/p>\n<p class=\"selectionShareable\" style=\"text-align: justify;\">En cuanto al grupo de ocupaci\u00f3n, estos contratos de una semana como m\u00e1ximo se concentraron en los trabajadores de servicios de restauraci\u00f3n (165.689) y en ocupaciones elementales (159.734), y en actividades como la hosteler\u00eda (139.537), aunque tambi\u00e9n administrativas y de servicios (59.673) y de la industria manufacturera (51.850).<\/p>\n<p><a href=\"http:\/\/www.eleconomista.es\/empleo\/noticias\/8052360\/12\/16\/Crecen-los-contratos-de-menos-de-una-semana-y-ya-representan-el-26-del-total.html\">http:\/\/www.eleconomista.es\/empleo\/noticias\/8052360\/12\/16\/Crecen-los-contratos-de-menos-de-una-semana-y-ya-representan-el-26-del-total.html<\/a><\/p>\n<hr \/>\n","protected":false},"excerpt":{"rendered":"<p>Los contratos laborales suscritos el pasado mes de noviembre con una duraci\u00f3n de siete d\u00edas&#8230;<\/p>\n","protected":false},"author":1,"featured_media":13340,"comment_status":"closed","ping_status":"closed","sticky":false,"template":"","format":"standard","meta":{"_coblocks_attr":"","_coblocks_dimensions":"","_coblocks_responsive_height":"","_coblocks_accordion_ie_support":"","jetpack_post_was_ever_published":false,"_jetpack_newsletter_access":"","_jetpack_dont_email_post_to_subs":false,"_jetpack_newsletter_tier_id":0,"_jetpack_memberships_contains_paywalled_content":false,"_jetpack_memberships_contains_paid_content":false,"footnotes":"","jetpack_publicize_message":"","jetpack_publicize_feature_enabled":true,"jetpack_social_post_already_shared":false,"jetpack_social_options":{"image_generator_settings":{"template":"highway","default_image_id":0,"enabled":false},"version":2}},"categories":[1],"tags":[2547,65,156,1688],"class_list":["post-13339","post","type-post","status-publish","format-standard","has-post-thumbnail","hentry","category-uncategorized","tag-contratos","tag-economia","tag-paro","tag-trabajos"],"jetpack_publicize_connections":[],"jetpack_featured_media_url":"https:\/\/i0.wp.com\/miradordeatarfe.es\/wp-content\/uploads\/2016\/12\/paro-oficina-empleo.jpg?fit=770%2C420&ssl=1","jetpack_likes_enabled":true,"jetpack_sharing_enabled":true,"_links":{"self":[{"href":"https:\/\/miradordeatarfe.es\/index.php?rest_route=\/wp\/v2\/posts\/13339","targetHints":{"allow":["GET"]}}],"collection":[{"href":"https:\/\/miradordeatarfe.es\/index.php?rest_route=\/wp\/v2\/posts"}],"about":[{"href":"https:\/\/miradordeatarfe.es\/index.php?rest_route=\/wp\/v2\/types\/post"}],"author":[{"embeddable":true,"href":"https:\/\/miradordeatarfe.es\/index.php?rest_route=\/wp\/v2\/users\/1"}],"replies":[{"embeddable":true,"href":"https:\/\/miradordeatarfe.es\/index.php?rest_route=%2Fwp%2Fv2%2Fcomments&post=13339"}],"version-history":[{"count":1,"href":"https:\/\/miradordeatarfe.es\/index.php?rest_route=\/wp\/v2\/posts\/13339\/revisions"}],"predecessor-version":[{"id":13341,"href":"https:\/\/miradordeatarfe.es\/index.php?rest_route=\/wp\/v2\/posts\/13339\/revisions\/13341"}],"wp:featuredmedia":[{"embeddable":true,"href":"https:\/\/miradordeatarfe.es\/index.php?rest_route=\/wp\/v2\/media\/13340"}],"wp:attachment":[{"href":"https:\/\/miradordeatarfe.es\/index.php?rest_route=%2Fwp%2Fv2%2Fmedia&parent=13339"}],"wp:term":[{"taxonomy":"category","embeddable":true,"href":"https:\/\/miradordeatarfe.es\/index.php?rest_route=%2Fwp%2Fv2%2Fcategories&post=13339"},{"taxonomy":"post_tag","embeddable":true,"href":"https:\/\/miradordeatarfe.es\/index.php?rest_route=%2Fwp%2Fv2%2Ftags&post=13339"}],"curies":[{"name":"wp","href":"https:\/\/api.w.org\/{rel}","templated":true}]}}