{"id":1334,"date":"2015-04-23T07:30:33","date_gmt":"2015-04-23T07:30:33","guid":{"rendered":"http:\/\/miradordeatarfe.es\/?p=1334"},"modified":"2015-04-24T09:44:44","modified_gmt":"2015-04-24T09:44:44","slug":"arde-la-memoria","status":"publish","type":"post","link":"https:\/\/miradordeatarfe.es\/?p=1334","title":{"rendered":"ARDE LA MEMORIA"},"content":{"rendered":"<p><strong>D\u00cdA: 25 DE ABRIL (S\u00e1bado)\u00a0 HORA: 12 DEL MEDIOD\u00cdA\u00a0 LUGAR: PLAZA DE BIB-RAMBLA<\/strong><!--more--><\/p>\n<p>La plataforma Granada Abierta, en colaboraci\u00f3n con el trovador Javier T\u00e1rraga, especialista en Cultura Oral,\u00a0te invita el pr\u00f3ximo s\u00e1bado 25 de abril a participar en\u00a0una nueva edici\u00f3n de \u00abArde la Memoria\u00bb, con motivo de la quema de libros en Plaza de Bib-Rambla,\u00a0ordenada por el cardenal Cisneros en 1499, que supuso un atentado contra la cultura. Tambi\u00e9n recordaremos la quema de libros republicanos por la dictadura franquista.El acto se celebrar\u00e1 como actividad paralela a la Feria del Libro de Granada y consistir\u00e1 en una lectura de poemas en \u00e1rabe y\u00a0espa\u00f1ol, y en la interpretaci\u00f3n del romancero morisco, como s\u00edmbolo de ciudad intercultural.<\/p>\n<p><strong>Programa de Arde la Memoria:<\/strong><\/p>\n<p><strong>\u00a0<\/strong>Presenta B\u00e1rbara Boloix, profesora del Departamento de Estudios Sem\u00edticos de la Universidad de Granada.<\/p>\n<p>Lectura po\u00e9tica, coordinada por el profesor Indalecio Lozano, a cargo de los estudiantes Jos\u00e9 Carlos Alcaraz Mill\u00e1n, Andrea Exp\u00f3sito Gonz\u00e1lez, Inmaculada Rojas Garc\u00eda, Ayoub Fanou Ennemiri y Celeste Robinson, estudiantes del Departamento de Estudios Sem\u00edticos de la Universidad de Granada, y Mostaf\u00e1 Lazaoui, estudiante de la Facultad de Traducci\u00f3n e Interpretaci\u00f3n.<\/p>\n<p>El trovador Javier T\u00e1rraga interpretar\u00e1:\u00a0 \u201cGranada en el Div\u00e1n (el legado morisco)\u201d.<\/p>\n<p>Mar\u00eda Mart\u00edn cerrar\u00e1 el acto con el Himno de Andaluc\u00eda.<\/p>\n<p>&nbsp;<\/p>\n<p><strong>Granada Abierta est\u00e1 integrada por:<\/strong><\/p>\n<p>Manifiesto 2 de Enero, Asociaci\u00f3n Pro Derechos Humanos, Asociaci\u00f3n Andaluza para la Solidaridad y la Paz, Granada Laica, Izquierda Unida, Asociaci\u00f3n Mariana Pineda de Maracena, Comunidades Cristianas Populares, Mezquita de la Paz, Asociaci\u00f3n de Mediadores Interculturales, Asociaci\u00f3n Gitana Anaquerando, Asociaci\u00f3n Verdad, Justicia y Reparaci\u00f3n, Unidad C\u00edvica Andaluza por la Rep\u00fablica, Stop-Desahucios Granada, Asociaci\u00f3n Democracia y Derecho, Instituto de cultura andaluza Almenara Centro de Estudios Hist\u00f3ricos de Andaluc\u00eda y Fundaci\u00f3n Cultura de Paz.<\/p>\n<p>&nbsp;<\/p>\n","protected":false},"excerpt":{"rendered":"<p>D\u00cdA: 25 DE ABRIL (S\u00e1bado)\u00a0 HORA: 12 DEL MEDIOD\u00cdA\u00a0 LUGAR: PLAZA DE BIB-RAMBLA<\/p>\n","protected":false},"author":1,"featured_media":1335,"comment_status":"closed","ping_status":"closed","sticky":false,"template":"","format":"standard","meta":{"_coblocks_attr":"","_coblocks_dimensions":"","_coblocks_responsive_height":"","_coblocks_accordion_ie_support":"","jetpack_post_was_ever_published":false,"_jetpack_newsletter_access":"","_jetpack_dont_email_post_to_subs":false,"_jetpack_newsletter_tier_id":0,"_jetpack_memberships_contains_paywalled_content":false,"_jetpack_memberships_contains_paid_content":false,"footnotes":"","jetpack_publicize_message":"","jetpack_publicize_feature_enabled":true,"jetpack_social_post_already_shared":false,"jetpack_social_options":{"image_generator_settings":{"template":"highway","default_image_id":0,"enabled":false},"version":2}},"categories":[15],"tags":[455,494],"class_list":["post-1334","post","type-post","status-publish","format-standard","has-post-thumbnail","hentry","category-ultimas-noticias","tag-memoria-historica","tag-quema-de-libros"],"jetpack_publicize_connections":[],"jetpack_featured_media_url":"https:\/\/i0.wp.com\/miradordeatarfe.es\/wp-content\/uploads\/2015\/04\/MEMO.jpg?fit=275%2C183&ssl=1","jetpack_likes_enabled":true,"jetpack_sharing_enabled":true,"_links":{"self":[{"href":"https:\/\/miradordeatarfe.es\/index.php?rest_route=\/wp\/v2\/posts\/1334","targetHints":{"allow":["GET"]}}],"collection":[{"href":"https:\/\/miradordeatarfe.es\/index.php?rest_route=\/wp\/v2\/posts"}],"about":[{"href":"https:\/\/miradordeatarfe.es\/index.php?rest_route=\/wp\/v2\/types\/post"}],"author":[{"embeddable":true,"href":"https:\/\/miradordeatarfe.es\/index.php?rest_route=\/wp\/v2\/users\/1"}],"replies":[{"embeddable":true,"href":"https:\/\/miradordeatarfe.es\/index.php?rest_route=%2Fwp%2Fv2%2Fcomments&post=1334"}],"version-history":[{"count":1,"href":"https:\/\/miradordeatarfe.es\/index.php?rest_route=\/wp\/v2\/posts\/1334\/revisions"}],"predecessor-version":[{"id":1336,"href":"https:\/\/miradordeatarfe.es\/index.php?rest_route=\/wp\/v2\/posts\/1334\/revisions\/1336"}],"wp:featuredmedia":[{"embeddable":true,"href":"https:\/\/miradordeatarfe.es\/index.php?rest_route=\/wp\/v2\/media\/1335"}],"wp:attachment":[{"href":"https:\/\/miradordeatarfe.es\/index.php?rest_route=%2Fwp%2Fv2%2Fmedia&parent=1334"}],"wp:term":[{"taxonomy":"category","embeddable":true,"href":"https:\/\/miradordeatarfe.es\/index.php?rest_route=%2Fwp%2Fv2%2Fcategories&post=1334"},{"taxonomy":"post_tag","embeddable":true,"href":"https:\/\/miradordeatarfe.es\/index.php?rest_route=%2Fwp%2Fv2%2Ftags&post=1334"}],"curies":[{"name":"wp","href":"https:\/\/api.w.org\/{rel}","templated":true}]}}