{"id":13366,"date":"2016-12-29T08:05:31","date_gmt":"2016-12-29T07:05:31","guid":{"rendered":"http:\/\/miradordeatarfe.es\/?p=13366"},"modified":"2016-12-29T12:06:57","modified_gmt":"2016-12-29T11:06:57","slug":"la-alhambra-recupera-la-torre-de-la-justicia-como-uso-cultural","status":"publish","type":"post","link":"https:\/\/miradordeatarfe.es\/?p=13366","title":{"rendered":"La Alhambra recupera la Torre de la Justicia como uso cultural"},"content":{"rendered":"<div class=\"content\">\n<div id=\"main\">\n<div class=\"item\">\n<div class=\"anteti\"><\/div>\n<p>La consejera de Cultura, Rosa Aguilar, ha presentado hoy los nuevos usos que tendr\u00e1 la Torre de la Justicia de la Alhambra tras la restauraci\u00f3n de sus habitaciones interiores.<\/p>\n<p>&nbsp;<\/p>\n<p>A partir de ahora, este enclave de la fortaleza nazar\u00ed recupera el uso cultural que tuvo en los siglos XIX y XX y servir\u00e1 como punto de lectura y caja de m\u00fasica, convirti\u00e9ndose en el primer Monumento que presta este servicio en nuestro pa\u00eds. A partir de enero, cada s\u00e1bado, la Torre de la Justicia contar\u00e1 con una variada programaci\u00f3n de actividades culturales destinadas a todo tipo de p\u00fablico, especialmente el p\u00fablico infantil y juvenil.<\/p>\n<\/div>\n<div class=\"item\">\n<div class=\"cols2-2\">\n<div class=\"colA\">\n<div class=\"blq-img\">\n<div class=\"img\"><img data-recalc-dims=\"1\" loading=\"lazy\" decoding=\"async\" title=\"Visita a las instalaciones remodeladas.\" src=\"https:\/\/i0.wp.com\/www.elindependientedegranada.es\/sites\/default\/files\/styles\/large\/public\/cultura\/torre_justicia_por.jpg?resize=640%2C960\" alt=\"Visita a las instalaciones remodeladas.\" width=\"640\" height=\"960\" \/><\/div>\n<div class=\"txt\">\n<div class=\"firma\">Prensa Junta<\/div>\n<div class=\"pie\">Visita a las instalaciones remodeladas.<\/div>\n<\/div>\n<\/div>\n<div class=\"cuerpo\">\n<ul>\n<li>\n<h3>Tras su restauraci\u00f3n, el enclave recupera el uso que se le dio en el siglo XIX y XX que se utilizar\u00e1 como punto de lectura y caja de m\u00fasica<\/h3>\n<\/li>\n<\/ul>\n<div>\u201cLa Torre de la Justicia va a convertirse en un lugar de convivencia con el mundo de las artes donde la m\u00fasica y la palabra ser\u00e1n protagonistas. Recuperamos el uso cultural que ten\u00eda este espacio en los siglos XIX y XX y lo ponemos a disposici\u00f3n de la ciudadan\u00eda de Granada y de cuantos viajeros nos visitan\u201d. As\u00ed lo ha definido esta ma\u00f1ana la consejera de Cultura, Rosa Aguilar, que ha asistido junto al director del Patronato de la Alhambra y Generalife, Reynaldo Fern\u00e1ndez Manzano, la delegada del Gobierno en Granada, Sandra Garc\u00eda, y el alcalde de la ciudad, Francisco Cuenca, al ensayo del recital de piano con el que oficialmente se inaugurar\u00e1 este espacio, el pr\u00f3ximo d\u00eda 7 de enero.<\/div>\n<div><\/div>\n<div>El violinista Pablo Martos y el pianista Calio Alonso interpretar\u00e1n extractos de la pieza de Rimsky Korsakov Sherezade, basada en la obra Las mil y una noches. A esta actividad, se sumar\u00e1n otros m\u00fasicos de la ciudad que conformar\u00e1n un \u201cmarat\u00f3n musical\u201d, desde las 10 hasta las 14 horas. El acceso ser\u00e1 gratuito hasta completar el aforo.<\/div>\n<div><\/div>\n<div>Adem\u00e1s de punto de encuentro con la m\u00fasica, la Torre de la Justicia se convertir\u00e1 en espacio para la lectura y el pr\u00e9stamo de libros. \u201cTodas las personas que lo deseen podr\u00e1n sacar ejemplares de forma gratuita para leerlos en el bosque o en el recorrido por el monumento\u201d, ha dicho Aguilar. As\u00ed, est\u00e1 previsto el pr\u00e9stamo de gu\u00edas, libros de consulta, cat\u00e1logos de exposiciones, cuentos infantiles, etc\u00e9tera en varios idiomas.<\/div>\n<div><\/div>\n<div>Para la consejera, con este nuevo servicio, \u201cla Alhambra va a ofrecer una experiencia \u00fanica a granadinos y visitantes. Ser\u00e1 un plus a la visita poder escuchar en una torre de la fortaleza nazar\u00ed el sonido de un piano o poder leer un cuento a un ni\u00f1o. Y queremos que los m\u00fasicos y creadores tengan la oportunidad de interpretar aqu\u00ed su m\u00fasica s\u00e1bado tras s\u00e1bado\u201d. En este sentido, aquellos interesados tendr\u00e1n la hacer uso de este espacio previa solicitud en la web del Patronato de la Alhambra (<a href=\"http:\/\/www.alhambra-patronato.es\">www.alhambra-patronato.es<\/a>)\u201d.<\/div>\n<div><\/div>\n<div>Con esta iniciativa, se recupera la finalidad did\u00e1ctica que se desarroll\u00f3 en las habitaciones superiores de la Torre de la Justicia durante los siglos XIX y XX. De hecho, fue el origen de la Biblioteca de la Alhambra, que conservaba y albergaba parte del legado del Duque de Loring y de las donaciones realizadas en 1909 por el Conde de Romanones.<\/div>\n<div><\/div>\n<p class=\"pie\">Visita al ensayo de uno de los conciertos que se ofrecer\u00e1n en la Torre de la Justicia. <span class=\"firma\">Prensa Junta<\/span><\/p>\n<div>La restauraci\u00f3n del interior de la Puerta de la Justicia ha contado con un presupuesto de 430.135 euros y ha sido llevada a cabo por el Servicio de Conservaci\u00f3n del Patronato de la Alhambra y Generalife, bajo la direcci\u00f3n t\u00e9cnica del arquitecto granadino Pedro Salmer\u00f3n. La intervenci\u00f3n ha consistido en la adecuaci\u00f3n interior de las habitaciones abovedadas. Especialmente, se han renovado los acabados e instalaciones y se han liberado puntualmente determinados espacios. La intervenci\u00f3n ha contado con un seguimiento arqueol\u00f3gico y se ha recobrado la traza original de la planta superior, adem\u00e1s de poner en valor los restos de revestimientos originales conservados en su interior.<\/div>\n<div><\/div>\n<div>La Torre de la Justicia alberga uno de los principales accesos al recinto de la Alhambra, desde el momento de su construcci\u00f3n, durante el reinado de Y\u00fasuf I, en 1348, y est\u00e1 formada por una planta rectangular dividida en dos pisos y una terraza, que se integra en la muralla de la ciudad palatina, junto con otras 26 torres diferentes. Residencia del alcaide de la Puerta desde la conquista de la ciudad por los Reyes Cat\u00f3licos hasta la llegada de las tropas francesas, en 1810, pocos a\u00f1os despu\u00e9s, se convirti\u00f3 en vivienda de los guardas del recinto hasta que, desde la \u00faltima d\u00e9cada del siglo XIX y principios del XX, se ha destinado a uso administrativo y, ocasionalmente, residencial.<\/div>\n<div><\/div>\n<div>En este sentido, la consejera de Cultura ha explicado que con esta nueva finalidad se pone en valor la historia de la etapa rom\u00e1ntica en la Alhambra, la cual \u201calberg\u00f3 a numerosos artistas\u201d, como es el caso de \u00c1ngel Barrios, Manuel de Falla e Isaac Alb\u00e9niz, entre otros, y en la que \u201cla m\u00fasica de guitarra y piano siempre han estado muy presentes como se\u00f1a de identidad, \u00e9sta es la Alhambra de los artistas\u201d.<\/div>\n<div><\/div>\n<h4>Otras actividades gratuitas<\/h4>\n<div>La Alhambra tambi\u00e9n ha organizado otras actividades para disfrutar del patrimonio en familia durante el tiempo en el que los escolares est\u00e1n de vacaciones. As\u00ed, el 3 de enero est\u00e1 previsto el taller infantil Dar al-Horra, un palacio nazar\u00ed, para descubrir c\u00f3mo era la vida en un palacio. La escritora e ilustradora Ana Campos conducir\u00e1 esta actividad, que tendr\u00e1 lugar en las Casas de la Mimbre, en el Paseo del Generalife s\/n y para el que es necesario inscribirse previamente en <a href=\"http:\/\/www.alhambra-patronato.es\">www.alhambra-patronato.es<\/a>. Para completar la actividad, el jueves 5 de enero, va a tener lugar una visita teatralizada, La morada de la reina, en el Palacio de Dar al-Horra, en el Callej\u00f3n de las Monjas, s\/n de Granada, en tres pases horarios: 12, 12:30 y 13 horas. La entrada ser\u00e1 libre y gratuita hasta completar el aforo.<\/div>\n<div><\/div>\n<div>El mi\u00e9rcoles 4 de enero, de 11-13 horas, tambi\u00e9n en las Casas de la Mimbre, la astronom\u00eda ser\u00e1 protagonista con el taller familiar Tras la estrella de Oriente, que correr\u00e1 a cargo del astr\u00f3nomo Marcos Villaverde y el f\u00edsico Jos\u00e9 Antonio Garz\u00f3n. Dado que el aforo es limitado, para esta actividad, dirigida a escolares de 7 a 12 a\u00f1os que podr\u00e1n ir acompa\u00f1ados por un adulto, ser\u00e1 necesario confirmar la plaza a trav\u00e9s de <a href=\"http:\/\/www.alhambra-patronato.es\">www.alhambra-patronato.es<\/a>. Por la tarde, en la Tienda librer\u00eda de la Alhambra, en la calle Reyes Cat\u00f3licos s\/n, se ha organizado un cuentacuentos, As\u00ed era la vida en la Alhambra, con la narraci\u00f3n de la autora del libro, Ana Campos. A las 17 horas, acceso libre hasta completar el aforo.<\/div>\n<\/div>\n<\/div>\n<\/div>\n<\/div>\n<\/div>\n<\/div>\n<p><!--more--><\/p>\n<p><!--more--><\/p>\n<p><!--more--><\/p>\n<p><!--more--><\/p>\n","protected":false},"excerpt":{"rendered":"<p>La consejera de Cultura, Rosa Aguilar, ha presentado hoy los nuevos usos que tendr\u00e1 la&#8230;<\/p>\n","protected":false},"author":1,"featured_media":13368,"comment_status":"closed","ping_status":"closed","sticky":false,"template":"","format":"standard","meta":{"_coblocks_attr":"","_coblocks_dimensions":"","_coblocks_responsive_height":"","_coblocks_accordion_ie_support":"","jetpack_post_was_ever_published":false,"_jetpack_newsletter_access":"","_jetpack_dont_email_post_to_subs":false,"_jetpack_newsletter_tier_id":0,"_jetpack_memberships_contains_paywalled_content":false,"_jetpack_memberships_contains_paid_content":false,"footnotes":"","jetpack_publicize_message":"","jetpack_publicize_feature_enabled":true,"jetpack_social_post_already_shared":false,"jetpack_social_options":{"image_generator_settings":{"template":"highway","default_image_id":0,"enabled":false},"version":2}},"categories":[12,44,15],"tags":[1467,134,90],"class_list":["post-13366","post","type-post","status-publish","format-standard","has-post-thumbnail","hentry","category-cultura","category-noticias-de-hoy","category-ultimas-noticias","tag-actividades","tag-alhambra","tag-cultura"],"jetpack_publicize_connections":[],"jetpack_featured_media_url":"https:\/\/i0.wp.com\/miradordeatarfe.es\/wp-content\/uploads\/2016\/12\/torre_justicia_inte-1.jpg?fit=750%2C533&ssl=1","jetpack_likes_enabled":true,"jetpack_sharing_enabled":true,"_links":{"self":[{"href":"https:\/\/miradordeatarfe.es\/index.php?rest_route=\/wp\/v2\/posts\/13366","targetHints":{"allow":["GET"]}}],"collection":[{"href":"https:\/\/miradordeatarfe.es\/index.php?rest_route=\/wp\/v2\/posts"}],"about":[{"href":"https:\/\/miradordeatarfe.es\/index.php?rest_route=\/wp\/v2\/types\/post"}],"author":[{"embeddable":true,"href":"https:\/\/miradordeatarfe.es\/index.php?rest_route=\/wp\/v2\/users\/1"}],"replies":[{"embeddable":true,"href":"https:\/\/miradordeatarfe.es\/index.php?rest_route=%2Fwp%2Fv2%2Fcomments&post=13366"}],"version-history":[{"count":3,"href":"https:\/\/miradordeatarfe.es\/index.php?rest_route=\/wp\/v2\/posts\/13366\/revisions"}],"predecessor-version":[{"id":13391,"href":"https:\/\/miradordeatarfe.es\/index.php?rest_route=\/wp\/v2\/posts\/13366\/revisions\/13391"}],"wp:featuredmedia":[{"embeddable":true,"href":"https:\/\/miradordeatarfe.es\/index.php?rest_route=\/wp\/v2\/media\/13368"}],"wp:attachment":[{"href":"https:\/\/miradordeatarfe.es\/index.php?rest_route=%2Fwp%2Fv2%2Fmedia&parent=13366"}],"wp:term":[{"taxonomy":"category","embeddable":true,"href":"https:\/\/miradordeatarfe.es\/index.php?rest_route=%2Fwp%2Fv2%2Fcategories&post=13366"},{"taxonomy":"post_tag","embeddable":true,"href":"https:\/\/miradordeatarfe.es\/index.php?rest_route=%2Fwp%2Fv2%2Ftags&post=13366"}],"curies":[{"name":"wp","href":"https:\/\/api.w.org\/{rel}","templated":true}]}}