{"id":13370,"date":"2016-12-30T09:10:53","date_gmt":"2016-12-30T08:10:53","guid":{"rendered":"http:\/\/miradordeatarfe.es\/?p=13370"},"modified":"2016-12-28T21:14:12","modified_gmt":"2016-12-28T20:14:12","slug":"tren-soterrado-para-vitoria-y-bilbao-pero-no-para-granada","status":"publish","type":"post","link":"https:\/\/miradordeatarfe.es\/?p=13370","title":{"rendered":"Tren soterrado para Vitoria y Bilbao pero no para Granada"},"content":{"rendered":"<p style=\"text-align: justify;\">La plataforma \u00abGranada en marcha\u00bb critica la doble vara de medir y plantea nuevas movilizaciones<!--more--><\/p>\n<p style=\"text-align: justify;\"><!--more--><\/p>\n<p style=\"text-align: justify;\">630 d\u00edas sin tren en Granada y sin visos de que esa cuenta pare. 630 d\u00edas sin tren y la plataforma &#8216;Granada en marcha&#8217; ha puesto el grito en el cielo por el acuerdo al que ha llegado el Gobierno con Bilbao y Vitoria, ciudades con las que se ha comprometido el Ministerio de Fomento con el soterramiento del tren mientras a Granada se le niega aduciendo que no hay dinero para la operaci\u00f3n.<\/p>\n<div id=\"cadenaser_gpt-INTEXT\" style=\"text-align: justify;\" data-google-query-id=\"CJaMkoLZl9ECFVQ6Gwod_HwLdw\"><\/div>\n<p style=\"text-align: justify;\">&#8216;Granada en marcha\u00bb ha emitido un duro comunicado en el que acusa de traici\u00f3n a los disputados granadinos del PP que han apoyado el acuerdo en estas ciudades del Pa\u00eds Vasco mientras se lo niegan a Granada.<\/p>\n<p style=\"text-align: justify;\">El soterramiento del tren a su entrada a la capital granadina y la Variante de Loja, que permitir\u00eda un AVE de verdad para Granada, son asuntos pendientes que tendr\u00eda que tratar la comisi\u00f3n ferroviaria que prometi\u00f3 el anterior ministro de Fomento. Ni eso se ha cumplido ni el nuevo ministro ha venido a Granada como prometi\u00f3 a comienzos de diciembre. \u00abGranada en marcha\u00bb propondr\u00e1 nuevas movilizaciones. Por tanto, el comunicado de \u00abGranada en Marcha\u00bb dice que el acuerdo con las ciudades vascas \u00abnos parece un insulto a nuestra inteligencia y una traici\u00f3n a Granada en toda regla\u00bb.<\/p>\n<p style=\"text-align: justify;\">Los proyectos de soterramiento de Bilbao y Vitoria que ahora apoya el Gobierno central \u00abponen a las claras, una vez m\u00e1s, la necesidad de que la sociedad civil granadina y andaluza se articule con fuerza para evitar la tomadura de pelo continua de nuestros representantes\u00bb.<\/p>\n<p style=\"text-align: justify;\">Dice el colectivo que esos acuerdos son en esencia el mismo que reclama Granada y por las mismas razones, por lo que soterrarlo all\u00ed y no aqu\u00ed es un \u00abgolpe bajo del PP a Granada, que obligar\u00e1 a los populares granadinos a esconderse debajo de las piedras\u00bb.<\/p>\n<p style=\"text-align: justify;\">\u00abGranada en marcha\u00bb asegura que no pretende criticar al ejecutivo vasco por el logro, sino a los representantes pol\u00edticos granadinos y andaluces por no defender nuestros intereses. \u00abSiempre se acaba el presupuesto cuando la obra es para Granada y nunca nuestros representantes alzan la voz, sino que callan serviles ante las c\u00fapulas de sus partidos, y as\u00ed se garantizan la renovaci\u00f3n en los cargos\u00bb, se dice en la nota.<\/p>\n<p style=\"text-align: justify;\">Desde la plataforma se incide que en que \u00abGranada tiene una oportunidad \u00fanica de transformaci\u00f3n en el mismo centro de la ciudad\u00bb, ganando un espacio p\u00fablico enorme, de varios decenas de miles de metros, para zonas verdes, equipamientos, zonas deportivas e incluso dedicando algo a residencial para poder financiar parte de toda la obra. \u00abSe trata de transformar para bien nuestra ciudad, de dar un salto cualitativo y cuantitativo\u00bb.<\/p>\n","protected":false},"excerpt":{"rendered":"<p>La plataforma \u00abGranada en marcha\u00bb critica la doble vara de medir y plantea nuevas movilizaciones<\/p>\n","protected":false},"author":1,"featured_media":13371,"comment_status":"closed","ping_status":"closed","sticky":false,"template":"","format":"standard","meta":{"_coblocks_attr":"","_coblocks_dimensions":"","_coblocks_responsive_height":"","_coblocks_accordion_ie_support":"","jetpack_post_was_ever_published":false,"_jetpack_newsletter_access":"","_jetpack_dont_email_post_to_subs":false,"_jetpack_newsletter_tier_id":0,"_jetpack_memberships_contains_paywalled_content":false,"_jetpack_memberships_contains_paid_content":false,"footnotes":"","jetpack_publicize_message":"","jetpack_publicize_feature_enabled":true,"jetpack_social_post_already_shared":false,"jetpack_social_options":{"image_generator_settings":{"template":"highway","default_image_id":0,"enabled":false},"version":2}},"categories":[186,44,15],"tags":[129,3388,3346],"class_list":["post-13370","post","type-post","status-publish","format-standard","has-post-thumbnail","hentry","category-instituciones","category-noticias-de-hoy","category-ultimas-noticias","tag-granada","tag-soterramiento","tag-tren"],"jetpack_publicize_connections":[],"jetpack_featured_media_url":"https:\/\/i0.wp.com\/miradordeatarfe.es\/wp-content\/uploads\/2016\/12\/TREN-S.jpg?fit=770%2C433&ssl=1","jetpack_likes_enabled":true,"jetpack_sharing_enabled":true,"_links":{"self":[{"href":"https:\/\/miradordeatarfe.es\/index.php?rest_route=\/wp\/v2\/posts\/13370","targetHints":{"allow":["GET"]}}],"collection":[{"href":"https:\/\/miradordeatarfe.es\/index.php?rest_route=\/wp\/v2\/posts"}],"about":[{"href":"https:\/\/miradordeatarfe.es\/index.php?rest_route=\/wp\/v2\/types\/post"}],"author":[{"embeddable":true,"href":"https:\/\/miradordeatarfe.es\/index.php?rest_route=\/wp\/v2\/users\/1"}],"replies":[{"embeddable":true,"href":"https:\/\/miradordeatarfe.es\/index.php?rest_route=%2Fwp%2Fv2%2Fcomments&post=13370"}],"version-history":[{"count":1,"href":"https:\/\/miradordeatarfe.es\/index.php?rest_route=\/wp\/v2\/posts\/13370\/revisions"}],"predecessor-version":[{"id":13372,"href":"https:\/\/miradordeatarfe.es\/index.php?rest_route=\/wp\/v2\/posts\/13370\/revisions\/13372"}],"wp:featuredmedia":[{"embeddable":true,"href":"https:\/\/miradordeatarfe.es\/index.php?rest_route=\/wp\/v2\/media\/13371"}],"wp:attachment":[{"href":"https:\/\/miradordeatarfe.es\/index.php?rest_route=%2Fwp%2Fv2%2Fmedia&parent=13370"}],"wp:term":[{"taxonomy":"category","embeddable":true,"href":"https:\/\/miradordeatarfe.es\/index.php?rest_route=%2Fwp%2Fv2%2Fcategories&post=13370"},{"taxonomy":"post_tag","embeddable":true,"href":"https:\/\/miradordeatarfe.es\/index.php?rest_route=%2Fwp%2Fv2%2Ftags&post=13370"}],"curies":[{"name":"wp","href":"https:\/\/api.w.org\/{rel}","templated":true}]}}