{"id":1340,"date":"2015-04-23T07:40:08","date_gmt":"2015-04-23T07:40:08","guid":{"rendered":"http:\/\/miradordeatarfe.es\/?p=1340"},"modified":"2015-04-24T09:47:38","modified_gmt":"2015-04-24T09:47:38","slug":"la-version-franquista-del-asesinato-de-federico-garcia-lorca","status":"publish","type":"post","link":"https:\/\/miradordeatarfe.es\/?p=1340","title":{"rendered":"La versi\u00f3n franquista del asesinato de Federico Garc\u00eda Lorca"},"content":{"rendered":"<p>El poeta Federico Garc\u00eda Lorca fue asesinado junto a otra persona, tras confesar. Es la versi\u00f3n que, casi 30 a\u00f1os despu\u00e9s del crimen, recoge un informe redactado en 1965 por la Jefatura Superior de Polic\u00eda de Granada. El documento, que publica la Cadena SER, define a Lorca como \u201csocialista\u201d y \u201cmas\u00f3n\u201d, y le tilda de \u201cpr\u00e1cticas de homosexualismo\u201d<!--more--><\/p>\n<p>Son dos folios. Son nueve p\u00e1rrafos. Mecanografiados a un espacio. Es una nota informativa. En su asunto se lee: <strong>\u201cAntecedentes del poeta Federico Garc\u00eda Lorca\u201d<\/strong>. Lo redacta personal de la <strong>3\u00aa brigada regional de investigaci\u00f3n social de la jefatura superior de polic\u00eda de Granada<\/strong> y se dirige al gobernador civil de esa provincia. El documento no tiene r\u00fabrica. <strong>Se fecha en Granada, el 9 de julio de 1965<\/strong>, justo cuando se iban a cumplir 29 a\u00f1os de la muerte del poeta. Faltaban escasos 41 d\u00edas para ello.<\/p>\n<p>Federico Garc\u00eda Lorca era para la polic\u00eda \u201c<strong>un mas\u00f3n perteneciente a la logia ALHAMBRA en la que adopt\u00f3 el nombre simb\u00f3lico de HOMERO<\/strong>, desconoci\u00e9ndose el grado que alcanz\u00f3 en la misma\u201d.<\/p>\n<p>Adem\u00e1s, en el texto que ahora publica por primera vez la Cadena SER, se asegura que el poeta \u00ab<strong>estaba tildado de pr\u00e1cticas de homosexualismo, aberraci\u00f3n que lleg\u00f3 a ser voxpopuli<\/strong>, pero lo cierto es que no hay antecedentes de ning\u00fan caso concreto\u00bb.<\/p>\n<div id=\"sumario_2|foto\" class=\"centro\"><a name=\"sumario_2\"><\/a><\/p>\n<div class=\"media\">\n<div class=\"foto figure\"><img data-recalc-dims=\"1\" loading=\"lazy\" decoding=\"async\" class=\"\" title=\"\" src=\"https:\/\/i0.wp.com\/cadenaser00.epimg.net\/ser\/imagenes\/2015\/04\/22\/cultura\/1429721554_396463_1429726313_sumario_normal.jpg?resize=392%2C258\" alt=\"Documento del r\u00e9gimen franquista fechado en 1965 sobre la muerte de Lorca.\" width=\"392\" height=\"258\" \/><\/p>\n<p class=\"figcaption estirar\">Documento del r\u00e9gimen franquista fechado en 1965 sobre la muerte de Lorca. \/ <span class=\"firma\">CADENA SER<\/span><\/p>\n<\/div>\n<\/div>\n<div class=\"datos_sumario\"><\/div>\n<\/div>\n<p>Tres d\u00e9cadas distancian esta nota policial de los hechos fundamentales narrados y referidos a los \u00faltimos d\u00edas de la vida del escritor, que arrancan en el \u201cGlorioso Movimiento Nacional\u201d. El relato policial tambi\u00e9n habla del <strong>miedo que sinti\u00f3 Garc\u00eda Lorca tras dos registros<\/strong> efectuados en su domicilio granadino, lo que le impuls\u00f3 a refugiarse en la vivienda de sus amigos los <strong>hermanos Rosales<\/strong>, donde finalmente fue detenido.<\/p>\n<div id=\"sumario_5|foto\" class=\"derecha\"><a name=\"sumario_5\"><\/a><\/p>\n<div class=\"media\">\n<div class=\"foto figure\"><a class=\"posicionador\" title=\"ampliar foto\"> <img data-recalc-dims=\"1\" loading=\"lazy\" decoding=\"async\" title=\"\" src=\"https:\/\/i0.wp.com\/cadenaser00.epimg.net\/ser\/imagenes\/2015\/04\/22\/cultura\/1429721554_396463_1429735711_sumario_normal.jpg?resize=300%2C350\" alt=\"Informe sobre la muerte de Lorca.\" width=\"300\" height=\"350\" \/> <\/a><\/p>\n<p class=\"figcaption estirar\">Informe sobre la muerte de Lorca. \/ <span class=\"firma\">CADENA SER<\/span><\/p>\n<\/div>\n<\/div>\n<div class=\"datos_sumario\"><\/div>\n<\/div>\n<p>La versi\u00f3n que ofrece este documento sobre su apresamiento asegura que <strong>el lugar fue rodeado \u201ccon gran aparato por Milicias y Guardias de Asalto\u201d<\/strong>. Seg\u00fan detalla, ese aparato supuso la toma de bocacalles y tejados contiguos.Los amigos y conocidos de <strong>Lorca, \u201cconceptuado como socialista\u201d<\/strong> por su vinculaci\u00f3n a <strong>Fern\u00e1ndez de los R\u00edos y otros \u201cJerifaltes de igual signo pol\u00edtico\u201d<\/strong>, <strong>intercedieron por \u00e9l ante el comandante de Intervenciones Militares<\/strong>, que era tambi\u00e9n gobernador civil de Granada. Ellos llegaron a la convicci\u00f3n de que su vida no corr\u00eda peligro.<\/p>\n<p class=\"media\">La propia nota asegura que los resultados obtenidos tras las pesquisas referidas sobre las \u00faltimas horas del poeta fueron muy confusos. S\u00ed precisa unos datos que, de ser ciertos, cambiar\u00edan las versiones sobre las \u00faltimas horas del escritor.Y as\u00ed, en el informe policial se afirma que Lorca \u00abfue sacado del Gobierno Civil por fuerzas dependientes del mismo y conducido en un coche al t\u00e9rmino de VIZNAR (Granada) y <strong>en las inmediaciones del lugar conocido como \u00abFuente Grande\u00bb, en uni\u00f3n de otro detenido cuyas circunstancias personales se desconocen, fue pasado por las armas despu\u00e9s de haber confesado<\/strong>, seg\u00fan se tiene entendido, siendo <strong>enterrado en aquel paraje, muy a flor de tierra, en un barranco situado a unos dos kil\u00f3metros a la derecha de dicha \u00abFuente Grande\u00bb,<\/strong> en un lugar que se hace muy dif\u00edcil de localizar\u00bb<\/p>\n<p>En el documento de 1965 aparecen varias ideas que no necesariamente son verdades hist\u00f3ricas pero que aportan una versi\u00f3n diferente a las hasta ahora consideradas como las m\u00e1s v\u00e1lidas.Por un lado, la nota asegura que Lorca <strong>\u201cfue pasado por las armas\u201d<\/strong> junto a una sola persona de cuya filiaci\u00f3n no se informa. Las versiones m\u00e1s aceptadas afirman que fueron dos banderilleros y un maestro los que murieron con \u00e9l.La polic\u00eda, en este informe que ahora publica por primera vez la Cadena SER , asegura que <strong>el poeta confes\u00f3 antes de ser asesinado<\/strong>. Eso s\u00ed, no especifica cu\u00e1l fue el contenido de esa confesi\u00f3n.<\/p>\n<p>El <strong>lugar de enterramiento<\/strong> tambi\u00e9n difiere de algunas localizaciones se\u00f1aladas hasta ahora y en las que, a pesar de las prospecciones realizadas, no han aparecido restos que pudieran ser vinculados a Lorca.<\/p>\n<p>publicado en :<a href=\"http:\/\/cadenaser.com\/ser\/2015\/04\/22\/cultura\/1429721554_396463.html\"> http:\/\/cadenaser.com\/ser\/2015\/04\/22\/cultura\/1429721554_396463.html<\/a><\/p>\n","protected":false},"excerpt":{"rendered":"<p>El poeta Federico Garc\u00eda Lorca fue asesinado junto a otra persona, tras confesar. Es la&#8230;<\/p>\n","protected":false},"author":1,"featured_media":1341,"comment_status":"closed","ping_status":"closed","sticky":false,"template":"","format":"standard","meta":{"_coblocks_attr":"","_coblocks_dimensions":"","_coblocks_responsive_height":"","_coblocks_accordion_ie_support":"","jetpack_post_was_ever_published":false,"_jetpack_newsletter_access":"","_jetpack_dont_email_post_to_subs":false,"_jetpack_newsletter_tier_id":0,"_jetpack_memberships_contains_paywalled_content":false,"_jetpack_memberships_contains_paid_content":false,"footnotes":"","jetpack_publicize_message":"","jetpack_publicize_feature_enabled":true,"jetpack_social_post_already_shared":false,"jetpack_social_options":{"image_generator_settings":{"template":"highway","default_image_id":0,"enabled":false},"version":2}},"categories":[12,15],"tags":[490,496,489],"class_list":["post-1340","post","type-post","status-publish","format-standard","has-post-thumbnail","hentry","category-cultura","category-ultimas-noticias","tag-asesinato","tag-homosexual","tag-lorca"],"jetpack_publicize_connections":[],"jetpack_featured_media_url":"https:\/\/i0.wp.com\/miradordeatarfe.es\/wp-content\/uploads\/2015\/04\/1429721554_396463_1429726502_sumario_normal.jpg?fit=545%2C453&ssl=1","jetpack_likes_enabled":true,"jetpack_sharing_enabled":true,"_links":{"self":[{"href":"https:\/\/miradordeatarfe.es\/index.php?rest_route=\/wp\/v2\/posts\/1340","targetHints":{"allow":["GET"]}}],"collection":[{"href":"https:\/\/miradordeatarfe.es\/index.php?rest_route=\/wp\/v2\/posts"}],"about":[{"href":"https:\/\/miradordeatarfe.es\/index.php?rest_route=\/wp\/v2\/types\/post"}],"author":[{"embeddable":true,"href":"https:\/\/miradordeatarfe.es\/index.php?rest_route=\/wp\/v2\/users\/1"}],"replies":[{"embeddable":true,"href":"https:\/\/miradordeatarfe.es\/index.php?rest_route=%2Fwp%2Fv2%2Fcomments&post=1340"}],"version-history":[{"count":1,"href":"https:\/\/miradordeatarfe.es\/index.php?rest_route=\/wp\/v2\/posts\/1340\/revisions"}],"predecessor-version":[{"id":1342,"href":"https:\/\/miradordeatarfe.es\/index.php?rest_route=\/wp\/v2\/posts\/1340\/revisions\/1342"}],"wp:featuredmedia":[{"embeddable":true,"href":"https:\/\/miradordeatarfe.es\/index.php?rest_route=\/wp\/v2\/media\/1341"}],"wp:attachment":[{"href":"https:\/\/miradordeatarfe.es\/index.php?rest_route=%2Fwp%2Fv2%2Fmedia&parent=1340"}],"wp:term":[{"taxonomy":"category","embeddable":true,"href":"https:\/\/miradordeatarfe.es\/index.php?rest_route=%2Fwp%2Fv2%2Fcategories&post=1340"},{"taxonomy":"post_tag","embeddable":true,"href":"https:\/\/miradordeatarfe.es\/index.php?rest_route=%2Fwp%2Fv2%2Ftags&post=1340"}],"curies":[{"name":"wp","href":"https:\/\/api.w.org\/{rel}","templated":true}]}}