{"id":1343,"date":"2015-04-24T06:44:24","date_gmt":"2015-04-24T06:44:24","guid":{"rendered":"http:\/\/miradordeatarfe.es\/?p=1343"},"modified":"2015-04-25T09:24:35","modified_gmt":"2015-04-25T09:24:35","slug":"adopcion-de-bandera-del-municipio-de-atarfe-edicto","status":"publish","type":"post","link":"https:\/\/miradordeatarfe.es\/?p=1343","title":{"rendered":"Adopci\u00f3n de bandera del municipio de Atarfe  EDICTO"},"content":{"rendered":"<p>Tom\u00e1s Ruiz Maeso, Alcalde Presidente del Ayuntamiento de Atarfe,<\/p>\n<p>HACE SABER: Anuncio de 13 de abril de 2015, del Ayuntamiento de Atarfe, sobre adopci\u00f3n de la Bandera del municipio de Atarfe.<!--more--><\/p>\n<p>Que el Pleno de esta Corporaci\u00f3n Municipal, en sesi\u00f3n ordinaria celebrada el d\u00eda 27 de marzo de 2015, acord\u00f3 tramitar la adopci\u00f3n de la Bandera de Atarfe, a trav\u00e9s de Concurso de Ideas, mediante convocatoria p\u00fablica y abierta, conforme a las Bases que se aprobaron en la sesi\u00f3n plenaria expresada. Tras la presentaci\u00f3n de propuestas, el Jurado designado a tal fin procedi\u00f3, en sesi\u00f3n celebrada el d\u00eda 10 de abril de 2015, a la apertura de dichas propuestas, manteni\u00e9ndose el anonimato de los participantes.<\/p>\n<p>En cumplimiento de lo dispuesto en la normativa legal vigente, art\u00edculo 9 de la Ley 6\/2003, de 9 de octubre, de S\u00edmbolos, Tratamientos y Registro de las Entidades Locales de Andaluc\u00eda, se procede a abrir periodo de informaci\u00f3n p\u00fablica, mediante anuncio inserto en el Bolet\u00edn Oficial de la Junta de Andaluc\u00eda, en el Bolet\u00edn Oficial de la Provincia de Granada, en el tabl\u00f3n de edictos del Ayuntamiento, y mediante notificaci\u00f3n a las Asociaciones Vecinales y aquellas cuyo objeto social est\u00e9 directamente relacionado con la conservaci\u00f3n y promoci\u00f3n del patrimonio hist\u00f3rico, art\u00edstico y cultural del municipio, para que durante el plazo de veinte d\u00edas h\u00e1biles, cualquier persona que se considere interesada, pueda examinar el expediente administrativo referenciado y formular si lo estima oportuno alegaciones, reclamaciones o sugerencias. Transcurrido el plazo de informaci\u00f3n p\u00fablica y con el resultado del mismo, las propuestas formuladas se remitir\u00e1n al Jurado para que se proceda a su fallo y se elevar\u00e1 al Pleno de la Corporaci\u00f3n a los efectos oportunos.<\/p>\n<p>El plazo comenzar\u00e1 a contarse a partir del d\u00eda siguiente al de la inserci\u00f3n del anuncio en los boletines oficiales expresados.<\/p>\n<p>Atarfe, 13 de abril de 2015.- El Alcalde<\/p>\n<p>&nbsp;<\/p>\n","protected":false},"excerpt":{"rendered":"<p>Tom\u00e1s Ruiz Maeso, Alcalde Presidente del Ayuntamiento de Atarfe, HACE SABER: Anuncio de 13 de&#8230;<\/p>\n","protected":false},"author":1,"featured_media":1344,"comment_status":"closed","ping_status":"closed","sticky":false,"template":"","format":"standard","meta":{"_coblocks_attr":"","_coblocks_dimensions":"","_coblocks_responsive_height":"","_coblocks_accordion_ie_support":"","jetpack_post_was_ever_published":false,"_jetpack_newsletter_access":"","_jetpack_dont_email_post_to_subs":false,"_jetpack_newsletter_tier_id":0,"_jetpack_memberships_contains_paywalled_content":false,"_jetpack_memberships_contains_paid_content":false,"footnotes":"","jetpack_publicize_message":"","jetpack_publicize_feature_enabled":true,"jetpack_social_post_already_shared":false,"jetpack_social_options":{"image_generator_settings":{"template":"highway","default_image_id":0,"enabled":false},"version":2}},"categories":[2,15],"tags":[81,497],"class_list":["post-1343","post","type-post","status-publish","format-standard","has-post-thumbnail","hentry","category-atarfe","category-ultimas-noticias","tag-atarfe","tag-bandera"],"jetpack_publicize_connections":[],"jetpack_featured_media_url":"https:\/\/i0.wp.com\/miradordeatarfe.es\/wp-content\/uploads\/2015\/04\/BAN.jpg?fit=225%2C225&ssl=1","jetpack_likes_enabled":true,"jetpack_sharing_enabled":true,"_links":{"self":[{"href":"https:\/\/miradordeatarfe.es\/index.php?rest_route=\/wp\/v2\/posts\/1343","targetHints":{"allow":["GET"]}}],"collection":[{"href":"https:\/\/miradordeatarfe.es\/index.php?rest_route=\/wp\/v2\/posts"}],"about":[{"href":"https:\/\/miradordeatarfe.es\/index.php?rest_route=\/wp\/v2\/types\/post"}],"author":[{"embeddable":true,"href":"https:\/\/miradordeatarfe.es\/index.php?rest_route=\/wp\/v2\/users\/1"}],"replies":[{"embeddable":true,"href":"https:\/\/miradordeatarfe.es\/index.php?rest_route=%2Fwp%2Fv2%2Fcomments&post=1343"}],"version-history":[{"count":1,"href":"https:\/\/miradordeatarfe.es\/index.php?rest_route=\/wp\/v2\/posts\/1343\/revisions"}],"predecessor-version":[{"id":1345,"href":"https:\/\/miradordeatarfe.es\/index.php?rest_route=\/wp\/v2\/posts\/1343\/revisions\/1345"}],"wp:featuredmedia":[{"embeddable":true,"href":"https:\/\/miradordeatarfe.es\/index.php?rest_route=\/wp\/v2\/media\/1344"}],"wp:attachment":[{"href":"https:\/\/miradordeatarfe.es\/index.php?rest_route=%2Fwp%2Fv2%2Fmedia&parent=1343"}],"wp:term":[{"taxonomy":"category","embeddable":true,"href":"https:\/\/miradordeatarfe.es\/index.php?rest_route=%2Fwp%2Fv2%2Fcategories&post=1343"},{"taxonomy":"post_tag","embeddable":true,"href":"https:\/\/miradordeatarfe.es\/index.php?rest_route=%2Fwp%2Fv2%2Ftags&post=1343"}],"curies":[{"name":"wp","href":"https:\/\/api.w.org\/{rel}","templated":true}]}}