{"id":1367,"date":"2015-04-26T09:13:54","date_gmt":"2015-04-26T09:13:54","guid":{"rendered":"http:\/\/miradordeatarfe.es\/?p=1367"},"modified":"2015-04-27T08:37:54","modified_gmt":"2015-04-27T08:37:54","slug":"fabulaciones-y-confabulaciones-por-juan-alfredo-bellon","status":"publish","type":"post","link":"https:\/\/miradordeatarfe.es\/?p=1367","title":{"rendered":"FABULACIONES Y CONFABULACIONES  por Juan Alfredo Bell\u00f3n"},"content":{"rendered":"<p><strong><em>FABULACIONES Y CONFABULACIONES, <\/em>por Juan Alfredo Bell\u00f3n para El Mirador de Atarfe (DESDE EL MIRADOR N\u00ba49) del domingo 26-04-2015.<\/strong><\/p>\n<p style=\"text-align: justify;\"><strong>\u00a0\u00a0\u00a0\u00a0\u00a0\u00a0\u00a0\u00a0\u00a0\u00a0\u00a0\u00a0\u00a0\u00a0\u00a0\u00a0 <\/strong>Dice el Papa Bergoglio que hay que amar a los divorciados y dejarles acercarse a la Iglesia, y a los pecadores, entre por lo que parece est\u00e1n los homosexuales y las lesbianas, por no seguir la n\u00f3mina de los infectos tradicionalmente condenados por el Vaticano. Pues ahora hay que ser compasivos y distinguir el pecado del pecador y agacharse a lavarles los pies en la Pascua Florida, como Jes\u00fas se los lav\u00f3 y sec\u00f3 a los disc\u00edpulos, a los pobres y a los leprosos. <!--more-->Todo muy bonito y franciscano, muy bien predicado y mejor argumentado por el Papa argentino, como quien escribe la letra de un tango arrabalero con chulos esforzados y putas repletas de cicatrices y desgarros en el malevaje acompasado de un bandone\u00f3n.<\/p>\n<p style=\"text-align: justify;\">\u00a0\u00a0\u00a0\u00a0\u00a0\u00a0\u00a0\u00a0\u00a0\u00a0\u00a0\u00a0\u00a0\u00a0\u00a0 Qu\u00e9 vientos tan frescos soplan en el Vaticano con Francisco alojado en un conventito aleda\u00f1o a San Pedro, regentado por monjas de costumbres sobrias y no como el domicilio palaciego del cardenal Rouco Varela, presidente dimisionario de la Conferencia Episcopal, tambi\u00e9n gallego, como Fraga y Rajoy y N\u00fa\u00f1ez Feijoo. Cu\u00e1ntas gaitas, Se\u00f1or Santiago.<\/p>\n<p style=\"text-align: justify;\">\u00a0\u00a0\u00a0\u00a0\u00a0\u00a0\u00a0\u00a0\u00a0\u00a0\u00a0\u00a0\u00a0\u00a0\u00a0 Cuentan que, ya muy enfermo Juan Pablo II, un cardenal se atrevi\u00f3 a preguntar a Dios cu\u00e1ndo <em>tendr\u00edamos<\/em> otro Papa polaco y Dios le respondi\u00f3, muy nervioso, que nunca mientras \u00e9l fuera Dios. Y ahora resulta que hay una conjura nutrida por periodistas meapilas y pol\u00edticos <em>genoveses,<\/em> descontentos con la frialdad y el <em>dontancredismo<\/em> de Rajoy que deja caer a Rato mirando al tendido, y tal parece que no han escarmentado de gallegos (se me olvid\u00f3 empezar por Franco) y proponen su recambio por el presidente de La Xunta, amigo intimo de narcos relevantes, agazapado en su Obradoiro mientras el Presidente se achicharra en la Moncloa como san Lorenzo (<em>apr\u00e9s moi, le deluge<\/em>) esperando la debacle en las Municipales.<\/p>\n<p style=\"text-align: justify;\">\u00a0\u00a0\u00a0\u00a0\u00a0\u00a0\u00a0\u00a0\u00a0\u00a0\u00a0\u00a0\u00a0\u00a0\u00a0 Y luego va Hollande y nombra aspirante a la embajada francesa ante la Santa Sede a un tal Stefanini, uno de los primeros espadas de la diplomacia gala, cat\u00f3lico ferviente y practicante&#8230; pero <em>papablemente<\/em> homosexual. Y Bertoglio manda bloquear la presentaci\u00f3n de las credenciales desde principios de 2015 y guarda un silencio cazurro que bien podr\u00eda ser gallego del Mar del Plata, que no por mucho predicar, da trigo y se pierde en el laberinto de las fabulaciones gratuitas actuando con nosotros como un trilero que impide al pueblo conocer a los defraudadores fiscales y blanqueadores de capitales, amagando con que, si los conoci\u00e9ramos, comprobar\u00edamos que son <em>la repera patatera.<\/em> Qu\u00e9 bonito, redi\u00f3s, m\u00e1s propio de un <em>sargento patatero<\/em> que de un alto cargo de nuestra administraci\u00f3n, practicar l\u00fadicamente la rima interna y merecer un <em>cero patatero<\/em> siendo tan fraudulento como un <em>chorizo o morcilla patateros,<\/em> embutidos en casa del pobre con mucha patata, para disfrazar el hambre como Francisco disfraza su intolerancia vaticana, intransigente e inquisitorial.<\/p>\n<p style=\"text-align: justify;\">\u00a0\u00a0\u00a0\u00a0\u00a0\u00a0\u00a0\u00a0\u00a0\u00a0\u00a0\u00a0\u00a0\u00a0\u00a0 Cuando, antes de negar el <em>placet<\/em> a Stefanini, tendr\u00eda que expulsar a media Curia Romana y diezmar (soy indulgente) al clero secular y al regular y a sus variantes docentes y asistenciales, tanto masculinas como femeninas. Y conste que a m\u00ed no me toca nada el supradicho, pero es que no se puede ser tan c\u00ednico, embustero, boludo y embaucador.<\/p>\n<p style=\"text-align: justify;\">\u00a0\u00a0\u00a0\u00a0\u00a0\u00a0\u00a0\u00a0\u00a0\u00a0\u00a0\u00a0\u00a0\u00a0\u00a0 Y para m\u00e1s <em>inri<\/em> de los <em>inris<\/em> y colmo de los colmos, se incorporan a la inacabable lista negra de la corrupci\u00f3n econ\u00f3mica el diputado pepero y cachazudo Mart\u00ednez Pujalte y Federico Trillo, que admiten c\u00ednicamente haber cobrado entrambos casi medio mill\u00f3n por \u00abasesorar verbalmente\u00bb a una empresa constructora que opera con la Administraci\u00f3n y reconocen lo poco est\u00e9tico del caso pero se aferran a su legalidad. Habrase visto. Despu\u00e9s de lo del Yack-42 y lo de la Isla Perejil y de proclamar a los cuatro vientos la autor\u00eda etarra de los atentados de Madrid y el car\u00e1cter de confabulaci\u00f3n criminal de la acusaciones por lo de la trama G\u00fcrtel, y de las risitas, (je je y ja ja y lo de \u00aba lo mojor\u00bb) y del cachondeo medi\u00e1tico con v\u00edctimas y perjudicados, solo queda pedir que vuelva Aznar a sacarles las casta\u00f1as del fuego y a castigarnos como merecemos por haber luchado tanto contra el IVA cultural y habernos re\u00eddo tant\u00edsimo de su esposa. Las quinielas est\u00e1n ech\u00e1ndose: se\u00f1oras y se\u00f1ores, abran juego.<\/p>\n<p style=\"text-align: justify;\">\n","protected":false},"excerpt":{"rendered":"<p>FABULACIONES Y CONFABULACIONES, por Juan Alfredo Bell\u00f3n para El Mirador de Atarfe (DESDE EL MIRADOR&#8230;<\/p>\n","protected":false},"author":1,"featured_media":1368,"comment_status":"closed","ping_status":"closed","sticky":false,"template":"","format":"standard","meta":{"_coblocks_attr":"","_coblocks_dimensions":"","_coblocks_responsive_height":"","_coblocks_accordion_ie_support":"","jetpack_post_was_ever_published":false,"_jetpack_newsletter_access":"","_jetpack_dont_email_post_to_subs":false,"_jetpack_newsletter_tier_id":0,"_jetpack_memberships_contains_paywalled_content":false,"_jetpack_memberships_contains_paid_content":false,"footnotes":"","jetpack_publicize_message":"","jetpack_publicize_feature_enabled":true,"jetpack_social_post_already_shared":false,"jetpack_social_options":{"image_generator_settings":{"template":"highway","default_image_id":0,"enabled":false},"version":2}},"categories":[36,15],"tags":[502,503],"class_list":["post-1367","post","type-post","status-publish","format-standard","has-post-thumbnail","hentry","category-opinion-de-juan-alfredo-bellon","category-ultimas-noticias","tag-homosexualidad","tag-sucesion"],"jetpack_publicize_connections":[],"jetpack_featured_media_url":"https:\/\/i0.wp.com\/miradordeatarfe.es\/wp-content\/uploads\/2015\/04\/Raj.jpg?fit=275%2C183&ssl=1","jetpack_likes_enabled":true,"jetpack_sharing_enabled":true,"_links":{"self":[{"href":"https:\/\/miradordeatarfe.es\/index.php?rest_route=\/wp\/v2\/posts\/1367","targetHints":{"allow":["GET"]}}],"collection":[{"href":"https:\/\/miradordeatarfe.es\/index.php?rest_route=\/wp\/v2\/posts"}],"about":[{"href":"https:\/\/miradordeatarfe.es\/index.php?rest_route=\/wp\/v2\/types\/post"}],"author":[{"embeddable":true,"href":"https:\/\/miradordeatarfe.es\/index.php?rest_route=\/wp\/v2\/users\/1"}],"replies":[{"embeddable":true,"href":"https:\/\/miradordeatarfe.es\/index.php?rest_route=%2Fwp%2Fv2%2Fcomments&post=1367"}],"version-history":[{"count":1,"href":"https:\/\/miradordeatarfe.es\/index.php?rest_route=\/wp\/v2\/posts\/1367\/revisions"}],"predecessor-version":[{"id":1369,"href":"https:\/\/miradordeatarfe.es\/index.php?rest_route=\/wp\/v2\/posts\/1367\/revisions\/1369"}],"wp:featuredmedia":[{"embeddable":true,"href":"https:\/\/miradordeatarfe.es\/index.php?rest_route=\/wp\/v2\/media\/1368"}],"wp:attachment":[{"href":"https:\/\/miradordeatarfe.es\/index.php?rest_route=%2Fwp%2Fv2%2Fmedia&parent=1367"}],"wp:term":[{"taxonomy":"category","embeddable":true,"href":"https:\/\/miradordeatarfe.es\/index.php?rest_route=%2Fwp%2Fv2%2Fcategories&post=1367"},{"taxonomy":"post_tag","embeddable":true,"href":"https:\/\/miradordeatarfe.es\/index.php?rest_route=%2Fwp%2Fv2%2Ftags&post=1367"}],"curies":[{"name":"wp","href":"https:\/\/api.w.org\/{rel}","templated":true}]}}