{"id":139,"date":"2015-02-11T09:04:39","date_gmt":"2015-02-11T09:04:39","guid":{"rendered":"http:\/\/miradordeatarfe.es\/?p=139"},"modified":"2015-03-11T09:07:16","modified_gmt":"2015-03-11T09:07:16","slug":"reclaman-vigilancia-en-el-centro-de-salud-de-atarfe-tras-una-agresion-verbal-a-una-trabajadora","status":"publish","type":"post","link":"https:\/\/miradordeatarfe.es\/?p=139","title":{"rendered":"Reclaman vigilancia en el centro de salud de Atarfe tras una agresi\u00f3n verbal a una trabajadora"},"content":{"rendered":"<p class=\"entradilla_noticia\">La usuaria se dirigi\u00f3 al mostrador y amenaz\u00f3 de muerte a la auxiliar administrativa para intentar luego entrar para agredirla f\u00edsicamente, aunque intervino otra trabajadora que impidi\u00f3 la agresi\u00f3n<!--more--><\/p>\n<p>&nbsp;<\/p>\n<div class=\"contenedor\">\n<p>El Sindicato Andaluz de Celadores Conductores (Saceco) ha vuelto a reclamar que se habilite un servicio de vigilancia privada en el centro de salud de <strong>Atarfe<\/strong>\u00a0despu\u00e9s de que este mi\u00e9rcoles una auxiliar administrativa haya sido amenazada de muerte por parte de una usuaria que ha intentado sin \u00e9xito agredirla f\u00edsicamente.<\/p>\n<p>Seg\u00fan informa el sindicato en un comunicado, los hechos han ocurrido a las 12,40 horas, cuando una usuaria de 38 a\u00f1os acudi\u00f3 al centro de salud demandando asistencia para su hija. A pesar de que no esper\u00f3 turno ni aport\u00f3 documento alguno, la trabajadora la deriv\u00f3 a la consulta del m\u00e9dico correspondiente.<\/p>\n<p>A los pocos minutos, la usuaria se dirigi\u00f3 al mostrador y amenaz\u00f3 de muerte a la auxiliar administrativa para intentar luego entrar dentro del mostrador para agredirla f\u00edsicamente, aunque en ese momento intervino otra trabajadora que impidi\u00f3 la agresi\u00f3n. Al ver que no pod\u00eda acceder hasta donde estaba la profesional comenz\u00f3 a golpear la puerta, insultar y amenazar a las cuatro administrativas dici\u00e9ndoles que \u201clas esperaba en el descampado a que salieran\u201d.<\/p>\n<p>La profesional afectada ha iniciado los tr\u00e1mites necesarios por agresi\u00f3n, se encuentra de baja laboral y bajo tratamiento m\u00e9dico. La compa\u00f1era que sali\u00f3 en su defensa impidiendo que la usuaria entrase al mostrador, ha recibido asistencia m\u00e9dica por la tensi\u00f3n sufrida y que le ha ocasionado un episodio grave de hipertensi\u00f3n.<\/p>\n<p>El sindicato ha recordado que hace menos de un mes en este mismo centro de salud hubo una agresi\u00f3n f\u00edsica a un celador conductor, mientras que este pasado martes fue una m\u00e9dico la que sufri\u00f3 otro episodio de amenazas en su consulta y golpes en su mesa por parte de otro usuario.<\/p>\n<p>El martes los celadores conductores de Atarfe se entrevistaron con el delegado de Salud de la Junta en Granada, Higinio Almagro, y le hicieron entrega de casi 700 firmas avalando la necesidad de instaurar un servicio de 24 horas de vigilancia privada, pues desde el 17 de noviembre se han registrado ya cinco agresiones.<\/p>\n<p>Los servicios jur\u00eddicos del sindicato ya se encuentran asesorando a esta trabajadora.<\/p>\n<p><span class=\"autor\">Europa Press | 11 febrero, 2015 | 18:33 <\/span><\/p>\n<\/div>\n","protected":false},"excerpt":{"rendered":"<p>La usuaria se dirigi\u00f3 al mostrador y amenaz\u00f3 de muerte a la auxiliar administrativa para&#8230;<\/p>\n","protected":false},"author":1,"featured_media":140,"comment_status":"closed","ping_status":"closed","sticky":false,"template":"","format":"standard","meta":{"_coblocks_attr":"","_coblocks_dimensions":"","_coblocks_responsive_height":"","_coblocks_accordion_ie_support":"","jetpack_post_was_ever_published":false,"_jetpack_newsletter_access":"","_jetpack_dont_email_post_to_subs":false,"_jetpack_newsletter_tier_id":0,"_jetpack_memberships_contains_paywalled_content":false,"_jetpack_memberships_contains_paid_content":false,"footnotes":"","jetpack_publicize_message":"","jetpack_publicize_feature_enabled":true,"jetpack_social_post_already_shared":false,"jetpack_social_options":{"image_generator_settings":{"template":"highway","default_image_id":0,"enabled":false},"version":2}},"categories":[9,10],"tags":[55,78,77],"class_list":["post-139","post","type-post","status-publish","format-standard","has-post-thumbnail","hentry","category-medio-ambiente","category-salud","tag-salud","tag-sindicatos","tag-violencia"],"jetpack_publicize_connections":[],"jetpack_featured_media_url":"https:\/\/i0.wp.com\/miradordeatarfe.es\/wp-content\/uploads\/2015\/03\/SAL.jpg?fit=300%2C168&ssl=1","jetpack_likes_enabled":true,"jetpack_sharing_enabled":true,"_links":{"self":[{"href":"https:\/\/miradordeatarfe.es\/index.php?rest_route=\/wp\/v2\/posts\/139","targetHints":{"allow":["GET"]}}],"collection":[{"href":"https:\/\/miradordeatarfe.es\/index.php?rest_route=\/wp\/v2\/posts"}],"about":[{"href":"https:\/\/miradordeatarfe.es\/index.php?rest_route=\/wp\/v2\/types\/post"}],"author":[{"embeddable":true,"href":"https:\/\/miradordeatarfe.es\/index.php?rest_route=\/wp\/v2\/users\/1"}],"replies":[{"embeddable":true,"href":"https:\/\/miradordeatarfe.es\/index.php?rest_route=%2Fwp%2Fv2%2Fcomments&post=139"}],"version-history":[{"count":1,"href":"https:\/\/miradordeatarfe.es\/index.php?rest_route=\/wp\/v2\/posts\/139\/revisions"}],"predecessor-version":[{"id":141,"href":"https:\/\/miradordeatarfe.es\/index.php?rest_route=\/wp\/v2\/posts\/139\/revisions\/141"}],"wp:featuredmedia":[{"embeddable":true,"href":"https:\/\/miradordeatarfe.es\/index.php?rest_route=\/wp\/v2\/media\/140"}],"wp:attachment":[{"href":"https:\/\/miradordeatarfe.es\/index.php?rest_route=%2Fwp%2Fv2%2Fmedia&parent=139"}],"wp:term":[{"taxonomy":"category","embeddable":true,"href":"https:\/\/miradordeatarfe.es\/index.php?rest_route=%2Fwp%2Fv2%2Fcategories&post=139"},{"taxonomy":"post_tag","embeddable":true,"href":"https:\/\/miradordeatarfe.es\/index.php?rest_route=%2Fwp%2Fv2%2Ftags&post=139"}],"curies":[{"name":"wp","href":"https:\/\/api.w.org\/{rel}","templated":true}]}}