{"id":13948,"date":"2017-02-01T09:41:27","date_gmt":"2017-02-01T08:41:27","guid":{"rendered":"http:\/\/miradordeatarfe.es\/?p=13948"},"modified":"2017-01-30T11:48:56","modified_gmt":"2017-01-30T10:48:56","slug":"el-525-aniversario-de-las-capitulaciones-de-sante-fe-se-extendera-a-toda-la-provincia","status":"publish","type":"post","link":"https:\/\/miradordeatarfe.es\/?p=13948","title":{"rendered":"El 525 aniversario de las Capitulaciones de Sante Fe se extender\u00e1 a toda la provincia"},"content":{"rendered":"<p style=\"text-align: justify;\">Los centros educativos conmemorar\u00e1n esta efem\u00e9ride con nuevos materiales did\u00e1cticos que integran contenidos de distintas \u00e1reas para acercarse a los acontecimientos hist\u00f3ricos de 1492 desde una perspectiva multidisciplinar<\/p>\n<p style=\"text-align: justify;\"><!--more--><\/p>\n<div class=\"contenedor\">\n<div id=\"attachment_84504\" class=\"wp-caption alignright\" style=\"text-align: justify;\">El delegado de Educaci\u00f3n, Germ\u00e1n Gonz\u00e1lez, durante su visita a uno de los centros escolares de Santa Fe. Foto: aG<\/div>\n<p style=\"text-align: justify;\">El delegado de Educaci\u00f3n, Germ\u00e1n Gonz\u00e1lez, acompa\u00f1ado de representantes del Ayuntamiento de <strong>Santa Fe<\/strong> y de los centros educativos de la localidad, ha presentado una iniciativa que permitir\u00e1 al alumnado de toda la provincia conocer mejor las Capitulaciones que se firmaron en este municipio granadino hace 525 a\u00f1os.<\/p>\n<p style=\"text-align: justify;\">De hecho, este documento suscrito el 17 de abril de 1492 por los Reyes Cat\u00f3licos y Crist\u00f3bal Col\u00f3n, recoge los acuerdos relativos a la expedici\u00f3n a las Indias, por lo que se considera el primer testimonio escrito de la Historia de Am\u00e9rica, lo que permiti\u00f3 que la Unesco\u00a0incluyera estas <strong>Capitulaciones de Santa Fe<\/strong> en el registro de Patrimonio Documental Mundial, destinado a la preservaci\u00f3n y difusi\u00f3n de testimonios documentales de excepcional valor y relevancia.<\/p>\n<p style=\"text-align: justify;\">En esta l\u00ednea, los centros educativos granadinos cuentan desde ahora con una nueva herramienta que permitir\u00e1 difundir la trascendencia de los acontecimientos hist\u00f3ricos que tuvieron su punto de partida en <strong>Santa Fe<\/strong> a trav\u00e9s de sendas Unidades Did\u00e1cticas Integradas destinadas a Primaria y a Secundaria respectivamente y en las que se aborda esta tem\u00e1tica desde una perspectiva pr\u00e1ctica y multidisciplinar que se dirige a mejorar las competencias del alumnado y a adaptar las metodolog\u00edas del aula docentes a las necesidades de la sociedad actual.<\/p>\n<p style=\"text-align: justify;\">\u201cSe trata de un modelo de trabajo que encaja perfectamente con las orientaciones metodol\u00f3gicas de la Consejer\u00eda de Educaci\u00f3n, que facilita el dise\u00f1o de pr\u00e1cticas docentes innovadoras que facilitan un aprendizaje contextualizado y cercano a la realidad del alumnado, en el marco de una escuela participativa que implica a toda la comunidad educativa\u201d, ha explicado el delegado territorial, que agradeci\u00f3 su labor a los asesores pertenecientes a la Red Provincial de Formaci\u00f3n del Profesorado que han coordinado esta iniciativa junto a docentes de diferentes colegios e institutos y al Ayuntamiento de <strong>Santa Fe<\/strong>.<\/p>\n<p style=\"text-align: justify;\">Gonz\u00e1lez se ha reunido con representantes de los centros educativos de la localidad, a los que les agradeci\u00f3 \u201csu implicaci\u00f3n en la mejora de la educaci\u00f3n andaluza y su apuesta por la innovaci\u00f3n en el aula, que potencia la calidad y el \u00e9xito educativo de todo el alumnado, garantizando adem\u00e1s la equidad y la igualdad de oportunidades\u201d.<\/p>\n<p style=\"text-align: justify;\">El material did\u00e1ctico, presentado este jueves en el Colegio de Educaci\u00f3n Infantil y Primaria \u2018Reyes Cat\u00f3licos\u2019 de Santa Fe, implica a distintas \u00e1reas, tales como Matem\u00e1ticas, Lengua Castellana y Literatura, Ciencias Sociales, Cultura y Pr\u00e1ctica Digital o Educaci\u00f3n Art\u00edstica, desde las que se aborda la relevancia de procesos y acontecimientos hist\u00f3ricos que tienen una importancia capital en la historia espa\u00f1ola, por la trascendencia que el Descubrimiento de Am\u00e9rica tuvo a ambos lados del Atl\u00e1ntico.<\/p>\n<p style=\"text-align: justify;\">Todos los contenidos se vertebran en torno a diversas tareas finales que tienen muy en cuenta las nuevas tecnolog\u00edas, el aprendizaje cooperativo y la participaci\u00f3n activa del alumnado en la investigaci\u00f3n y la creaci\u00f3n de nuevos contenidos, con actividades como elaboraci\u00f3n de mapas conceptuales, murales digitales, exposiciones orales, cazas del tesoro, narraciones literarias, muestras de im\u00e1genes y carteles publicitarios.<\/p>\n<\/div>\n<p style=\"text-align: justify;\">publicado en AHORAGRANADA<\/p>\n<p style=\"text-align: justify;\">\n","protected":false},"excerpt":{"rendered":"<p>Los centros educativos conmemorar\u00e1n esta efem\u00e9ride con nuevos materiales did\u00e1cticos que integran contenidos de distintas&#8230;<\/p>\n","protected":false},"author":1,"featured_media":13949,"comment_status":"closed","ping_status":"closed","sticky":false,"template":"","format":"standard","meta":{"_coblocks_attr":"","_coblocks_dimensions":"","_coblocks_responsive_height":"","_coblocks_accordion_ie_support":"","jetpack_post_was_ever_published":false,"_jetpack_newsletter_access":"","_jetpack_dont_email_post_to_subs":false,"_jetpack_newsletter_tier_id":0,"_jetpack_memberships_contains_paywalled_content":false,"_jetpack_memberships_contains_paid_content":false,"footnotes":"","jetpack_publicize_message":"","jetpack_publicize_feature_enabled":true,"jetpack_social_post_already_shared":false,"jetpack_social_options":{"image_generator_settings":{"template":"highway","default_image_id":0,"enabled":false},"version":2}},"categories":[186,44,15],"tags":[3483,3482],"class_list":["post-13948","post","type-post","status-publish","format-standard","has-post-thumbnail","hentry","category-instituciones","category-noticias-de-hoy","category-ultimas-noticias","tag-capitulaciones","tag-santafe"],"jetpack_publicize_connections":[],"jetpack_featured_media_url":"https:\/\/i0.wp.com\/miradordeatarfe.es\/wp-content\/uploads\/2017\/01\/Delegado-Educacion-German-Gonzalez-Santa-fe-768x432.jpg?fit=768%2C432&ssl=1","jetpack_likes_enabled":true,"jetpack_sharing_enabled":true,"_links":{"self":[{"href":"https:\/\/miradordeatarfe.es\/index.php?rest_route=\/wp\/v2\/posts\/13948","targetHints":{"allow":["GET"]}}],"collection":[{"href":"https:\/\/miradordeatarfe.es\/index.php?rest_route=\/wp\/v2\/posts"}],"about":[{"href":"https:\/\/miradordeatarfe.es\/index.php?rest_route=\/wp\/v2\/types\/post"}],"author":[{"embeddable":true,"href":"https:\/\/miradordeatarfe.es\/index.php?rest_route=\/wp\/v2\/users\/1"}],"replies":[{"embeddable":true,"href":"https:\/\/miradordeatarfe.es\/index.php?rest_route=%2Fwp%2Fv2%2Fcomments&post=13948"}],"version-history":[{"count":1,"href":"https:\/\/miradordeatarfe.es\/index.php?rest_route=\/wp\/v2\/posts\/13948\/revisions"}],"predecessor-version":[{"id":13950,"href":"https:\/\/miradordeatarfe.es\/index.php?rest_route=\/wp\/v2\/posts\/13948\/revisions\/13950"}],"wp:featuredmedia":[{"embeddable":true,"href":"https:\/\/miradordeatarfe.es\/index.php?rest_route=\/wp\/v2\/media\/13949"}],"wp:attachment":[{"href":"https:\/\/miradordeatarfe.es\/index.php?rest_route=%2Fwp%2Fv2%2Fmedia&parent=13948"}],"wp:term":[{"taxonomy":"category","embeddable":true,"href":"https:\/\/miradordeatarfe.es\/index.php?rest_route=%2Fwp%2Fv2%2Fcategories&post=13948"},{"taxonomy":"post_tag","embeddable":true,"href":"https:\/\/miradordeatarfe.es\/index.php?rest_route=%2Fwp%2Fv2%2Ftags&post=13948"}],"curies":[{"name":"wp","href":"https:\/\/api.w.org\/{rel}","templated":true}]}}