{"id":13963,"date":"2017-02-01T07:38:31","date_gmt":"2017-02-01T06:38:31","guid":{"rendered":"http:\/\/miradordeatarfe.es\/?p=13963"},"modified":"2017-01-27T17:45:07","modified_gmt":"2017-01-27T16:45:07","slug":"creer-a-las-mujeres-por-pepa-bueno","status":"publish","type":"post","link":"https:\/\/miradordeatarfe.es\/?p=13963","title":{"rendered":"\u00abCreer a las mujeres\u00bb por PEPA BUENO"},"content":{"rendered":"<p style=\"text-align: justify;\">\u00bfQu\u00e9 tenemos que hacer las mujeres para que nos crean? \u00bfQu\u00e9 perverso mecanismo hace posible que un catedr\u00e1tico de la Universidad de Sevilla haya seguido dando clases, apoyado por muchos de sus compa\u00f1eros, seis a\u00f1os despu\u00e9s de la primera denuncia por acoso y abuso sexual a dos profesoras y una becaria? \u00bfC\u00f3mo es posible que ellas hayan tenido que rehacer sus vidas lejos y \u00e9l siguiera en contacto con decenas de estudiantes y profesoras?<br \/>\n<!--more--><\/p>\n<p style=\"text-align: justify;\">\u00a1Seis a\u00f1os! Seis largos a\u00f1os. \u00bfC\u00f3mo es posible que habiendo intervenido el Instituto Andaluz de la Mujer, estando en curso un procedimiento judicial, constando las secuelas psicol\u00f3gicas en las v\u00edctimas\u2026 \u00e9l siguiera ah\u00ed, donde se cometieron los delitos sentenciados ahora con una condena de siete a\u00f1os de c\u00e1rcel? Solo ahora, y solo probablemente por la presi\u00f3n de los medios, lo han suspendido de su tarea docente y no podr\u00e1, de momento, volver a las aulas. El n\u00famero de denuncias falsas por violencia de g\u00e9nero no llega al 0,1%<\/p>\n<p style=\"text-align: justify;\">Todas las estad\u00edsticas oficiales disponibles insisten a\u00f1o tras a\u00f1o en que el n\u00famero de denuncias falsas por violencia de g\u00e9nero no llega al 0,1%. Seg\u00fan la Fiscal\u00eda, en el 2015 se presentaron m\u00e1s de 29.000 denuncias, se incoaron 18 causas por denuncia falsa, solo en dos casos hubo condena, ocho se archivaron y ocho est\u00e1n en tramitaci\u00f3n. En total, el 0,0077%.<\/p>\n<p style=\"text-align: justify;\">A la vista de la contundencia de estos datos, hay que cambiar la pregunta \u00ab\u00bfqu\u00e9 tenemos que hacer las mujeres para que nos crean?\u00bb por \u00ab\u00bfqu\u00e9 deben hacer los hombres, muchos hombres al menos, para comprender de una vez que ni nuestras vidas ni nuestros cuerpos les pertenecen?\u00bb. \u00bfLo entienden los compa\u00f1eros del catedr\u00e1tico abusador que lo defendieron?<\/p>\n<p style=\"text-align: justify;\">\u00a1En la Universidad! Hace solo 40 a\u00f1os, un espa\u00f1ol pod\u00eda volverse loco, sacar dinero de su cuenta corriente\u00a0 familiar y dedicarse a vender helados en el Polo Norte. Una espa\u00f1ola casada necesitaba el permiso de su marido para trabajar, cobrar el salario o disponer del dinero familiar para el negocio m\u00e1s sensato. Una espa\u00f1ola casada necesitaba el permiso de su marido para trabajar, cobrar el salario&#8230; Cuarenta a\u00f1os despu\u00e9s el catedr\u00e1tico sevillano Santiago Romero ha podido seguir dando clases, mientras una de sus v\u00edctimas ha terminado por dejar totalmente la docencia y se ha marchado de Espa\u00f1a. Ten\u00eda el mejor expediente acad\u00e9mico de su promoci\u00f3n.<\/p>\n<p style=\"text-align: justify;\">Otra abandon\u00f3 Sevilla, se fue a Granada y sigue siendo interina. Y la tercera ha vuelto a la universidad, pero a otra facultad para no coincidir con su maltratador condenado, mientras \u00e9l no tuvo que moverse de su sitio. Todas han necesitado apoyo psicol\u00f3gico y una de ellas lo necesita todav\u00eda hoy. Produce escalofr\u00edos pensar cu\u00e1ntos casos parecidos a este pueden permanecer ocultos\u2026 hoy que todas las leyes reconocen la igualdad, hoy que ninguno de los profesores que han consentido al catedr\u00e1tico se atrever\u00edan a decir en voz alta los argumentos que debieron utilizar en voz baja para no creer a las mujere<\/p>\n<p style=\"text-align: justify;\">Ver m\u00e1s en: <a href=\"http:\/\/www.20minutos.es\/opiniones\/pepa-bueno-creer-mujeres-2931498\/#xtor=AD-15&amp;xts=467263\">http:\/\/www.20minutos.es\/opiniones\/pepa-bueno-creer-mujeres-2931498\/#xtor=AD-15&amp;xts=467263<\/a><\/p>\n","protected":false},"excerpt":{"rendered":"<p>\u00bfQu\u00e9 tenemos que hacer las mujeres para que nos crean? \u00bfQu\u00e9 perverso mecanismo hace posible&#8230;<\/p>\n","protected":false},"author":1,"featured_media":13964,"comment_status":"closed","ping_status":"closed","sticky":false,"template":"","format":"standard","meta":{"_coblocks_attr":"","_coblocks_dimensions":"","_coblocks_responsive_height":"","_coblocks_accordion_ie_support":"","jetpack_post_was_ever_published":false,"_jetpack_newsletter_access":"","_jetpack_dont_email_post_to_subs":false,"_jetpack_newsletter_tier_id":0,"_jetpack_memberships_contains_paywalled_content":false,"_jetpack_memberships_contains_paid_content":false,"footnotes":"","jetpack_publicize_message":"","jetpack_publicize_feature_enabled":true,"jetpack_social_post_already_shared":false,"jetpack_social_options":{"image_generator_settings":{"template":"highway","default_image_id":0,"enabled":false},"version":2}},"categories":[1161,186,44,15],"tags":[41,19,2882],"class_list":["post-13963","post","type-post","status-publish","format-standard","has-post-thumbnail","hentry","category-ciudadania","category-instituciones","category-noticias-de-hoy","category-ultimas-noticias","tag-feminismo","tag-mujeres","tag-violaciones"],"jetpack_publicize_connections":[],"jetpack_featured_media_url":"https:\/\/i0.wp.com\/miradordeatarfe.es\/wp-content\/uploads\/2017\/01\/decano.jpg?fit=660%2C340&ssl=1","jetpack_likes_enabled":true,"jetpack_sharing_enabled":true,"_links":{"self":[{"href":"https:\/\/miradordeatarfe.es\/index.php?rest_route=\/wp\/v2\/posts\/13963","targetHints":{"allow":["GET"]}}],"collection":[{"href":"https:\/\/miradordeatarfe.es\/index.php?rest_route=\/wp\/v2\/posts"}],"about":[{"href":"https:\/\/miradordeatarfe.es\/index.php?rest_route=\/wp\/v2\/types\/post"}],"author":[{"embeddable":true,"href":"https:\/\/miradordeatarfe.es\/index.php?rest_route=\/wp\/v2\/users\/1"}],"replies":[{"embeddable":true,"href":"https:\/\/miradordeatarfe.es\/index.php?rest_route=%2Fwp%2Fv2%2Fcomments&post=13963"}],"version-history":[{"count":1,"href":"https:\/\/miradordeatarfe.es\/index.php?rest_route=\/wp\/v2\/posts\/13963\/revisions"}],"predecessor-version":[{"id":13965,"href":"https:\/\/miradordeatarfe.es\/index.php?rest_route=\/wp\/v2\/posts\/13963\/revisions\/13965"}],"wp:featuredmedia":[{"embeddable":true,"href":"https:\/\/miradordeatarfe.es\/index.php?rest_route=\/wp\/v2\/media\/13964"}],"wp:attachment":[{"href":"https:\/\/miradordeatarfe.es\/index.php?rest_route=%2Fwp%2Fv2%2Fmedia&parent=13963"}],"wp:term":[{"taxonomy":"category","embeddable":true,"href":"https:\/\/miradordeatarfe.es\/index.php?rest_route=%2Fwp%2Fv2%2Fcategories&post=13963"},{"taxonomy":"post_tag","embeddable":true,"href":"https:\/\/miradordeatarfe.es\/index.php?rest_route=%2Fwp%2Fv2%2Ftags&post=13963"}],"curies":[{"name":"wp","href":"https:\/\/api.w.org\/{rel}","templated":true}]}}