{"id":14045,"date":"2017-02-01T10:45:36","date_gmt":"2017-02-01T09:45:36","guid":{"rendered":"http:\/\/miradordeatarfe.es\/?p=14045"},"modified":"2017-02-01T11:25:21","modified_gmt":"2017-02-01T10:25:21","slug":"borrador-de-los-presupuestos-municipales-de-2017-para-conocimiento-de-vecinos-y-asociaciones-ciudadanas","status":"publish","type":"post","link":"https:\/\/miradordeatarfe.es\/?p=14045","title":{"rendered":"ATARFE: Borrador de los Presupuestos Municipales de 2017"},"content":{"rendered":"<p style=\"text-align: justify;\"><span class=\"contenidos_subtitulo\">El documento inicial incluye una partida de 2.996.226,18 de euros para llevar a cabo propuestas del equipo de gobierno, de los grupos municipales y de los vecinos a trav\u00e9s de la participaci\u00f3n.<br \/>\n<\/span><br \/>\n<!--more--><\/p>\n<p style=\"text-align: justify;\">El Ayuntamiento de Atarfe pone a disposici\u00f3n de vecinos y colectivos ciudadanos el <strong>borrador de los Presupuestos Municipales de 2017<\/strong> que tratar\u00e1 de incluir, adem\u00e1s de las propuestas del equipo de gobierno, las iniciativas presentadas por los grupos municipales de la oposici\u00f3n que se aprobaron en el pleno, adem\u00e1s de las que puedan aportar las asociaciones del municipio a trav\u00e9s de los mecanismos que se activar\u00e1n de participaci\u00f3n ciudadana en las pr\u00f3ximas semanas.<\/p>\n<p style=\"text-align: justify;\">En la siguiente imagen se puede ver un resumen por cap\u00edtulos de los gastos e ingresos previstos para 2017. Los datos ogrecen <strong>una diferencia positiva de 2.996.226,18 &amp;euro; para incluir en los gastos que se estimen oportunos<\/strong>.<\/p>\n<p style=\"text-align: justify;\"><img data-recalc-dims=\"1\" loading=\"lazy\" decoding=\"async\" src=\"https:\/\/i0.wp.com\/www.ciudadatarfe.com\/data\/fotos_contenidos_web\/1669_1986_20170131134303.jpg?resize=442%2C425\" width=\"442\" height=\"425\" border=\"0\" \/><\/p>\n<p style=\"text-align: justify;\">Los t\u00e9cnicos del \u00c1rea de Econom\u00eda han tenido en cuenta para la elaboraci\u00f3n de este primer borrador orientativo los siguientes aspectos:<\/p>\n<p style=\"text-align: justify;\">Los <strong>INGRESOS <\/strong>se han estimado de acuerdo con la evoluci\u00f3n prevista de los mismos. El IBI aumenta por la revisi\u00f3n catastral que en el anterior mandato se aprob\u00f3 en pleno. En general, las distintas v\u00edas de ingreso se mantienen. Como no hay presupuestos Generales del Estado, la Participaci\u00f3n en los ingresos del Estado se estima igual a la del presente ejercicio y a que la liquidaci\u00f3n definitiva de 2015 sea positiva.<\/p>\n<p style=\"text-align: justify;\">El resto de subvenciones y transferencias son las previstas anualmente. No se contemplan de momento ingresos por programas de otras administraciones por lo que, de concederse, se incorporar\u00edan mediante el oportuno expediente de generaci\u00f3n de cr\u00e9ditos.<\/p>\n<p style=\"text-align: justify;\">Tambi\u00e9n se repiten las transferencias de capital de este a\u00f1o puesto que as\u00ed se contemplan en el Plan de concertaci\u00f3n con la Diputaci\u00f3n de Granada.<\/p>\n<p style=\"text-align: justify;\">En cuanto a los <strong>GASTOS<\/strong>, las retribuciones del personal son las mismas de 2016 al no haberse aprobado los Presupuestos Generales del Estado. Se prev\u00e9, seg\u00fan diversas opiniones, un incremento del 1%, que se recoge en el Fondo de contingencia para atender esa previsible subida. No hay menci\u00f3n a programas de empleo a fin de que la Corporaci\u00f3n incluya los que estime oportunos.<\/p>\n<p style=\"text-align: justify;\">En gastos corrientes figuran los previstos de acuerdo con la evoluci\u00f3n de los mismos. Se han reducido en una cifra importante respecto al 2016, ya que no se contemplan deudas no contabilizadas de a\u00f1os anteriores.<\/p>\n<p style=\"text-align: justify;\">En gastos financieros y amortizaci\u00f3n de pr\u00e9stamos, tambi\u00e9n se contemplan los estimados para hacer frente a los pr\u00e9stamos suscritos con el Fondo de Financiaci\u00f3n de Pagos a Proveedores y otros peque\u00f1os gastos.<\/p>\n<p style=\"text-align: justify;\">En gastos de subvenciones se incluyen las que se vienen repitiendo a\u00f1o tras a\u00f1o bien con cargo a fondos propios, financiaci\u00f3n externa o cofinanciadas.<\/p>\n<p style=\"text-align: justify;\">En inversiones se contemplan las que responden a programas cofinanciados, gastos plurianuales y el resto se deja a criterio de la Corporaci\u00f3n su inclusi\u00f3n.<\/p>\n<p style=\"text-align: justify;\">En transferencias de capital, al no haberse ejecutado nada en 2016, se repiten las mismas para 2017.<\/p>\n<p style=\"text-align: justify;\">El borrador de presupuestos tambi\u00e9n se puede consultar con m\u00e1s detalle en el siguiente PDF:<\/p>\n<p style=\"text-align: justify;\"><img data-recalc-dims=\"1\" decoding=\"async\" src=\"https:\/\/i0.wp.com\/www.ciudadatarfe.com\/imagenes\/pdf_fondogris.jpg?w=640\" align=\"absmiddle\" border=\"0\" \/><img data-recalc-dims=\"1\" loading=\"lazy\" decoding=\"async\" src=\"https:\/\/i0.wp.com\/www.ciudadatarfe.com\/imagenes\/espacio.gif?resize=8%2C18\" width=\"8\" height=\"18\" align=\"absmiddle\" border=\"0\" \/><a class=\"contenidos_extra_enlacesinteres_txt\" href=\"http:\/\/www.ciudadatarfe.com\/data\/ficherosadjuntos_contenidosweb\/contenidos_1669_1175_20170131133254.pdf\" target=\"_blank\">Borrador del Presupuesto Municipal del Ayuntamiento de Atarfe 2017<\/a><span class=\"contenidos_extra_enlacesinteres_url\"> [495,71 Kb] <\/span><\/p>\n<p>&nbsp;<\/p>\n","protected":false},"excerpt":{"rendered":"<p>El documento inicial incluye una partida de 2.996.226,18 de euros para llevar a cabo propuestas&#8230;<\/p>\n","protected":false},"author":1,"featured_media":14046,"comment_status":"closed","ping_status":"closed","sticky":false,"template":"","format":"standard","meta":{"_coblocks_attr":"","_coblocks_dimensions":"","_coblocks_responsive_height":"","_coblocks_accordion_ie_support":"","jetpack_post_was_ever_published":false,"_jetpack_newsletter_access":"","_jetpack_dont_email_post_to_subs":false,"_jetpack_newsletter_tier_id":0,"_jetpack_memberships_contains_paywalled_content":false,"_jetpack_memberships_contains_paid_content":false,"footnotes":"","jetpack_publicize_message":"","jetpack_publicize_feature_enabled":true,"jetpack_social_post_already_shared":false,"jetpack_social_options":{"image_generator_settings":{"template":"highway","default_image_id":0,"enabled":false},"version":2}},"categories":[2,1161,186,44,15],"tags":[81,3497],"class_list":["post-14045","post","type-post","status-publish","format-standard","has-post-thumbnail","hentry","category-atarfe","category-ciudadania","category-instituciones","category-noticias-de-hoy","category-ultimas-noticias","tag-atarfe","tag-presupuestos-municipales"],"jetpack_publicize_connections":[],"jetpack_featured_media_url":"https:\/\/i0.wp.com\/miradordeatarfe.es\/wp-content\/uploads\/2017\/02\/presupuestos.jpg?fit=458%2C320&ssl=1","jetpack_likes_enabled":true,"jetpack_sharing_enabled":true,"_links":{"self":[{"href":"https:\/\/miradordeatarfe.es\/index.php?rest_route=\/wp\/v2\/posts\/14045","targetHints":{"allow":["GET"]}}],"collection":[{"href":"https:\/\/miradordeatarfe.es\/index.php?rest_route=\/wp\/v2\/posts"}],"about":[{"href":"https:\/\/miradordeatarfe.es\/index.php?rest_route=\/wp\/v2\/types\/post"}],"author":[{"embeddable":true,"href":"https:\/\/miradordeatarfe.es\/index.php?rest_route=\/wp\/v2\/users\/1"}],"replies":[{"embeddable":true,"href":"https:\/\/miradordeatarfe.es\/index.php?rest_route=%2Fwp%2Fv2%2Fcomments&post=14045"}],"version-history":[{"count":3,"href":"https:\/\/miradordeatarfe.es\/index.php?rest_route=\/wp\/v2\/posts\/14045\/revisions"}],"predecessor-version":[{"id":14049,"href":"https:\/\/miradordeatarfe.es\/index.php?rest_route=\/wp\/v2\/posts\/14045\/revisions\/14049"}],"wp:featuredmedia":[{"embeddable":true,"href":"https:\/\/miradordeatarfe.es\/index.php?rest_route=\/wp\/v2\/media\/14046"}],"wp:attachment":[{"href":"https:\/\/miradordeatarfe.es\/index.php?rest_route=%2Fwp%2Fv2%2Fmedia&parent=14045"}],"wp:term":[{"taxonomy":"category","embeddable":true,"href":"https:\/\/miradordeatarfe.es\/index.php?rest_route=%2Fwp%2Fv2%2Fcategories&post=14045"},{"taxonomy":"post_tag","embeddable":true,"href":"https:\/\/miradordeatarfe.es\/index.php?rest_route=%2Fwp%2Fv2%2Ftags&post=14045"}],"curies":[{"name":"wp","href":"https:\/\/api.w.org\/{rel}","templated":true}]}}