{"id":14050,"date":"2017-02-02T10:40:58","date_gmt":"2017-02-02T09:40:58","guid":{"rendered":"http:\/\/miradordeatarfe.es\/?p=14050"},"modified":"2017-02-01T17:54:36","modified_gmt":"2017-02-01T16:54:36","slug":"atarfe-talleres-de-empleabilidad-de-las-mujeres-inmigrantes","status":"publish","type":"post","link":"https:\/\/miradordeatarfe.es\/?p=14050","title":{"rendered":"ATARFE: talleres de empleabilidad de las mujeres inmigrantes"},"content":{"rendered":"<p>Desde el <a class=\"profileLink\" href=\"https:\/\/www.facebook.com\/Centro-de-la-Mujer-de-Atarfe-377426522599485\/\" data-hovercard=\"\/ajax\/hovercard\/page.php?id=377426522599485\" data-hovercard-prefer-more-content-show=\"1\">Centro de la Mujer de Atarfe<\/a> se han organizado cuatro talleres con el objetivo de fomentar el empleo entre las mujeres inmigrantes. Es necesario inscribirse lo antes posible. Para m\u00e1s informaci\u00f3n, llamad al tel\u00e9fono 958439960.<\/p>\n<p><!--more--><\/p>\n<p>Los talleres son los siguientes:<\/p>\n<p>D\u00eda 6 de febrero: Taller de autoestima y habilidades sociales.<br \/>\nD\u00eda 9 de febrero: Taller conozco mi pueblo y los recursos de Granada.<br \/>\nD\u00eda 13: Taller sobre b\u00fasqueda activa de trabajo.<span class=\"text_exposed_show\"><br \/>\n<\/span><\/p>\n<p>&nbsp;<\/p>\n<p><a href=\"https:\/\/i0.wp.com\/miradordeatarfe.es\/wp-content\/uploads\/2017\/02\/muj.jpg?ssl=1\"><img data-recalc-dims=\"1\" loading=\"lazy\" decoding=\"async\" class=\" wp-image-14051 aligncenter\" src=\"https:\/\/i0.wp.com\/miradordeatarfe.es\/wp-content\/uploads\/2017\/02\/muj.jpg?resize=588%2C851&#038;ssl=1\" alt=\"\" width=\"588\" height=\"851\" srcset=\"https:\/\/i0.wp.com\/miradordeatarfe.es\/wp-content\/uploads\/2017\/02\/muj.jpg?w=480&amp;ssl=1 480w, https:\/\/i0.wp.com\/miradordeatarfe.es\/wp-content\/uploads\/2017\/02\/muj.jpg?resize=207%2C300&amp;ssl=1 207w\" sizes=\"auto, (max-width: 588px) 100vw, 588px\" \/><\/a><\/p>\n","protected":false},"excerpt":{"rendered":"<p>Desde el Centro de la Mujer de Atarfe se han organizado cuatro talleres con el&#8230;<\/p>\n","protected":false},"author":1,"featured_media":14052,"comment_status":"closed","ping_status":"closed","sticky":false,"template":"","format":"standard","meta":{"_coblocks_attr":"","_coblocks_dimensions":"","_coblocks_responsive_height":"","_coblocks_accordion_ie_support":"","jetpack_post_was_ever_published":false,"_jetpack_newsletter_access":"","_jetpack_dont_email_post_to_subs":false,"_jetpack_newsletter_tier_id":0,"_jetpack_memberships_contains_paywalled_content":false,"_jetpack_memberships_contains_paid_content":false,"footnotes":"","jetpack_publicize_message":"","jetpack_publicize_feature_enabled":true,"jetpack_social_post_already_shared":false,"jetpack_social_options":{"image_generator_settings":{"template":"highway","default_image_id":0,"enabled":false},"version":2}},"categories":[2,1161,186,44,15],"tags":[2336,223,968,248],"class_list":["post-14050","post","type-post","status-publish","format-standard","has-post-thumbnail","hentry","category-atarfe","category-ciudadania","category-instituciones","category-noticias-de-hoy","category-ultimas-noticias","tag-autoestima","tag-empleo","tag-inmigrantes","tag-talleres"],"jetpack_publicize_connections":[],"jetpack_featured_media_url":"https:\/\/i0.wp.com\/miradordeatarfe.es\/wp-content\/uploads\/2017\/02\/mujeres-inmigrantes.jpg?fit=279%2C186&ssl=1","jetpack_likes_enabled":true,"jetpack_sharing_enabled":true,"_links":{"self":[{"href":"https:\/\/miradordeatarfe.es\/index.php?rest_route=\/wp\/v2\/posts\/14050","targetHints":{"allow":["GET"]}}],"collection":[{"href":"https:\/\/miradordeatarfe.es\/index.php?rest_route=\/wp\/v2\/posts"}],"about":[{"href":"https:\/\/miradordeatarfe.es\/index.php?rest_route=\/wp\/v2\/types\/post"}],"author":[{"embeddable":true,"href":"https:\/\/miradordeatarfe.es\/index.php?rest_route=\/wp\/v2\/users\/1"}],"replies":[{"embeddable":true,"href":"https:\/\/miradordeatarfe.es\/index.php?rest_route=%2Fwp%2Fv2%2Fcomments&post=14050"}],"version-history":[{"count":1,"href":"https:\/\/miradordeatarfe.es\/index.php?rest_route=\/wp\/v2\/posts\/14050\/revisions"}],"predecessor-version":[{"id":14053,"href":"https:\/\/miradordeatarfe.es\/index.php?rest_route=\/wp\/v2\/posts\/14050\/revisions\/14053"}],"wp:featuredmedia":[{"embeddable":true,"href":"https:\/\/miradordeatarfe.es\/index.php?rest_route=\/wp\/v2\/media\/14052"}],"wp:attachment":[{"href":"https:\/\/miradordeatarfe.es\/index.php?rest_route=%2Fwp%2Fv2%2Fmedia&parent=14050"}],"wp:term":[{"taxonomy":"category","embeddable":true,"href":"https:\/\/miradordeatarfe.es\/index.php?rest_route=%2Fwp%2Fv2%2Fcategories&post=14050"},{"taxonomy":"post_tag","embeddable":true,"href":"https:\/\/miradordeatarfe.es\/index.php?rest_route=%2Fwp%2Fv2%2Ftags&post=14050"}],"curies":[{"name":"wp","href":"https:\/\/api.w.org\/{rel}","templated":true}]}}