{"id":14124,"date":"2017-02-03T09:35:17","date_gmt":"2017-02-03T08:35:17","guid":{"rendered":"http:\/\/miradordeatarfe.es\/?p=14124"},"modified":"2017-02-03T10:27:48","modified_gmt":"2017-02-03T09:27:48","slug":"atarfe-francisco-jose-molina-nos-habla-de-las-rabietas-infantiles","status":"publish","type":"post","link":"https:\/\/miradordeatarfe.es\/?p=14124","title":{"rendered":"ATARFE: FRANCISCO JOSE MOLINA nos habla de las rabietas infantiles"},"content":{"rendered":"<p>Este viernes regresa el ciclo de charlas de la Escuela de Familia, dirigido a madres y padres de alumnos, con el interesante asunto de las rabietas que en ocasiones tienen los ni\u00f1os m\u00e1s peque\u00f1os.<!--more--><\/p>\n<p>&nbsp;<\/p>\n<p>La conferencia la imparte el <span style=\"text-decoration: underline;\"><strong>maestro de educaci\u00f3n infantil Francisco Jos\u00e9 Molina<\/strong><\/span>, conocido tambi\u00e9n por su labor en el fomento de la lectura y por su implicaci\u00f3n en la semana de la ciencia. La charla ser\u00e1 presentada por la concejal de Educaci\u00f3n y Cultura, Fabiola Garc\u00eda Montijano y tendr\u00e1 lugar en el <strong>Centro Cultural Medina Elvira\u00a0de 5 a 7 de la tarde<\/strong>. Se habilitar\u00e1 un servicio de guarder\u00eda para facilitar la presencia de los padres.<\/p>\n<p><a href=\"https:\/\/i0.wp.com\/miradordeatarfe.es\/wp-content\/uploads\/2017\/02\/ampa.jpg?ssl=1\"><img data-recalc-dims=\"1\" loading=\"lazy\" decoding=\"async\" class=\"alignnone size-full wp-image-14125\" src=\"https:\/\/i0.wp.com\/miradordeatarfe.es\/wp-content\/uploads\/2017\/02\/ampa.jpg?resize=640%2C926&#038;ssl=1\" alt=\"\" width=\"640\" height=\"926\" srcset=\"https:\/\/i0.wp.com\/miradordeatarfe.es\/wp-content\/uploads\/2017\/02\/ampa.jpg?w=720&amp;ssl=1 720w, https:\/\/i0.wp.com\/miradordeatarfe.es\/wp-content\/uploads\/2017\/02\/ampa.jpg?resize=207%2C300&amp;ssl=1 207w, https:\/\/i0.wp.com\/miradordeatarfe.es\/wp-content\/uploads\/2017\/02\/ampa.jpg?resize=708%2C1024&amp;ssl=1 708w, https:\/\/i0.wp.com\/miradordeatarfe.es\/wp-content\/uploads\/2017\/02\/ampa.jpg?resize=600%2C868&amp;ssl=1 600w\" sizes=\"auto, (max-width: 640px) 100vw, 640px\" \/><\/a><\/p>\n","protected":false},"excerpt":{"rendered":"<p>Este viernes regresa el ciclo de charlas de la Escuela de Familia, dirigido a madres&#8230;<\/p>\n","protected":false},"author":1,"featured_media":14126,"comment_status":"closed","ping_status":"closed","sticky":false,"template":"","format":"standard","meta":{"_coblocks_attr":"","_coblocks_dimensions":"","_coblocks_responsive_height":"","_coblocks_accordion_ie_support":"","jetpack_post_was_ever_published":false,"_jetpack_newsletter_access":"","_jetpack_dont_email_post_to_subs":false,"_jetpack_newsletter_tier_id":0,"_jetpack_memberships_contains_paywalled_content":false,"_jetpack_memberships_contains_paid_content":false,"footnotes":"","jetpack_publicize_message":"","jetpack_publicize_feature_enabled":true,"jetpack_social_post_already_shared":false,"jetpack_social_options":{"image_generator_settings":{"template":"highway","default_image_id":0,"enabled":false},"version":2}},"categories":[2,44,15],"tags":[27,3508,1179,787],"class_list":["post-14124","post","type-post","status-publish","format-standard","has-post-thumbnail","hentry","category-atarfe","category-noticias-de-hoy","category-ultimas-noticias","tag-educacion","tag-escuela-de-padres","tag-familias","tag-rabietas"],"jetpack_publicize_connections":[],"jetpack_featured_media_url":"https:\/\/i0.wp.com\/miradordeatarfe.es\/wp-content\/uploads\/2017\/02\/images-1.jpeg?fit=275%2C183&ssl=1","jetpack_likes_enabled":true,"jetpack_sharing_enabled":true,"_links":{"self":[{"href":"https:\/\/miradordeatarfe.es\/index.php?rest_route=\/wp\/v2\/posts\/14124","targetHints":{"allow":["GET"]}}],"collection":[{"href":"https:\/\/miradordeatarfe.es\/index.php?rest_route=\/wp\/v2\/posts"}],"about":[{"href":"https:\/\/miradordeatarfe.es\/index.php?rest_route=\/wp\/v2\/types\/post"}],"author":[{"embeddable":true,"href":"https:\/\/miradordeatarfe.es\/index.php?rest_route=\/wp\/v2\/users\/1"}],"replies":[{"embeddable":true,"href":"https:\/\/miradordeatarfe.es\/index.php?rest_route=%2Fwp%2Fv2%2Fcomments&post=14124"}],"version-history":[{"count":1,"href":"https:\/\/miradordeatarfe.es\/index.php?rest_route=\/wp\/v2\/posts\/14124\/revisions"}],"predecessor-version":[{"id":14127,"href":"https:\/\/miradordeatarfe.es\/index.php?rest_route=\/wp\/v2\/posts\/14124\/revisions\/14127"}],"wp:featuredmedia":[{"embeddable":true,"href":"https:\/\/miradordeatarfe.es\/index.php?rest_route=\/wp\/v2\/media\/14126"}],"wp:attachment":[{"href":"https:\/\/miradordeatarfe.es\/index.php?rest_route=%2Fwp%2Fv2%2Fmedia&parent=14124"}],"wp:term":[{"taxonomy":"category","embeddable":true,"href":"https:\/\/miradordeatarfe.es\/index.php?rest_route=%2Fwp%2Fv2%2Fcategories&post=14124"},{"taxonomy":"post_tag","embeddable":true,"href":"https:\/\/miradordeatarfe.es\/index.php?rest_route=%2Fwp%2Fv2%2Ftags&post=14124"}],"curies":[{"name":"wp","href":"https:\/\/api.w.org\/{rel}","templated":true}]}}