{"id":14203,"date":"2017-02-10T07:45:56","date_gmt":"2017-02-10T06:45:56","guid":{"rendered":"http:\/\/miradordeatarfe.es\/?p=14203"},"modified":"2017-02-07T13:50:12","modified_gmt":"2017-02-07T12:50:12","slug":"un-22-de-los-hombres-y-un-17-de-las-mujeres-sufren-apnea","status":"publish","type":"post","link":"https:\/\/miradordeatarfe.es\/?p=14203","title":{"rendered":"Un 22% de los hombres y un 17% de las mujeres sufren apnea"},"content":{"rendered":"<div style=\"text-align: justify;\"><strong>En los \u00faltimos a\u00f1os los trastornos del sue\u00f1o han aumentado cerca de un 6% siendo la apnea uno de los m\u00e1s frecuentes por detr\u00e1s del insomnio y antes del s\u00edndrome de piernas inquietas, los terrores nocturnos y otros trastornos menos prevalentes.<\/strong><\/div>\n<p style=\"text-align: justify;\"><!--more--><\/p>\n<p style=\"text-align: justify;\"><strong>Los expertos recomiendan detectar los s\u00edntomas para un adecuado diagn\u00f3stico y tratamiento.\u00a0<\/strong><strong>Hombre, edad media con sobrepeso y roncador, el perfil de la persona con Apnea<\/strong><\/p>\n<div>\n<p style=\"text-align: justify;\">En los \u00faltimos a\u00f1os los trastornos del sue\u00f1o han aumentado un 6% siendo la apnea uno de los m\u00e1s frecuentes que influye de forma negativa en la vida diaria de las personas. Este trastorno del sue\u00f1o est\u00e1 adquiriendo cada vez m\u00e1s importancia en los \u00faltimos a\u00f1os porque el n\u00famero de personas que lo padecen va en aumento.<\/p>\n<p style=\"text-align: justify;\">Expertos de la <strong>C\u00e1tedra del Sue\u00f1o de la Universidad de Granada-Grupo Lo Monaco\u00a0<\/strong>indican que un 22% de los hombres y un 17% de las mujeres lo padecen, aunque se cree que puede llegar a haber cerca del 80% de los casos sin diagnosticar. El mayor porcentaje de las personas que presentan este trastorno son adultos (de edad media y en la mayor\u00eda de las ocasiones hombres), con sobrepeso y roncadores.<\/p>\n<p style=\"text-align: justify;\">La principal consecuencia en las personas que tienen <em>apnea del sue\u00f1o<\/em> es el gran cansancio y constante sue\u00f1o que tienen durante el d\u00eda. En muchos casos, las personas se quedan dormidas casi en cualquier sitio, incluso conduciendo (<strong>lo cual la convierte en una de las principales causas de accidentes de tr\u00e1fico<\/strong>): un 20% de los accidentes de tr\u00e1fico puede estar relacionado con la falta de sue\u00f1o.<\/p>\n<p style=\"text-align: justify;\">Adem\u00e1s <strong>son personas que expresan tener un \u201csue\u00f1o ligero\u201d<\/strong>, y en la mayor\u00eda de los casos tienen dificultades para concentrarse y memorizar cosas. Por todo lo anterior, en los pacientes con <em>apnea \u00a0del sue\u00f1o<\/em> es de especial importancia conocer y valorar, adem\u00e1s de todos los s\u00edntomas comentados, otros trastornos asociados, como puede ser la depresi\u00f3n, trastornos cardiovasculares, etc.<\/p>\n<p style=\"text-align: justify;\">Se trata de un problema en el que <strong>se producen paradas respiratorias<\/strong> (<em>apneas<\/em>) mientras la persona duerme, por impedimento del paso del aire a trav\u00e9s de la garganta. Para que se pueda emitir el diagn\u00f3stico, se deben producir al menos cinco paradas (completas o parciales) por hora de sue\u00f1o, con una duraci\u00f3n superior a 10 segundos cada uno de estos ceses respiratorios.<\/p>\n<h2 style=\"text-align: justify;\"><strong>Los principales s\u00edntomas de Apnea<\/strong><\/h2>\n<p style=\"text-align: justify;\"><strong>Dejar de respirar en segundos<\/strong>: detectar c\u00f3mo la persona que est\u00e1 dormida deja de respirar en algunos momentos, y tras unos segundos, presenta ahogo o asfixia, todo ello de forma constante durante toda la noche.<\/p>\n<p style=\"text-align: justify;\"><strong>Sudoraci\u00f3n<\/strong>: en la mayor\u00eda de los casos, las personas sudan bastante mientras duermen sin que la causa sea un calor excesivo.<\/p>\n<p style=\"text-align: justify;\"><strong>Ronquido<\/strong>: la <em>apnea del sue\u00f1o<\/em> va asociada con el ronquido, y en esos momentos de cese de respiraci\u00f3n la persona tambi\u00e9n deja de roncar y por ello se percibe esta falta de respiraci\u00f3n, pero no hay que confundir este trastorno con el ronquido. Una persona que ronca no tiene por qu\u00e9 padecer <em>apnea<\/em>, aunque por el contrario, pr\u00e1cticamente todas las personas que tienen <em>apnea<\/em> roncan.<\/p>\n<h2 style=\"text-align: justify;\"><strong>Tratamiento para la apnea del sue\u00f1o<\/strong><\/h2>\n<p style=\"text-align: justify;\">El tratamiento m\u00e1s usado es lo que se conoce como <strong>\u201cCPAP\u201d<\/strong> (que son la sigla en ingl\u00e9s de \u201cpresi\u00f3n positiva continua en la v\u00eda a\u00e9rea\u201d), o lo que com\u00fanmente los pacientes denominan \u201cmascara para respirar\u201d. Es una peque\u00f1a <strong>m\u00e1quina que bombea aire dentro de la v\u00eda respiratoria<\/strong>, a trav\u00e9s de una mascarilla nasal, manteniendo la tr\u00e1quea abierta durante el sue\u00f1o. Este tratamiento disminuye el n\u00famero de paradas respiratorias, pero en s\u00ed mismo no cura (porque cuando se deja de usar, vuelven a producirse las paradas respiratorias).<\/p>\n<p style=\"text-align: justify;\">Por ello, en la intervenci\u00f3n tambi\u00e9n hay que prestar atenci\u00f3n a diferentes aspectos, tanto f\u00edsicos o medio ambientales, como psicol\u00f3gicos. Es por esto que para mejorar el sue\u00f1o de estos pacientes<strong> se deben modificar h\u00e1bitos no adecuados<\/strong>. A nivel f\u00edsico, son importantes aspectos como el colch\u00f3n y la almohada, la temperatura y la luminosidad de la habitaci\u00f3n, etc.<\/p>\n<p style=\"text-align: justify;\">En lo referido a lo psicol\u00f3gico, hay que revisar y cambiar todo lo relacionado con los estilos de vida adecuados en relaci\u00f3n al sue\u00f1o. As\u00ed pues hay que implantar mejores <strong>pr\u00e1cticas de higiene del sue\u00f1o<\/strong> (como por ejemplo mantener constante el horario de acostarse y levantarse, no consumir estimulantes o practicar ejercicio intenso antes de irse a la cama, entre otros), conductas saludables (tanto relacionadas con la alimentaci\u00f3n, como con el ejercicio f\u00edsico) y cambiar actitudes y creencias negativas sobre el sue\u00f1o, adem\u00e1s de eliminar el consumo de determinadas sustancias, como el alcohol y el tabaco.<\/p>\n<p style=\"text-align: justify;\"><strong>El Centro de Investigaci\u00f3n Mente, Cerebro y Comportamiento (CIMCYC) y la nueva C\u00e1tedra de Investigaci\u00f3n del Sue\u00f1o de la UGR-\u00a0<a href=\"https:\/\/www.grupolomonaco.com\/\">Grupo Lo Monaco<\/a><\/strong>, puestos en marcha este a\u00f1o en colaboraci\u00f3n con la Universidad de Granada y la compa\u00f1\u00eda l\u00edder en descanso, llevan a cabo de manera conjunta investigaciones basadas en\u00a0el estudio, evaluaci\u00f3n, diagn\u00f3stico, tratamiento y seguimiento de aspectos relacionados con el sue\u00f1o.<\/p>\n<p style=\"text-align: justify;\">El\u00a0Laboratorio del Sue\u00f1o de la Universidad de Granada es el mayor centro de investigaci\u00f3n de Europa de estas caracter\u00edsticas.<\/p>\n<p style=\"text-align: justify;\">Gracias a esta colaboraci\u00f3n, <strong>Lo Monaco participar\u00e1 proporcionando\u00a0financiaci\u00f3n econ\u00f3mica y capital humano<\/strong>, que ir\u00e1n\u00a0destinados a contribuir con\u00a0las investigaciones que se realicen en el marco de la misma. Adem\u00e1s, la empresa donar\u00e1 a la UGR material para su uso en las instalaciones de la C\u00e1tedra (el Laboratorio del Sue\u00f1o de la UGR).<\/p>\n<p style=\"text-align: justify;\">La C\u00e1tedra de Investigaci\u00f3n del Sue\u00f1o de la UGR-Grupo Lo Monaco realiza trabajos centrados\u00a0en el desarrollo de proyectos conjuntos de investigaci\u00f3n; financiaci\u00f3n de contratos, becas y ayudas a personal investigador y en pr\u00e1cticas; redacci\u00f3n de trabajos de investigaci\u00f3n y de tesis doctorales y otras publicaciones; transferencia de resultados de la investigaci\u00f3n a la empresa e impulso de la publicaci\u00f3n de patentes u organizaci\u00f3n de cursos, seminarios, conferencias u otras actividades formativas y de divulgaci\u00f3n, entre otros.<\/p>\n<h3 style=\"text-align: justify;\"><u><strong>Contacto:<\/strong><\/u><\/h3>\n<p style=\"text-align: justify;\"><strong>Alejandro Guill\u00e9n Riquelme<\/strong><br \/>\nDepartamento de Personalidad, Evaluaci\u00f3n y Tratamiento Psicol\u00f3gico de la UGR<br \/>\nCorreo electr\u00f3nico: <a href=\"mailto:agr@ugr.es\" target=\"_blank\">agr@ugr.es<\/a><\/p>\n<\/div>\n","protected":false},"excerpt":{"rendered":"<p>En los \u00faltimos a\u00f1os los trastornos del sue\u00f1o han aumentado cerca de un 6% siendo&#8230;<\/p>\n","protected":false},"author":1,"featured_media":14205,"comment_status":"closed","ping_status":"closed","sticky":false,"template":"","format":"standard","meta":{"_coblocks_attr":"","_coblocks_dimensions":"","_coblocks_responsive_height":"","_coblocks_accordion_ie_support":"","jetpack_post_was_ever_published":false,"_jetpack_newsletter_access":"","_jetpack_dont_email_post_to_subs":false,"_jetpack_newsletter_tier_id":0,"_jetpack_memberships_contains_paywalled_content":false,"_jetpack_memberships_contains_paid_content":false,"footnotes":"","jetpack_publicize_message":"","jetpack_publicize_feature_enabled":true,"jetpack_social_post_already_shared":false,"jetpack_social_options":{"image_generator_settings":{"template":"highway","default_image_id":0,"enabled":false},"version":2}},"categories":[44,15,10],"tags":[3515,407,2213],"class_list":["post-14203","post","type-post","status-publish","format-standard","has-post-thumbnail","hentry","category-noticias-de-hoy","category-ultimas-noticias","category-salud","tag-apnea","tag-investigacion","tag-ugr"],"jetpack_publicize_connections":[],"jetpack_featured_media_url":"https:\/\/i0.wp.com\/miradordeatarfe.es\/wp-content\/uploads\/2017\/02\/apnea.jpg?fit=650%2C300&ssl=1","jetpack_likes_enabled":true,"jetpack_sharing_enabled":true,"_links":{"self":[{"href":"https:\/\/miradordeatarfe.es\/index.php?rest_route=\/wp\/v2\/posts\/14203","targetHints":{"allow":["GET"]}}],"collection":[{"href":"https:\/\/miradordeatarfe.es\/index.php?rest_route=\/wp\/v2\/posts"}],"about":[{"href":"https:\/\/miradordeatarfe.es\/index.php?rest_route=\/wp\/v2\/types\/post"}],"author":[{"embeddable":true,"href":"https:\/\/miradordeatarfe.es\/index.php?rest_route=\/wp\/v2\/users\/1"}],"replies":[{"embeddable":true,"href":"https:\/\/miradordeatarfe.es\/index.php?rest_route=%2Fwp%2Fv2%2Fcomments&post=14203"}],"version-history":[{"count":1,"href":"https:\/\/miradordeatarfe.es\/index.php?rest_route=\/wp\/v2\/posts\/14203\/revisions"}],"predecessor-version":[{"id":14204,"href":"https:\/\/miradordeatarfe.es\/index.php?rest_route=\/wp\/v2\/posts\/14203\/revisions\/14204"}],"wp:featuredmedia":[{"embeddable":true,"href":"https:\/\/miradordeatarfe.es\/index.php?rest_route=\/wp\/v2\/media\/14205"}],"wp:attachment":[{"href":"https:\/\/miradordeatarfe.es\/index.php?rest_route=%2Fwp%2Fv2%2Fmedia&parent=14203"}],"wp:term":[{"taxonomy":"category","embeddable":true,"href":"https:\/\/miradordeatarfe.es\/index.php?rest_route=%2Fwp%2Fv2%2Fcategories&post=14203"},{"taxonomy":"post_tag","embeddable":true,"href":"https:\/\/miradordeatarfe.es\/index.php?rest_route=%2Fwp%2Fv2%2Ftags&post=14203"}],"curies":[{"name":"wp","href":"https:\/\/api.w.org\/{rel}","templated":true}]}}