{"id":14216,"date":"2017-02-08T11:09:32","date_gmt":"2017-02-08T10:09:32","guid":{"rendered":"http:\/\/miradordeatarfe.es\/?p=14216"},"modified":"2019-12-28T12:47:12","modified_gmt":"2019-12-28T11:47:12","slug":"14216","status":"publish","type":"post","link":"https:\/\/miradordeatarfe.es\/?p=14216","title":{"rendered":"LOS BA\u00d1OS DE SIERRA ELVIRA por Jos\u00e9 Enrique Granados"},"content":{"rendered":"<p>El establecimiento de ba\u00f1os termales de Sierra Elvira se halla situado al pi\u00e9 de la Sierra del mismo nombre, en direcci\u00f3n Noroeste, a once kil\u00f3metros de la Capital por la v\u00eda f\u00e9rrea y a dos leguas por la carretera de Alcaudete.<\/p>\n<p><!--more--><\/p>\n<p style=\"text-align: justify;\">Al edificio de que voy \u00e1 ocuparme, situado, \u00e1 pocos pasos del tren, se da entrada por una bonita cancela, que abre paso \u00e1 un verdadero jard\u00edn en la temporada de ba\u00f1os, pues que en un espacio cuadrilongo de 100 metros de largo, por 12 metros de ancho, hay un gran n\u00famero de flores que despiden rico aroma, y casta\u00f1os y acacias que deleitan con su sombra, cuyo sitio sirve de recreo \u00e1 los ba\u00f1istas, y se halla rodeado hasta unir con la casa por una balaustrada de hierro, a la que sirve de base un corrido asiento rustico.<\/p>\n<p style=\"text-align: justify;\">Ocupando todo el frente de este delicioso paseo se encuentra el edificio, cuya construcci\u00f3n re\u00fane dos objetos, el uno dedicado \u00e1 recoger las aguas del manantial y distribuirlas m\u00e9dicamente para los ba\u00f1os; el otro exclusivamente destinado \u00e1 hospedar los concurrentes, ambos unidos; pero siendo de dos pisos este \u00faltimo, y de uno el primero. Para penetrar en el Establecimiento se ve una puerta colocada hacia la parte derecha, que abre paso \u00e1 un cenador cruzado por dos laterales, y en el cual se halla \u00e1 la derecha una espaciosa sala de descanso con magn\u00edficos divanes, piano y otros objetos de comodidad y recreo, donde los ba\u00f1istas pasan las horas en verdadera uni\u00f3n fraternal; y un poco m\u00e1s adentro, tambi\u00e9n \u00e1 la derecha, est\u00e1 la habitaci\u00f3n del Director.<\/p>\n<p style=\"text-align: justify;\">De los dos cenadores que cruzan, el de la izquierda, es el que conduce \u00e1 la planta alta, \u00fa hospeder\u00eda, por una ancha escalera que termina en un corredor \u00f3 galer\u00eda, en el que hay un gran n\u00famero de habitaciones, ya lujosamente amuebladas, ya con decente median\u00eda, \u00f3 tan s\u00f3lo con sencilla comodidad, utilizando as\u00ed sus ventajas todas las fortunas. El mismo cenador de la izquierda es el que da paso al patio de los ba\u00f1os. El cenador de la derecha sirve de entrada \u00e1 un magn\u00edfico y extenso comedor, generalmente servido por uno de los primeros reposteros de la Capital, si bien hay cocinas, dispuestas para las personas que no quieran utilizarse de la fonda.<\/p>\n<p style=\"text-align: justify;\">En este mismo corredor hay una puerta interior de comunicaci\u00f3n con el departamento de los pobres, que tiene su puerta principal exterior, casi \u00e1 espaldas del edificio, y para el cual su due\u00f1o y propietario el se\u00f1or Conde de la Conquista, no ha escaseado nada en ning\u00fan sentido; pudiendo decirse en honor \u00e1 la verdad, que dicho se\u00f1or ha compadecido el infortunio de esa clase desdichada de la sociedad, destin\u00e1ndoles un local tan capaz y decente, como desgraciadamente en algunos establecimientos balnearios de Espa\u00f1a ser\u00eda de desear. El patio de ba\u00f1os, situado en la parte izquierda del edificio, es cuadrilongo, y mide 36 metros de longitud por 13 metros de latitud. Menos en su lado de entrada, est\u00e1 rodeado de cuartos numerados, elegantemente servidos de todos los utensilios necesarios, que contienen magn\u00edficas pilas de m\u00e1rmol, de capacidad bastante para dos personas. Entre estos cuartos hay dos mayores que tienen albercas tambi\u00e9n de m\u00e1rmol, de capacidad para seis personas.<\/p>\n<p style=\"text-align: justify;\">Extracto del art\u00edculo de D. Jos\u00e9 Rubio y Arg\u00fcelles, m\u00e9dico director interino del balneario de Sierra Elvira en 1870, publicado en Granada por la imprenta de D. Paulino Ventura y Sabatel.<\/p>\n<p style=\"text-align: justify;\">En la fotograf\u00eda, (serie de Sebasti\u00e1n Aguayo) vista frontal del establecimiento.<\/p>\n<p style=\"text-align: justify;\"><a href=\"https:\/\/www.facebook.com\/permalink.php?story_fbid=1259059370846742&amp;id=732817910137560&amp;substory_index=0\">Curiosidades elvirenses<\/a>.<\/p>\n","protected":false},"excerpt":{"rendered":"<p>El establecimiento de ba\u00f1os termales de Sierra Elvira se halla situado al pi\u00e9 de la&#8230;<\/p>\n","protected":false},"author":1,"featured_media":14217,"comment_status":"closed","ping_status":"closed","sticky":false,"template":"","format":"standard","meta":{"_coblocks_attr":"","_coblocks_dimensions":"","_coblocks_responsive_height":"","_coblocks_accordion_ie_support":"","jetpack_post_was_ever_published":false,"_jetpack_newsletter_access":"","_jetpack_dont_email_post_to_subs":false,"_jetpack_newsletter_tier_id":0,"_jetpack_memberships_contains_paywalled_content":false,"_jetpack_memberships_contains_paid_content":false,"footnotes":"","jetpack_publicize_message":"","jetpack_publicize_feature_enabled":true,"jetpack_social_post_already_shared":false,"jetpack_social_options":{"image_generator_settings":{"template":"highway","default_image_id":0,"enabled":false},"version":2}},"categories":[2,1225,186,38,44,15],"tags":[81,2889,598],"class_list":["post-14216","post","type-post","status-publish","format-standard","has-post-thumbnail","hentry","category-atarfe","category-ha-de-atarfe","category-instituciones","category-opinion-de-jose-enrique-granados","category-noticias-de-hoy","category-ultimas-noticias","tag-atarfe","tag-banos","tag-sierra-elvira"],"jetpack_publicize_connections":[],"jetpack_featured_media_url":"https:\/\/i0.wp.com\/miradordeatarfe.es\/wp-content\/uploads\/2017\/02\/16195919_1259059370846742_6602514433391392176_n.jpg?fit=727%2C477&ssl=1","jetpack_likes_enabled":true,"jetpack_sharing_enabled":true,"_links":{"self":[{"href":"https:\/\/miradordeatarfe.es\/index.php?rest_route=\/wp\/v2\/posts\/14216","targetHints":{"allow":["GET"]}}],"collection":[{"href":"https:\/\/miradordeatarfe.es\/index.php?rest_route=\/wp\/v2\/posts"}],"about":[{"href":"https:\/\/miradordeatarfe.es\/index.php?rest_route=\/wp\/v2\/types\/post"}],"author":[{"embeddable":true,"href":"https:\/\/miradordeatarfe.es\/index.php?rest_route=\/wp\/v2\/users\/1"}],"replies":[{"embeddable":true,"href":"https:\/\/miradordeatarfe.es\/index.php?rest_route=%2Fwp%2Fv2%2Fcomments&post=14216"}],"version-history":[{"count":4,"href":"https:\/\/miradordeatarfe.es\/index.php?rest_route=\/wp\/v2\/posts\/14216\/revisions"}],"predecessor-version":[{"id":36434,"href":"https:\/\/miradordeatarfe.es\/index.php?rest_route=\/wp\/v2\/posts\/14216\/revisions\/36434"}],"wp:featuredmedia":[{"embeddable":true,"href":"https:\/\/miradordeatarfe.es\/index.php?rest_route=\/wp\/v2\/media\/14217"}],"wp:attachment":[{"href":"https:\/\/miradordeatarfe.es\/index.php?rest_route=%2Fwp%2Fv2%2Fmedia&parent=14216"}],"wp:term":[{"taxonomy":"category","embeddable":true,"href":"https:\/\/miradordeatarfe.es\/index.php?rest_route=%2Fwp%2Fv2%2Fcategories&post=14216"},{"taxonomy":"post_tag","embeddable":true,"href":"https:\/\/miradordeatarfe.es\/index.php?rest_route=%2Fwp%2Fv2%2Ftags&post=14216"}],"curies":[{"name":"wp","href":"https:\/\/api.w.org\/{rel}","templated":true}]}}