{"id":1422,"date":"2015-04-29T07:34:13","date_gmt":"2015-04-29T07:34:13","guid":{"rendered":"http:\/\/miradordeatarfe.es\/?p=1422"},"modified":"2015-05-01T09:47:35","modified_gmt":"2015-05-01T09:47:35","slug":"recuerdos-de-mi-infancia-las-eras-por-manuel-sierra","status":"publish","type":"post","link":"https:\/\/miradordeatarfe.es\/?p=1422","title":{"rendered":"\u00abRECUERDOS DE MI INFANCIA: LAS ERAS\u00bb por Manuel Sierra"},"content":{"rendered":"<p>Eran otros tiempos. A finales de los 60, recuerdo que Atarfe s\u00f3lo ten\u00eda algunas calles asfaltadas: la calle Real (su aut\u00e9ntico nombre era avenida del General\u00edsimo, -imagino que se refer\u00edan a Franco-), ya que era la traves\u00eda principal del pueblo y adem\u00e1s era parte de la carretera nacional 432. El tr\u00e1fico de veh\u00edculos a motor, pocos, compart\u00eda espacio con el tranv\u00eda, las bicicletas, los carros, y la gente, ya que las aceras eran muy peque\u00f1as, s\u00f3lo para un par de personas a la vez.<!--more--><\/p>\n<p>Yo viv\u00eda en la parte alta de la calle Menendez Pelayo, y frente a mi casa s\u00f3lo una hilera de viviendas me separaba del campo: olivos, higueras, almendros, amapolas, acequias y balates que durante la infancia fueron parte importante de mi vida. Buscar nidos, subirnos a los olivos para jugar a Tarz\u00e1n (de eso tengo un brazo roto como recuerdo imborrable), comer almendras, higos, peras, ciruelas; jugar al pa\u00f1uelo, a las prendas, a \u201cresconder\u201d (forma aut\u00f3ctona de llamar al escondite, que suena m\u00e1s cursi), al reloj-reloj. Aquellas excursiones a los cerros, a la \u201cpis\u00e1 la burra\u201d, famosa sima que a los cr\u00edos nos parec\u00eda que conectaba con el centro de la tierra, a la canterilla, una peque\u00f1a cantera ya entonces abandonada, situada en la ladera de la ermita (a la que tambi\u00e9n \u00edbamos algunos domingos, cuando no trabajaban los canteros, y por tanto, se pod\u00eda subir seguro sin temor a los \u201cbarrenos\u201d que atronaban el cielo de lunes a s\u00e1bado), a las aguas potables, a los Caballicos del Rey, a las madres del Rao&#8230;\u00a1dios, qu\u00e9 sensaci\u00f3n de libertad me traen aquellos recuerdos, de la que seguramente entonces no \u00e9ramos en absoluto conscientes! Nunca el cielo fue m\u00e1s azul ni la lluvia m\u00e1s divertida.<\/p>\n<p>&nbsp;<\/p>\n<p>&nbsp;<\/p>\n<p><span style=\"font-size: xx-small;\"><a href=\"https:\/\/i0.wp.com\/miradordeatarfe.es\/wp-content\/uploads\/2015\/04\/MA.jpg?ssl=1\"><img data-recalc-dims=\"1\" loading=\"lazy\" decoding=\"async\" class=\"  wp-image-1423 aligncenter\" src=\"https:\/\/i0.wp.com\/miradordeatarfe.es\/wp-content\/uploads\/2015\/04\/MA.jpg?resize=227%2C237&#038;ssl=1\" alt=\"MA\" width=\"227\" height=\"237\" \/><\/a><a href=\"https:\/\/miradordeatarfe.es\/wp-content\/uploads\/2015\/04\/MA.jpg\">\u00a0<\/a><a href=\"https:\/\/miradordeatarfe.es\/wp-content\/uploads\/2015\/04\/MA.jpg\"><br \/>\n<\/a><\/span><\/p>\n<p>Las horas pasaban en aquel tiempo, r\u00e1pidas, jugando en las calles sin asfaltar, es decir, con polvo en verano y barro en invierno, oto\u00f1o y primavera, hasta las tantas; bueno, hasta que anochec\u00eda, aunque en el buen tiempo, cuando los mayores se sal\u00edan a la esquina con sus sillas, despu\u00e9s de cenar, nos daban las once, las doce, y si era s\u00e1bado, la una, las dos y las tres (cucha, como la canci\u00f3n de Sabina). Y los ni\u00f1os, jugando, a lo nuestro, a pillaor (el cl\u00e1sico pilla-pilla), a polic\u00edas y ladrones, a los hoyos, a la cheta, a las bolas o canicas, a burro, a churro-p\u00ecco-terna (una variante del burro), a la lima, y por supuesto a f\u00fatbol y a tenis, &#8230; y m\u00e1s juegos cuyos nombres mi memoria ha guardado no se d\u00f3nde.<\/p>\n<p align=\"CENTER\"><span style=\"font-size: xx-small;\"><a href=\"https:\/\/i0.wp.com\/miradordeatarfe.es\/wp-content\/uploads\/2015\/04\/MA3.jpg?ssl=1\"><img data-recalc-dims=\"1\" loading=\"lazy\" decoding=\"async\" class=\"alignnone size-full wp-image-1425\" src=\"https:\/\/i0.wp.com\/miradordeatarfe.es\/wp-content\/uploads\/2015\/04\/MA3.jpg?resize=300%2C168&#038;ssl=1\" alt=\"MA3\" width=\"300\" height=\"168\" \/><\/a><\/span><\/p>\n<p>Jugar a todo y jugar donde se pudiera. En la calle, principalmente en la propia o en una cercana, a la salida del cole, a los cromos (le llam\u00e1bamos de otra manera), con la parte superior de una cajetilla de cerillas peque\u00f1a, pero para mi generaci\u00f3n hab\u00eda un sitio de encuentro especial, casi como un polideportivo natural: las eras, espacio que ocupaba aproximadamente la mitad del actual barrio de Santa Amalia, de forma casi rectangular, que agrupaba varias eras empedradas a modo de pavimento, bastante niveladas, dir\u00edase que las hab\u00eda hecho un buen alba\u00f1il, que se usaban para ablentar grano, sobre todo ma\u00edz; eran una especie de paratas separadas entre si por peque\u00f1os balates casi totalmente verticales, de medio metro de altura, m\u00e1s o menos, y que la chiquiller\u00eda utiliz\u00e1bamos como campos de juego, sobre todo de f\u00fatbol, y entre todas, destacaba \u201cel terrizo\u201d, la \u00fanica que no era de piedras, sino de tierra, y que ten\u00eda la dimensi\u00f3n aproximada de un campo de futbol siete actual, y que se situaba, si mi memoria no miente, en la manzana entre las calles av caparacena a calle pablo picasso, de oeste a este, y entre las calles pr\u00edncipe y teresa serrador, de norte a sur (en el plano hago una representaci\u00f3n de todas las eras, y del terrizo en particular con otro trazo). No importaba que no fuera totalmente nivelada, ya que ten\u00eda un peque\u00f1o balate al sur y una pendiente de un metro y medio m\u00e1s o menos al noroeste, que la un\u00eda a la era de por encima, ni que a veces las pavesas de ma\u00edz no nos dejaran casi ver. Cuantos partidos, cuantos goles, cuantas tormentas, cuantas celebraciones y decepciones, y cuantas peleas vieron esas eras.<\/p>\n<p>Desde mi casa a las eras se tardaba andando poco m\u00e1s de diez minutos, porque siempre iba andando (s\u00f3lo algunas veces, ya con catorce a\u00f1os me fui con mi primo en su \u201cderbi\u201d), y la bici s\u00f3lo la llev\u00e1bamos (yo no tuve bicicleta hasta los doce a\u00f1os) si luego, tras el partido, nos \u00edbamos a alg\u00fan sitio m\u00e1s alejado, como el cortijo \u201cSan Jos\u00e9, el pantano del Cubillas (por el camino de Albarrate hasta la cuesta de las Cabezas, con cuidado al atravesar al carretera nacional IV), al Camino de las Monjas hasta Sierra Elvira, o a alguna acequia, para coger ranas.<\/p>\n<p>Las porter\u00edas las hac\u00edamos con piedras o con palos del tabaco, y siempre hab\u00eda discusiones con que si la pelota ha dado en el poste (por encima del palo, claro), o iba o no muy alta, o simplemente, al darle con la pelota, el palo se ca\u00eda y ya ten\u00edamos la bronca por si hab\u00eda sido por dentro, y por tanto, gol, o por fuera, y era saque de puerta. No \u00e9ramos ajenos a la esencia del ser humano: crear problemas donde no los hay, y si se puede, lo arreglamos despu\u00e9s, y si no podemos, ya se arreglar\u00e1n ellos solos.<\/p>\n<p>Los partidos se planteaban por desaf\u00edos. Hab\u00eda equipos casi por cada calle o barrio: as\u00ed, la ca\u00f1\u00e1 (donde yo viv\u00eda y, probablemente, el mejor equipo de todos), la calle la Noria, la placeta Santa Adela, los del campo las ranas (donde tambi\u00e9n hab\u00eda un precioso campo de hierba natural, donde hoy est\u00e1n los colegios Dr. Jimenez Rueda y Atalaya, cuyo \u00fanico inconveniente era que el agua estaba a ras de suelo, y casi siempre, por tanto, encharcado), y varios m\u00e1s. Los ganadores de los partidos no ten\u00edan m\u00e1s satisfacci\u00f3n que el mero hecho de ganar y as\u00ed poder ufanarse ante los otros que hab\u00edan perdido. Lo que nunca llegu\u00e9 a saber es c\u00f3mo se organizaban los partidos, qui\u00e9n o quienes se encargaban de poner de acuerdo a los dos equipos. Desde aqu\u00ed agradezco a estos amigos que nos dieran la posibilidad de competir, de divertirnos, de compartir esos momentos que se han aposentado en la memoria individual de diferentes maneras en forma de recuerdos personales. L\u00e1stima que no hubiera m\u00e1quinas fotogr\u00e1ficas; tampoco era cuesti\u00f3n de llamar al Pinchahigos (fot\u00f3grafo oficial de bodas, bautizos y comuniones de aquella \u00e9poca) quien seguramente nos hubiese hecho repetir la misma jugada una y cien veces hasta dar con el enfoque preciso, incluso haci\u00e9ndonos parar en el aire al saltar para rematar de cabeza.<\/p>\n<p>A la mayor\u00eda el f\u00fatbol ya no nos abandonar\u00eda en bastantes a\u00f1os. Pero por hoy ya hemos repasado un poquit\u00edn c\u00f3mo jug\u00e1bamos hace unos a\u00f1os, cuando la imaginaci\u00f3n ten\u00eda un papel fundamental en nuestras actividades l\u00fadicas.<\/p>\n","protected":false},"excerpt":{"rendered":"<p>Eran otros tiempos. A finales de los 60, recuerdo que Atarfe s\u00f3lo ten\u00eda algunas calles&#8230;<\/p>\n","protected":false},"author":1,"featured_media":1443,"comment_status":"closed","ping_status":"closed","sticky":false,"template":"","format":"standard","meta":{"_coblocks_attr":"","_coblocks_dimensions":"","_coblocks_responsive_height":"","_coblocks_accordion_ie_support":"","jetpack_post_was_ever_published":false,"_jetpack_newsletter_access":"","_jetpack_dont_email_post_to_subs":false,"_jetpack_newsletter_tier_id":0,"_jetpack_memberships_contains_paywalled_content":false,"_jetpack_memberships_contains_paid_content":false,"footnotes":"","jetpack_publicize_message":"","jetpack_publicize_feature_enabled":true,"jetpack_social_post_already_shared":false,"jetpack_social_options":{"image_generator_settings":{"template":"highway","default_image_id":0,"enabled":false},"version":2}},"categories":[2,37,15],"tags":[81,522],"class_list":["post-1422","post","type-post","status-publish","format-standard","has-post-thumbnail","hentry","category-atarfe","category-opinion-de-manuel-sierra","category-ultimas-noticias","tag-atarfe","tag-juegos"],"jetpack_publicize_connections":[],"jetpack_featured_media_url":"https:\/\/i0.wp.com\/miradordeatarfe.es\/wp-content\/uploads\/2015\/04\/caba.jpg?fit=599%2C450&ssl=1","jetpack_likes_enabled":true,"jetpack_sharing_enabled":true,"_links":{"self":[{"href":"https:\/\/miradordeatarfe.es\/index.php?rest_route=\/wp\/v2\/posts\/1422","targetHints":{"allow":["GET"]}}],"collection":[{"href":"https:\/\/miradordeatarfe.es\/index.php?rest_route=\/wp\/v2\/posts"}],"about":[{"href":"https:\/\/miradordeatarfe.es\/index.php?rest_route=\/wp\/v2\/types\/post"}],"author":[{"embeddable":true,"href":"https:\/\/miradordeatarfe.es\/index.php?rest_route=\/wp\/v2\/users\/1"}],"replies":[{"embeddable":true,"href":"https:\/\/miradordeatarfe.es\/index.php?rest_route=%2Fwp%2Fv2%2Fcomments&post=1422"}],"version-history":[{"count":2,"href":"https:\/\/miradordeatarfe.es\/index.php?rest_route=\/wp\/v2\/posts\/1422\/revisions"}],"predecessor-version":[{"id":1442,"href":"https:\/\/miradordeatarfe.es\/index.php?rest_route=\/wp\/v2\/posts\/1422\/revisions\/1442"}],"wp:featuredmedia":[{"embeddable":true,"href":"https:\/\/miradordeatarfe.es\/index.php?rest_route=\/wp\/v2\/media\/1443"}],"wp:attachment":[{"href":"https:\/\/miradordeatarfe.es\/index.php?rest_route=%2Fwp%2Fv2%2Fmedia&parent=1422"}],"wp:term":[{"taxonomy":"category","embeddable":true,"href":"https:\/\/miradordeatarfe.es\/index.php?rest_route=%2Fwp%2Fv2%2Fcategories&post=1422"},{"taxonomy":"post_tag","embeddable":true,"href":"https:\/\/miradordeatarfe.es\/index.php?rest_route=%2Fwp%2Fv2%2Ftags&post=1422"}],"curies":[{"name":"wp","href":"https:\/\/api.w.org\/{rel}","templated":true}]}}