{"id":14223,"date":"2017-02-09T11:04:47","date_gmt":"2017-02-09T10:04:47","guid":{"rendered":"http:\/\/miradordeatarfe.es\/?p=14223"},"modified":"2017-02-09T11:04:47","modified_gmt":"2017-02-09T10:04:47","slug":"atarfe-lamenta-que-se-haya-renunciado-al-control-de-la-estrategia-del-servicio-de-agua","status":"publish","type":"post","link":"https:\/\/miradordeatarfe.es\/?p=14223","title":{"rendered":"Atarfe lamenta que se haya renunciado al control de la estrategia del servicio de agua"},"content":{"rendered":"<p class=\"titular\">El Ayuntamiento vot\u00f3 en contra de la subida de las tarifas practicada por la empresa concesionaria del servicio, Aguasvira<!--more--><\/p>\n<p>&nbsp;<\/p>\n<div class=\"contenedor\">\n<p style=\"text-align: justify;\">El equipo de Gobierno de <strong>Atarfe<\/strong>, compuesto por la formaci\u00f3n Por Atarfe S\u00ed, ha mostrado su malestar por la decisi\u00f3n del Consorcio Vega Sierra Elvira de aprobar una subida de la tarifa del agua del 2,54% sin permitir el debate en los plenos de los municipios del \u00c1rea Metropolitana.<\/p>\n<p style=\"text-align: justify;\">El Gobierno municipal que preside Francisco Rodr\u00edguez Quesada critica que se haya renunciado al control de la estrategia de un servicio b\u00e1sico como es el agua, siendo mayor\u00eda en Aguasvira la participaci\u00f3n p\u00fablica de los municipios frente al socio privado, la empresa Hidralia S.A., con un 40% del capital.<\/p>\n<p style=\"text-align: justify;\">En la asamblea del Consorcio Vega Sierra Elvira celebrada en enero, el Ayuntamiento de <strong>Atarfe<\/strong>, representado por el concejal de Ciudadanos Antonio Mart\u00edn, junto a otros nueve municipios, vot\u00f3 en contra del incremento del precio despu\u00e9s de solicitar sin \u00e9xito que dicho punto del orden del d\u00eda se aplazara a la espera de que se pudiera debatir en los municipios.<\/p>\n<p style=\"text-align: justify;\">En opini\u00f3n del Gobierno de <strong>Atarfe<\/strong>, se ha silenciado la voz de los ayuntamientos y se ha intentado enmascarar la subida del agua con la concesi\u00f3n de bonos a familias sin recursos y el incremento de los salarios a los trabajadores. \u201cLas bonificaciones o la subida del sueldo a los empleados no pueden ser moneda de cambio para decidir de forma arbitraria una subida. No se puede hurtar el debate en los plenos de los municipios, los m\u00e1ximos \u00f3rganos de representaci\u00f3n de los ciudadanos donde se deben aprobar las tarifas\u201d, ha indicado mediante un comunicado.<\/p>\n<p style=\"text-align: justify;\">Sobre las bonificaciones destinadas a familias con todos los miembros en paro o en situaci\u00f3n de exclusi\u00f3n social, el Gobierno de <strong>Atarfe<\/strong> recuerda que en sus numerosos encuentros con la gerencia de Aguasvira y la presidencia del Consorcio traslad\u00f3 siempre la necesidad de ampliar dicha partida ante la \u201cdram\u00e1tica situaci\u00f3n que viven muchas familias sin apenas recursos\u201d. Pero no comparte que se costee con el bolsillo del resto de ciudadanos en lugar de asumirlo la empresa privada, que \u201cha obtenido importantes beneficios por gestionar el abastecimiento\u201d.<\/p>\n<p style=\"text-align: justify;\">El Ayuntamiento de <strong>Atarfe<\/strong> ha iniciado contactos con representantes de otros municipios para poner en marcha \u201ccambios que favorezcan la transparencia y la democracia en el funcionamiento del Consorcio\u201d.<\/p>\n<p style=\"text-align: justify;\">En este sentido, el gobierno municipal de <strong>Atarfe<\/strong> recuerda que la pr\u00f3rroga por otros 25 a\u00f1os de la concesi\u00f3n de la gesti\u00f3n a la empresa privada se realiz\u00f3 sin debate previo en los municipios y de espaldas a los ciudadanos\u201d<\/p>\n<\/div>\n","protected":false},"excerpt":{"rendered":"<p>El Ayuntamiento vot\u00f3 en contra de la subida de las tarifas practicada por la empresa&#8230;<\/p>\n","protected":false},"author":1,"featured_media":14224,"comment_status":"closed","ping_status":"closed","sticky":false,"template":"","format":"standard","meta":{"_coblocks_attr":"","_coblocks_dimensions":"","_coblocks_responsive_height":"","_coblocks_accordion_ie_support":"","jetpack_post_was_ever_published":false,"_jetpack_newsletter_access":"","_jetpack_dont_email_post_to_subs":false,"_jetpack_newsletter_tier_id":0,"_jetpack_memberships_contains_paywalled_content":false,"_jetpack_memberships_contains_paid_content":false,"footnotes":"","jetpack_publicize_message":"","jetpack_publicize_feature_enabled":true,"jetpack_social_post_already_shared":false,"jetpack_social_options":{"image_generator_settings":{"template":"highway","default_image_id":0,"enabled":false},"version":2}},"categories":[2,186,9,44,15],"tags":[977,864,3517],"class_list":["post-14223","post","type-post","status-publish","format-standard","has-post-thumbnail","hentry","category-atarfe","category-instituciones","category-medio-ambiente","category-noticias-de-hoy","category-ultimas-noticias","tag-aguasvira","tag-ayuntamiento","tag-servicio-de-agua"],"jetpack_publicize_connections":[],"jetpack_featured_media_url":"https:\/\/i0.wp.com\/miradordeatarfe.es\/wp-content\/uploads\/2017\/02\/water-500x500.jpg?fit=500%2C500&ssl=1","jetpack_likes_enabled":true,"jetpack_sharing_enabled":true,"_links":{"self":[{"href":"https:\/\/miradordeatarfe.es\/index.php?rest_route=\/wp\/v2\/posts\/14223","targetHints":{"allow":["GET"]}}],"collection":[{"href":"https:\/\/miradordeatarfe.es\/index.php?rest_route=\/wp\/v2\/posts"}],"about":[{"href":"https:\/\/miradordeatarfe.es\/index.php?rest_route=\/wp\/v2\/types\/post"}],"author":[{"embeddable":true,"href":"https:\/\/miradordeatarfe.es\/index.php?rest_route=\/wp\/v2\/users\/1"}],"replies":[{"embeddable":true,"href":"https:\/\/miradordeatarfe.es\/index.php?rest_route=%2Fwp%2Fv2%2Fcomments&post=14223"}],"version-history":[{"count":1,"href":"https:\/\/miradordeatarfe.es\/index.php?rest_route=\/wp\/v2\/posts\/14223\/revisions"}],"predecessor-version":[{"id":14225,"href":"https:\/\/miradordeatarfe.es\/index.php?rest_route=\/wp\/v2\/posts\/14223\/revisions\/14225"}],"wp:featuredmedia":[{"embeddable":true,"href":"https:\/\/miradordeatarfe.es\/index.php?rest_route=\/wp\/v2\/media\/14224"}],"wp:attachment":[{"href":"https:\/\/miradordeatarfe.es\/index.php?rest_route=%2Fwp%2Fv2%2Fmedia&parent=14223"}],"wp:term":[{"taxonomy":"category","embeddable":true,"href":"https:\/\/miradordeatarfe.es\/index.php?rest_route=%2Fwp%2Fv2%2Fcategories&post=14223"},{"taxonomy":"post_tag","embeddable":true,"href":"https:\/\/miradordeatarfe.es\/index.php?rest_route=%2Fwp%2Fv2%2Ftags&post=14223"}],"curies":[{"name":"wp","href":"https:\/\/api.w.org\/{rel}","templated":true}]}}