{"id":14233,"date":"2017-02-11T08:07:45","date_gmt":"2017-02-11T07:07:45","guid":{"rendered":"http:\/\/miradordeatarfe.es\/?p=14233"},"modified":"2017-02-10T11:13:22","modified_gmt":"2017-02-10T10:13:22","slug":"diputacion-y-universidad-proporcionaran-dentista-gratuito-a-personas-en-situacion-de-especial-necesidad-de-pequenos-municipios","status":"publish","type":"post","link":"https:\/\/miradordeatarfe.es\/?p=14233","title":{"rendered":"Diputaci\u00f3n y Universidad proporcionar\u00e1n dentista gratuito a personas en situaci\u00f3n de especial necesidad de peque\u00f1os municipios"},"content":{"rendered":"<div class=\"entry-content\">\n<div>\n<blockquote>\n<p style=\"text-align: justify;\"><strong>Es la primera vez que se pone en marcha un programa de este tipo en toda la provincia, gracias a un acuerdo de la instituci\u00f3n provincial con la UGR, cuya Facultad de Odontolog\u00eda atender\u00e1 a personas en riesgo de exclusi\u00f3n social<\/strong><\/p>\n<\/blockquote>\n<p style=\"text-align: justify;\"><!--more--><\/p>\n<p style=\"text-align: justify;\">El presidente de la Diputaci\u00f3n de Granada, Jos\u00e9 Entrena, y la rectora de la Universidad de Granada, Pilar Aranda, han firmado esta ma\u00f1ana un convenio de colaboraci\u00f3n para poner en marcha un programa de atenci\u00f3n odontol\u00f3gica a personas y familias con dificultades de municipios de menos de 20000 habitantes de la provincia.<\/p>\n<p style=\"text-align: justify;\">En virtud de este acuerdo, que se firma por primera vez con la Diputaci\u00f3n y se extiende al conjunto de la provincia, profesorado y estudiantes en pr\u00e1cticas de la Facultad de Odontolog\u00eda de la UGR dispensar\u00e1n <strong>atenci\u00f3n odontol\u00f3gica gratuita a menores y personas adultas<\/strong> que est\u00e9n siendo atendidas por la red de Servicios Sociales Comunitarios de la Diputaci\u00f3n.<\/p>\n<p style=\"text-align: justify;\">La rectora de la UGR, Pilar Aranda, se ha mostrado muy satisfecha por la puesta en marcha de este programa, y ha subrayado la importancia de que, gracias a este acuerdo, <strong>la salud sea prioritaria en la atenci\u00f3n a personas con necesidades<\/strong>. \u201cEn este caso, se trata de la salud bucodental, que previene el desarrollo de otras enfermedades o infecciones posteriores\u201d. Al acto tambi\u00e9n ha asistido la vicerrectora de Responsabilidad Social, Igualdad e Inclusi\u00f3n, Teresa Ortega.<\/p>\n<p style=\"text-align: justify;\">Por su parte, Entrena, que ha estado acompa\u00f1ado por la diputada de Bienestar Social, Olvido de la Rosa, ha destacado que este acuerdo \u201crefleja una de las prioridades del gobierno provincial, que es <strong>proteger a las personas m\u00e1s vulnerables y con menos recursos<\/strong> que viven en los municipios de la provincia\u201d. \u201cVamos a canalizar esa atenci\u00f3n a trav\u00e9s de la red de Servicios Sociales Comunitarios, que es la que identifica y valora las necesidades\u201d, ha explicado el presidente, que ha agradecido la implicaci\u00f3n de la Universidad, de los profesionales y estudiantes de la Facultad de Odontolog\u00eda y de la propia rectora, en este proyecto de apoyo a los colectivos m\u00e1s desfavorecidos.<\/p>\n<p style=\"text-align: justify;\">La atenci\u00f3n bucodental <strong>se llevar\u00e1 a cabo en las dependencias de la Facultad de Odontolog\u00eda y ser\u00e1 gratuita para los tipos de tratamientos dentales incluidos en el convenio:<\/strong> endodoncias, reconstrucciones, limpiezas, ajustes o reparaci\u00f3n de pr\u00f3tesis, entre otras. La Diputaci\u00f3n de Granada sufragar\u00e1 el gasto de estos tratamientos hasta un importe m\u00e1ximo de 18.000 euros. Son tratamientos que no est\u00e1n incluidos en la atenci\u00f3n odontol\u00f3gica que presta la Seguridad Social.<\/p>\n<p style=\"text-align: justify;\">Este programa est\u00e1 dirigido espec\u00edficamente a menores pertenecientes a familias que se encuentran en situaci\u00f3n de vulnerabilidad incluidos en los programas de los Servicios Sociales Comunitarios o de Tratamiento Familiar; a personas o unidades familiares en situaci\u00f3n de riesgo de exclusi\u00f3n social; y a mayores de 65 a\u00f1os que o bien sean usuarias de los Servicios Sociales, o bien soliciten la inclusi\u00f3n en el programa, siempre que sean miembros de n\u00facleos familiares con pocos ingresos. Los beneficiarios ser\u00e1n previamente valorados por los Servicios Sociales Comunitarios de la Delegaci\u00f3n de Bienestar Social de Diputaci\u00f3n.<\/p>\n<\/div>\n<div style=\"text-align: justify;\"><\/div>\n<div style=\"text-align: justify;\"><\/div>\n<div style=\"text-align: justify;\"><\/div>\n<div style=\"text-align: justify;\"><img data-recalc-dims=\"1\" height=\"401\" width=\"600\" decoding=\"async\" src=\"https:\/\/i0.wp.com\/canal.ugr.es\/wp-content\/uploads\/2017\/02\/Dientes2-600x401.jpg?resize=600%2C401\" alt=\"Dientes2\" \/><\/div>\n<\/div>\n<footer>Etiquetas: <a href=\"http:\/\/canal.ugr.es\/tag\/facultad-de-odontologia\/\" rel=\"tag\">Facultad de Odontolog\u00eda<\/a>, <a href=\"http:\/\/canal.ugr.es\/tag\/pilar-aranda\/\" rel=\"tag\">Pilar Aranda<\/a><\/footer>\n","protected":false},"excerpt":{"rendered":"<p>Es la primera vez que se pone en marcha un programa de este tipo en&#8230;<\/p>\n","protected":false},"author":1,"featured_media":14234,"comment_status":"closed","ping_status":"closed","sticky":false,"template":"","format":"standard","meta":{"_coblocks_attr":"","_coblocks_dimensions":"","_coblocks_responsive_height":"","_coblocks_accordion_ie_support":"","jetpack_post_was_ever_published":false,"_jetpack_newsletter_access":"","_jetpack_dont_email_post_to_subs":false,"_jetpack_newsletter_tier_id":0,"_jetpack_memberships_contains_paywalled_content":false,"_jetpack_memberships_contains_paid_content":false,"footnotes":"","jetpack_publicize_message":"","jetpack_publicize_feature_enabled":true,"jetpack_social_post_already_shared":false,"jetpack_social_options":{"image_generator_settings":{"template":"highway","default_image_id":0,"enabled":false},"version":2}},"categories":[1161,44,15,10],"tags":[3520,3519,20],"class_list":["post-14233","post","type-post","status-publish","format-standard","has-post-thumbnail","hentry","category-ciudadania","category-noticias-de-hoy","category-ultimas-noticias","category-salud","tag-dentistas","tag-diputaciobn","tag-universidad"],"jetpack_publicize_connections":[],"jetpack_featured_media_url":"https:\/\/i0.wp.com\/miradordeatarfe.es\/wp-content\/uploads\/2017\/02\/Dientes1-1-600x401.jpg?fit=600%2C401&ssl=1","jetpack_likes_enabled":true,"jetpack_sharing_enabled":true,"_links":{"self":[{"href":"https:\/\/miradordeatarfe.es\/index.php?rest_route=\/wp\/v2\/posts\/14233","targetHints":{"allow":["GET"]}}],"collection":[{"href":"https:\/\/miradordeatarfe.es\/index.php?rest_route=\/wp\/v2\/posts"}],"about":[{"href":"https:\/\/miradordeatarfe.es\/index.php?rest_route=\/wp\/v2\/types\/post"}],"author":[{"embeddable":true,"href":"https:\/\/miradordeatarfe.es\/index.php?rest_route=\/wp\/v2\/users\/1"}],"replies":[{"embeddable":true,"href":"https:\/\/miradordeatarfe.es\/index.php?rest_route=%2Fwp%2Fv2%2Fcomments&post=14233"}],"version-history":[{"count":1,"href":"https:\/\/miradordeatarfe.es\/index.php?rest_route=\/wp\/v2\/posts\/14233\/revisions"}],"predecessor-version":[{"id":14235,"href":"https:\/\/miradordeatarfe.es\/index.php?rest_route=\/wp\/v2\/posts\/14233\/revisions\/14235"}],"wp:featuredmedia":[{"embeddable":true,"href":"https:\/\/miradordeatarfe.es\/index.php?rest_route=\/wp\/v2\/media\/14234"}],"wp:attachment":[{"href":"https:\/\/miradordeatarfe.es\/index.php?rest_route=%2Fwp%2Fv2%2Fmedia&parent=14233"}],"wp:term":[{"taxonomy":"category","embeddable":true,"href":"https:\/\/miradordeatarfe.es\/index.php?rest_route=%2Fwp%2Fv2%2Fcategories&post=14233"},{"taxonomy":"post_tag","embeddable":true,"href":"https:\/\/miradordeatarfe.es\/index.php?rest_route=%2Fwp%2Fv2%2Ftags&post=14233"}],"curies":[{"name":"wp","href":"https:\/\/api.w.org\/{rel}","templated":true}]}}