{"id":14262,"date":"2017-02-11T12:08:30","date_gmt":"2017-02-11T11:08:30","guid":{"rendered":"http:\/\/miradordeatarfe.es\/?p=14262"},"modified":"2017-02-11T13:03:10","modified_gmt":"2017-02-11T12:03:10","slug":"desarticulada-una-banda-de-atracadores-que-actuaba-en-el-area-metropolitana-atarfe-albolote-y-los-ogijares","status":"publish","type":"post","link":"https:\/\/miradordeatarfe.es\/?p=14262","title":{"rendered":"Desarticulada una banda de atracadores que actuaba en el \u00c1rea Metropolitana (Atarfe, Albolote y los Ogijares)"},"content":{"rendered":"<div class=\"columna_central\">\n<div class=\"normal\">\n<div class=\"single\">\n<p class=\"titular\">\u00a0Cinco personas han sido detenidas y se han esclarecido siete atracos en viviendas y establecimientos en los que ataban, maniataban y agred\u00edan a sus v\u00edctimas<\/p>\n<p><!--more--><br \/>\n<span class=\"autor\">\u00a0<\/span><\/p>\n<div class=\"contenedor\">\n<div id=\"attachment_85255\" class=\"wp-caption alignright\">\n<p class=\"wp-caption-text\" style=\"text-align: justify;\">Uno de los atracos perpetrados por la banda en una gasolinera del \u00c1rea Metropolitana. Foto: Guardia Civil<\/p>\n<\/div>\n<p style=\"text-align: justify;\">La Guardia Civil ha desarticulado una banda de atracadores que actuaba en la Zona Norte del <strong>\u00c1rea Metropolitana<\/strong> granadina, en el marco de la denominada \u2018Operaci\u00f3n Casput\u2019.<\/p>\n<p style=\"text-align: justify;\">Hay cinco\u00a0personas detenidas, todas ellas de nacionalidad espa\u00f1ola y de edades comprendidas entre los 17 y los 42 a\u00f1os, a las que se acusa de, al menos, siete\u00a0delitos de robo con violencia con arma de fuego, lesiones, robo de veh\u00edculos, tenencia il\u00edcita de armas, amenazas con armas de fuego y pertenencia a grupo criminal.<\/p>\n<p style=\"text-align: justify;\">La principal caracter\u00edstica de estos atracadores ha sido la violencia con la que maniataban y agred\u00edan a sus v\u00edctimas, algunas de las que acabaron con traumatismo craneoencef\u00e1lico. Entraban encapuchados y armados con una pistola y con un machete y, tras reducir a sus v\u00edctimas, se apoderaban de dinero y de joyas.<\/p>\n<p style=\"text-align: justify;\">En uno de los delitos, cometido en una casa de citas, los detenidos, para entrar en el local, se hab\u00edan hecho pasar por guardias civiles exhibiendo placas identificativas, una pistola y grilletes. Una vez dentro, agredieron y maniataron a las prostitutas y al hombre responsable de la casa, y luego les robaron sus tel\u00e9fonos m\u00f3viles y 1.600 euros en efectivo.<\/p>\n<p style=\"text-align: justify;\">Otros tres\u00a0atracos se cometieron en tres\u00a0domicilios de las localidades de <strong>Atarfe<\/strong> y <strong>Albolote<\/strong>, a los que accedieron de madrugada, tras forzar puertas y ventanas. Una vez en el interior de las viviendas golpeaban y amenazaban a sus v\u00edctimas para apoderarse del dinero que hab\u00eda en la casa.<\/p>\n<p style=\"text-align: justify;\">Con posterioridad, los detenidos cambiaron\u00a0de objetivo y perpetraron tres\u00a0atracos m\u00e1s en establecimientos de las localidades de <strong>Og\u00edjares<\/strong> y <strong>Atarfe<\/strong>.<\/p>\n<p style=\"text-align: justify;\">La Guardia Civil ha realizado dos registros domiciliarios en las viviendas de los cabecillas de la banda en los que se han incautado efectos relacionados con los atracos, prendas de vestir, placas de la Guardia Civil y de la Polic\u00eda Nacional, prioritarios de polic\u00eda, grilletes, armas blancas, una pistola y munici\u00f3n para la misma.<\/p>\n<p style=\"text-align: justify;\">El cabecilla de esta organizaci\u00f3n es un hombre de 42 a\u00f1os que acababa de salir de prisi\u00f3n, tras cumplir una condena de 17 a\u00f1os de c\u00e1rcel.<\/p>\n<p style=\"text-align: justify;\">Durante la investigaci\u00f3n tambi\u00e9n se ha determinado que los detenidos, haci\u00e9ndose pasar por polic\u00edas o por guardias civiles, hab\u00edan asaltado viviendas donde hab\u00eda plantaciones de marihuana para robarlas, y que las v\u00edctimas no lo han denunciado<\/p>\n<\/div>\n<p style=\"text-align: justify;\">Publicado en Ahora Granada<\/p>\n<\/div>\n<\/div>\n<\/div>\n<p><!--more--><\/p>\n<p style=\"text-align: justify;\">\n","protected":false},"excerpt":{"rendered":"<p>\u00a0Cinco personas han sido detenidas y se han esclarecido siete atracos en viviendas y establecimientos&#8230;<\/p>\n","protected":false},"author":1,"featured_media":14264,"comment_status":"closed","ping_status":"closed","sticky":false,"template":"","format":"standard","meta":{"_coblocks_attr":"","_coblocks_dimensions":"","_coblocks_responsive_height":"","_coblocks_accordion_ie_support":"","jetpack_post_was_ever_published":false,"_jetpack_newsletter_access":"","_jetpack_dont_email_post_to_subs":false,"_jetpack_newsletter_tier_id":0,"_jetpack_memberships_contains_paywalled_content":false,"_jetpack_memberships_contains_paid_content":false,"footnotes":"","jetpack_publicize_message":"","jetpack_publicize_feature_enabled":true,"jetpack_social_post_already_shared":false,"jetpack_social_options":{"image_generator_settings":{"template":"highway","default_image_id":0,"enabled":false},"version":2}},"categories":[2,1161,44,15],"tags":[3526,3527,1354],"class_list":["post-14262","post","type-post","status-publish","format-standard","has-post-thumbnail","hentry","category-atarfe","category-ciudadania","category-noticias-de-hoy","category-ultimas-noticias","tag-atracos","tag-delincuentes","tag-pueblos"],"jetpack_publicize_connections":[],"jetpack_featured_media_url":"https:\/\/i0.wp.com\/miradordeatarfe.es\/wp-content\/uploads\/2017\/02\/Atraco-Gasolinera-Granada-768x432.jpg?fit=768%2C432&ssl=1","jetpack_likes_enabled":true,"jetpack_sharing_enabled":true,"_links":{"self":[{"href":"https:\/\/miradordeatarfe.es\/index.php?rest_route=\/wp\/v2\/posts\/14262","targetHints":{"allow":["GET"]}}],"collection":[{"href":"https:\/\/miradordeatarfe.es\/index.php?rest_route=\/wp\/v2\/posts"}],"about":[{"href":"https:\/\/miradordeatarfe.es\/index.php?rest_route=\/wp\/v2\/types\/post"}],"author":[{"embeddable":true,"href":"https:\/\/miradordeatarfe.es\/index.php?rest_route=\/wp\/v2\/users\/1"}],"replies":[{"embeddable":true,"href":"https:\/\/miradordeatarfe.es\/index.php?rest_route=%2Fwp%2Fv2%2Fcomments&post=14262"}],"version-history":[{"count":3,"href":"https:\/\/miradordeatarfe.es\/index.php?rest_route=\/wp\/v2\/posts\/14262\/revisions"}],"predecessor-version":[{"id":14277,"href":"https:\/\/miradordeatarfe.es\/index.php?rest_route=\/wp\/v2\/posts\/14262\/revisions\/14277"}],"wp:featuredmedia":[{"embeddable":true,"href":"https:\/\/miradordeatarfe.es\/index.php?rest_route=\/wp\/v2\/media\/14264"}],"wp:attachment":[{"href":"https:\/\/miradordeatarfe.es\/index.php?rest_route=%2Fwp%2Fv2%2Fmedia&parent=14262"}],"wp:term":[{"taxonomy":"category","embeddable":true,"href":"https:\/\/miradordeatarfe.es\/index.php?rest_route=%2Fwp%2Fv2%2Fcategories&post=14262"},{"taxonomy":"post_tag","embeddable":true,"href":"https:\/\/miradordeatarfe.es\/index.php?rest_route=%2Fwp%2Fv2%2Ftags&post=14262"}],"curies":[{"name":"wp","href":"https:\/\/api.w.org\/{rel}","templated":true}]}}