{"id":14273,"date":"2017-02-13T09:30:38","date_gmt":"2017-02-13T08:30:38","guid":{"rendered":"http:\/\/miradordeatarfe.es\/?p=14273"},"modified":"2017-02-11T13:23:56","modified_gmt":"2017-02-11T12:23:56","slug":"14273","status":"publish","type":"post","link":"https:\/\/miradordeatarfe.es\/?p=14273","title":{"rendered":"CURSO DE ACTUALIDAD CIENT\u00cdFICA DEL PARQUE DE LAS CIENCIAS"},"content":{"rendered":"<div class=\"m_8330804389917239480pre\">El Parque de las Ciencias y la Universidad de Granada organizan el 15\u00ba Curso de Actualidad Cient\u00edfica: <strong>Robots. Los humanos y las m\u00e1quinas<\/strong> en colaboraci\u00f3n con la Consejer\u00eda de Educaci\u00f3n de la Junta de Andaluc\u00eda, los Centros de Profesorado de Granada, la Fundaci\u00f3n Espa\u00f1ola para la Ciencia y la Tecnolog\u00eda y DASA &#8211; Museo Federal de la Seguridad y la Salud en el Trabajo de Dortmund, Alemania.<\/div>\n<p><!--more--><\/p>\n<div class=\"m_8330804389917239480pre\"><\/div>\n<div class=\"m_8330804389917239480pre\">El curso tiene como objetivo aproximar al mundo de los aut\u00f3matas y los robots, as\u00ed como el papel que juegan en aspectos tan diversos y trascendentales como la salud, la industria, la comunicaci\u00f3n y la vida cotidiana. Los temas se tratar\u00e1n desde\u00a0una perspectiva multidisciplinar y va dirigido entre otros a: estudiantes universitarios, postgrados, formadores y profesionales.<\/div>\n<div class=\"m_8330804389917239480pre\"><\/div>\n<div class=\"m_8330804389917239480pre\">\n<p>EL CURSO COMIENZA EL 9 DE MARZO<\/p>\n<p>Se ha solicitado el reconocimiento del curso a ciertas facultades y escuelas t\u00e9cnicas de la Universidad de Granada con cr\u00e9ditos de grado y de libre configuraci\u00f3n. Se expedir\u00e1 el correspondiente certificado acad\u00e9mico.<\/p>\n<\/div>\n<div class=\"m_8330804389917239480pre\">Toda la informaci\u00f3n con los contenidos de las sesiones, fechas e inscripci\u00f3n est\u00e1 disponible en:<br \/>\n<a href=\"http:\/\/www.parqueciencias.com\/parqueciencias\/actividades\/actualidadCientifica2017.html\" target=\"_blank\" rel=\"noreferrer\" data-saferedirecturl=\"https:\/\/www.google.com\/url?hl=es&amp;q=http:\/\/www.parqueciencias.com\/parqueciencias\/actividades\/actualidadCientifica2017.html&amp;source=gmail&amp;ust=1486805780436000&amp;usg=AFQjCNHMqU89yKUXhe-3PmZgPfkWKZ-knw\">http:\/\/www.parqueciencias.com\/<wbr \/>parqueciencias\/actividades\/<wbr \/>actualidadCientifica2017.html<\/a><\/div>\n<div class=\"m_8330804389917239480pre\"><\/div>\n<div class=\"m_8330804389917239480pre\">No\u00a0duden\u00a0en\u00a0ponerse\u00a0en\u00a0<wbr \/>contacto\u00a0con\u00a0nosotros\u00a0para\u00a0<wbr \/>cualquier\u00a0consulta\u00a0en:<br \/>\n<a href=\"mailto:educacion@parqueciencias.com\" target=\"_blank\">educacion@parqueciencias.com<\/a>.<\/div>\n","protected":false},"excerpt":{"rendered":"<p>El Parque de las Ciencias y la Universidad de Granada organizan el 15\u00ba Curso de&#8230;<\/p>\n","protected":false},"author":1,"featured_media":14274,"comment_status":"closed","ping_status":"closed","sticky":false,"template":"","format":"standard","meta":{"_coblocks_attr":"","_coblocks_dimensions":"","_coblocks_responsive_height":"","_coblocks_accordion_ie_support":"","jetpack_post_was_ever_published":false,"_jetpack_newsletter_access":"","_jetpack_dont_email_post_to_subs":false,"_jetpack_newsletter_tier_id":0,"_jetpack_memberships_contains_paywalled_content":false,"_jetpack_memberships_contains_paid_content":false,"footnotes":"","jetpack_publicize_message":"","jetpack_publicize_feature_enabled":true,"jetpack_social_post_already_shared":false,"jetpack_social_options":{"image_generator_settings":{"template":"highway","default_image_id":0,"enabled":false},"version":2}},"categories":[44,15],"tags":[53,1798,3528],"class_list":["post-14273","post","type-post","status-publish","format-standard","has-post-thumbnail","hentry","category-noticias-de-hoy","category-ultimas-noticias","tag-ciencia","tag-curso","tag-robots"],"jetpack_publicize_connections":[],"jetpack_featured_media_url":"https:\/\/i0.wp.com\/miradordeatarfe.es\/wp-content\/uploads\/2017\/02\/ROBOT.jpg?fit=769%2C401&ssl=1","jetpack_likes_enabled":true,"jetpack_sharing_enabled":true,"_links":{"self":[{"href":"https:\/\/miradordeatarfe.es\/index.php?rest_route=\/wp\/v2\/posts\/14273","targetHints":{"allow":["GET"]}}],"collection":[{"href":"https:\/\/miradordeatarfe.es\/index.php?rest_route=\/wp\/v2\/posts"}],"about":[{"href":"https:\/\/miradordeatarfe.es\/index.php?rest_route=\/wp\/v2\/types\/post"}],"author":[{"embeddable":true,"href":"https:\/\/miradordeatarfe.es\/index.php?rest_route=\/wp\/v2\/users\/1"}],"replies":[{"embeddable":true,"href":"https:\/\/miradordeatarfe.es\/index.php?rest_route=%2Fwp%2Fv2%2Fcomments&post=14273"}],"version-history":[{"count":4,"href":"https:\/\/miradordeatarfe.es\/index.php?rest_route=\/wp\/v2\/posts\/14273\/revisions"}],"predecessor-version":[{"id":14282,"href":"https:\/\/miradordeatarfe.es\/index.php?rest_route=\/wp\/v2\/posts\/14273\/revisions\/14282"}],"wp:featuredmedia":[{"embeddable":true,"href":"https:\/\/miradordeatarfe.es\/index.php?rest_route=\/wp\/v2\/media\/14274"}],"wp:attachment":[{"href":"https:\/\/miradordeatarfe.es\/index.php?rest_route=%2Fwp%2Fv2%2Fmedia&parent=14273"}],"wp:term":[{"taxonomy":"category","embeddable":true,"href":"https:\/\/miradordeatarfe.es\/index.php?rest_route=%2Fwp%2Fv2%2Fcategories&post=14273"},{"taxonomy":"post_tag","embeddable":true,"href":"https:\/\/miradordeatarfe.es\/index.php?rest_route=%2Fwp%2Fv2%2Ftags&post=14273"}],"curies":[{"name":"wp","href":"https:\/\/api.w.org\/{rel}","templated":true}]}}