{"id":14283,"date":"2017-02-14T11:27:15","date_gmt":"2017-02-14T10:27:15","guid":{"rendered":"http:\/\/miradordeatarfe.es\/?p=14283"},"modified":"2017-02-15T11:15:40","modified_gmt":"2017-02-15T10:15:40","slug":"quiero-ser-por-juan-de-dios-fernandez","status":"publish","type":"post","link":"https:\/\/miradordeatarfe.es\/?p=14283","title":{"rendered":"\u00a1\u00a1 QUIERO SER&#8230;!! Por Juan de Dios Fern\u00e1ndez"},"content":{"rendered":"<p><i><b>\u00a1\u00a1QUIERO SER PERRO!!, dijo Ana con firmeza y voz alterada. \u2026 \u2026 \u00a1\u00a1QUIERO SER ALGUIEN!!, dijo Marcos.<\/b><\/i> <i>Deseos profundos de una ni\u00f1a y un ni\u00f1o hartos de \u201cescuela y de casa-escuela\u201d por motivos diametralmente opuestos.<\/i><!--more--><\/p>\n<p><a href=\"https:\/\/i0.wp.com\/miradordeatarfe.es\/wp-content\/uploads\/2017\/02\/JUANDE-6-2.png?ssl=1\"><img data-recalc-dims=\"1\" loading=\"lazy\" decoding=\"async\" class=\"alignnone wp-image-14284\" src=\"https:\/\/i0.wp.com\/miradordeatarfe.es\/wp-content\/uploads\/2017\/02\/JUANDE-6-2.png?resize=640%2C144&#038;ssl=1\" alt=\"\" width=\"640\" height=\"144\" srcset=\"https:\/\/i0.wp.com\/miradordeatarfe.es\/wp-content\/uploads\/2017\/02\/JUANDE-6-2.png?w=1438&amp;ssl=1 1438w, https:\/\/i0.wp.com\/miradordeatarfe.es\/wp-content\/uploads\/2017\/02\/JUANDE-6-2.png?resize=300%2C67&amp;ssl=1 300w, https:\/\/i0.wp.com\/miradordeatarfe.es\/wp-content\/uploads\/2017\/02\/JUANDE-6-2.png?resize=768%2C173&amp;ssl=1 768w, https:\/\/i0.wp.com\/miradordeatarfe.es\/wp-content\/uploads\/2017\/02\/JUANDE-6-2.png?resize=1024%2C230&amp;ssl=1 1024w, https:\/\/i0.wp.com\/miradordeatarfe.es\/wp-content\/uploads\/2017\/02\/JUANDE-6-2.png?resize=600%2C135&amp;ssl=1 600w, https:\/\/i0.wp.com\/miradordeatarfe.es\/wp-content\/uploads\/2017\/02\/JUANDE-6-2.png?w=1280&amp;ssl=1 1280w\" sizes=\"auto, (max-width: 640px) 100vw, 640px\" \/><\/a><\/p>\n<p><!--more--><i><b><\/b><\/i><\/p>\n<p style=\"text-align: justify;\">Hace unos d\u00edas, tomando caf\u00e9 con una compa\u00f1era en tareas docente y muy buena amiga, me coment\u00f3 una experiencia reciente que me impact\u00f3, que me hizo pensar. Inmediatamente pens\u00e9 comunic\u00e1rosla para que se una a estas reflexiones que estamos haciendo, para que nos ayuden a retomar el camino del sentido com\u00fan en la escuela, para que nos ayude a ver el bosque m\u00e1s all\u00e1 de los \u00e1rboles y ramas.<\/p>\n<p style=\"text-align: justify;\">Me dec\u00eda mi compa\u00f1era, que estando en una actividad no formal con ni\u00f1os y ni\u00f1as de diferentes edades (infantil y primaria), trabajando las emociones les pregunt\u00f3:<\/p>\n<ul style=\"text-align: justify;\">\n<li><i>\u00bfQu\u00e9 os gustar\u00eda ser?<\/i><\/li>\n<li>R\u00e1pidamente Ana, ni\u00f1a de 8 a\u00f1os con dificultades de \u201c\u00bfaprendizaje?\u201d dijo con firmeza y voz alterada: <i>\u00a1Quiero ser perro!<\/i><\/li>\n<li>\u00bf<i>Por qu\u00e9 dices eso?<\/i> Le pregunt\u00f3 la persona adulta.<\/li>\n<li><i>Porque quiero jugar. En el cole siempre tengo que repetir los ejercicios, en los recreos hago lo que no me ha dado tiempo; por la tarde a logopedia, a apoyo, acabar los ejercicios del cole, hacer los deberes\u2026<\/i> Respond\u00eda Mirian con mucho enfado y mucha firmeza y convicci\u00f3n. <i>Y mi perro est\u00e1 siempre jugando, \u00bfyo quiero ser perro para poder jugar!<\/i><\/li>\n<\/ul>\n<p style=\"text-align: justify;\">Mi compa\u00f1era se qued\u00f3 sin palabras, era tan l\u00f3gica (y tan tr\u00e1gica) la argumentaci\u00f3n y lo que ped\u00eda\u2026 \u201cpoder jugar a sus 8 a\u00f1os\u201d.<\/p>\n<p style=\"text-align: justify;\">En ese mismo contexto y actividad, otro ni\u00f1o, Marcos, de 9 a\u00f1os, dijo: \u201c\u00a1YO QUIERO SER ALGUIEN!\u201d<\/p>\n<ul style=\"text-align: justify;\">\n<li><i>Pero t\u00fa ya eres alguien, eres Marcos<\/i>, respondi\u00f3 la persona adulta.<\/li>\n<li><i>No, yo quiero que cuando voy por la calle, me llamen por mi nombre otros ni\u00f1os; que me llamen para jugar al futbol, aunque me sale mal; que se paren y hablen conmigo. Yo quiero ser otro ni\u00f1o igual.<\/i><\/li>\n<\/ul>\n<p style=\"text-align: justify;\">La monitora no tuvo palabras para responder y recurri\u00f3 a frases hechas de val\u00eda personal de todos y todas. Mario es un ni\u00f1o de altas capacidades intelectuales y pocas destrezas motrices. En clase se le valoran mucho sus saberes acad\u00e9micos, se le pone como ejemplo\u2026 \u00bfpero\u2026!<\/p>\n<p style=\"text-align: justify;\">\u201c<i><b>\u00a1\u00a1Qu\u00e9 estamos haciendo en la escuela, en esta sociedad (familia y escuela) que valoramos m\u00e1s el \u201caprender cosas\u201d sobre \u201cel ser ni\u00f1os y su desarrollo integral!\u201d<\/b><\/i><\/p>\n<p style=\"text-align: justify;\">\u00a1Ah! Se me olvidaba, Ana es adoptada, vino a Espa\u00f1a con tres a\u00f1os, no hablaba nada de castellano y muy poco y mal estructurado su idioma materno. Con 6 a\u00f1os ya se desenvolv\u00eda aceptablemente en castellano de forma oral&#8230; <i><b>\u00a1Y la tragedia es que comete muchos errores al escribir!<\/b><\/i><\/p>\n<p style=\"text-align: justify;\">\u201c<b>Las ramas impiden ver el bosque<\/b>\u201d.<\/p>\n<p style=\"text-align: justify;\">La mal entendida evaluaci\u00f3n continua, que hemos transformado en \u201ccalificaci\u00f3n continua\u201d dificulta el ver el avance de cada ni\u00f1a o ni\u00f1o, valorar lo conseguido para animarle a seguir avanzando. Dando su justo valor a los aprendizajes dentro de un desarrollo integral de cada ni\u00f1o y ni\u00f1a. Ni\u00f1os y ni\u00f1as son bastante m\u00e1s que \u201cm\u00e1quinas de aprender\u201d.<\/p>\n<p style=\"text-align: justify;\">Termino con una frase que ni hecha a medida:<\/p>\n<p style=\"text-align: justify;\"><a href=\"https:\/\/i0.wp.com\/miradordeatarfe.es\/wp-content\/uploads\/2017\/02\/2-2.png?ssl=1\"><img data-recalc-dims=\"1\" loading=\"lazy\" decoding=\"async\" class=\"alignnone size-full wp-image-14286\" src=\"https:\/\/i0.wp.com\/miradordeatarfe.es\/wp-content\/uploads\/2017\/02\/2-2.png?resize=640%2C210&#038;ssl=1\" alt=\"\" width=\"640\" height=\"210\" srcset=\"https:\/\/i0.wp.com\/miradordeatarfe.es\/wp-content\/uploads\/2017\/02\/2-2.png?w=816&amp;ssl=1 816w, https:\/\/i0.wp.com\/miradordeatarfe.es\/wp-content\/uploads\/2017\/02\/2-2.png?resize=300%2C99&amp;ssl=1 300w, https:\/\/i0.wp.com\/miradordeatarfe.es\/wp-content\/uploads\/2017\/02\/2-2.png?resize=768%2C252&amp;ssl=1 768w, https:\/\/i0.wp.com\/miradordeatarfe.es\/wp-content\/uploads\/2017\/02\/2-2.png?resize=600%2C197&amp;ssl=1 600w\" sizes=\"auto, (max-width: 640px) 100vw, 640px\" \/><\/a><\/p>\n<p style=\"text-align: justify;\"><b>\u00a1Todav\u00eda no nos hemos<\/b> <b>aclarado! \u00bfMerece la pena crecer infeliz? \u00bfSe aprende m\u00e1s y mejor?<\/b><\/p>\n<p style=\"text-align: justify;\">Adem\u00e1s, en la actualidad hay evidencias cient\u00edficas de que los aspectos emocionales y l\u00fadicos son determinantes en los procesos de aprendizaje. La Neuroeducaci\u00f3n aporta evidencias cient\u00edficas de ello:<\/p>\n<p style=\"text-align: justify;\"><a href=\"https:\/\/i0.wp.com\/miradordeatarfe.es\/wp-content\/uploads\/2017\/02\/JUANDE-6B-2.png?ssl=1\"><img data-recalc-dims=\"1\" loading=\"lazy\" decoding=\"async\" class=\"alignnone wp-image-14285\" src=\"https:\/\/i0.wp.com\/miradordeatarfe.es\/wp-content\/uploads\/2017\/02\/JUANDE-6B-2.png?resize=640%2C354&#038;ssl=1\" alt=\"\" width=\"640\" height=\"354\" srcset=\"https:\/\/i0.wp.com\/miradordeatarfe.es\/wp-content\/uploads\/2017\/02\/JUANDE-6B-2.png?w=1365&amp;ssl=1 1365w, https:\/\/i0.wp.com\/miradordeatarfe.es\/wp-content\/uploads\/2017\/02\/JUANDE-6B-2.png?resize=300%2C166&amp;ssl=1 300w, https:\/\/i0.wp.com\/miradordeatarfe.es\/wp-content\/uploads\/2017\/02\/JUANDE-6B-2.png?resize=768%2C424&amp;ssl=1 768w, https:\/\/i0.wp.com\/miradordeatarfe.es\/wp-content\/uploads\/2017\/02\/JUANDE-6B-2.png?resize=1024%2C566&amp;ssl=1 1024w, https:\/\/i0.wp.com\/miradordeatarfe.es\/wp-content\/uploads\/2017\/02\/JUANDE-6B-2.png?resize=600%2C331&amp;ssl=1 600w, https:\/\/i0.wp.com\/miradordeatarfe.es\/wp-content\/uploads\/2017\/02\/JUANDE-6B-2.png?w=1280&amp;ssl=1 1280w\" sizes=\"auto, (max-width: 640px) 100vw, 640px\" \/><\/a><\/p>\n<p style=\"text-align: justify;\"><b>Juan de Dios Fern\u00e1ndez G\u00e1lvez, jubilado activo<\/b><\/p>\n<p style=\"text-align: justify;\" align=\"RIGHT\"><b>Ex Orientador escolar y Profesor colaborador extraordinario UGR<\/b><\/p>\n","protected":false},"excerpt":{"rendered":"<p>\u00a1\u00a1QUIERO SER PERRO!!, dijo Ana con firmeza y voz alterada. \u2026 \u2026 \u00a1\u00a1QUIERO SER ALGUIEN!!,&#8230;<\/p>\n","protected":false},"author":1,"featured_media":14338,"comment_status":"closed","ping_status":"closed","sticky":false,"template":"","format":"standard","meta":{"_coblocks_attr":"","_coblocks_dimensions":"","_coblocks_responsive_height":"","_coblocks_accordion_ie_support":"","jetpack_post_was_ever_published":false,"_jetpack_newsletter_access":"","_jetpack_dont_email_post_to_subs":false,"_jetpack_newsletter_tier_id":0,"_jetpack_memberships_contains_paywalled_content":false,"_jetpack_memberships_contains_paid_content":false,"footnotes":"","jetpack_publicize_message":"","jetpack_publicize_feature_enabled":true,"jetpack_social_post_already_shared":false,"jetpack_social_options":{"image_generator_settings":{"template":"highway","default_image_id":0,"enabled":false},"version":2}},"categories":[186,3130,44,15],"tags":[337,434,213],"class_list":["post-14283","post","type-post","status-publish","format-standard","has-post-thumbnail","hentry","category-instituciones","category-opinion-de-juan-de-dios-fernandez","category-noticias-de-hoy","category-ultimas-noticias","tag-aprendizaje","tag-educacion-emociones","tag-emociones"],"jetpack_publicize_connections":[],"jetpack_featured_media_url":"https:\/\/i0.wp.com\/miradordeatarfe.es\/wp-content\/uploads\/2017\/02\/valores-1.png?fit=400%2C246&ssl=1","jetpack_likes_enabled":true,"jetpack_sharing_enabled":true,"_links":{"self":[{"href":"https:\/\/miradordeatarfe.es\/index.php?rest_route=\/wp\/v2\/posts\/14283","targetHints":{"allow":["GET"]}}],"collection":[{"href":"https:\/\/miradordeatarfe.es\/index.php?rest_route=\/wp\/v2\/posts"}],"about":[{"href":"https:\/\/miradordeatarfe.es\/index.php?rest_route=\/wp\/v2\/types\/post"}],"author":[{"embeddable":true,"href":"https:\/\/miradordeatarfe.es\/index.php?rest_route=\/wp\/v2\/users\/1"}],"replies":[{"embeddable":true,"href":"https:\/\/miradordeatarfe.es\/index.php?rest_route=%2Fwp%2Fv2%2Fcomments&post=14283"}],"version-history":[{"count":1,"href":"https:\/\/miradordeatarfe.es\/index.php?rest_route=\/wp\/v2\/posts\/14283\/revisions"}],"predecessor-version":[{"id":14287,"href":"https:\/\/miradordeatarfe.es\/index.php?rest_route=\/wp\/v2\/posts\/14283\/revisions\/14287"}],"wp:featuredmedia":[{"embeddable":true,"href":"https:\/\/miradordeatarfe.es\/index.php?rest_route=\/wp\/v2\/media\/14338"}],"wp:attachment":[{"href":"https:\/\/miradordeatarfe.es\/index.php?rest_route=%2Fwp%2Fv2%2Fmedia&parent=14283"}],"wp:term":[{"taxonomy":"category","embeddable":true,"href":"https:\/\/miradordeatarfe.es\/index.php?rest_route=%2Fwp%2Fv2%2Fcategories&post=14283"},{"taxonomy":"post_tag","embeddable":true,"href":"https:\/\/miradordeatarfe.es\/index.php?rest_route=%2Fwp%2Fv2%2Ftags&post=14283"}],"curies":[{"name":"wp","href":"https:\/\/api.w.org\/{rel}","templated":true}]}}