{"id":14304,"date":"2017-02-14T08:09:04","date_gmt":"2017-02-14T07:09:04","guid":{"rendered":"http:\/\/miradordeatarfe.es\/?p=14304"},"modified":"2017-02-14T09:29:09","modified_gmt":"2017-02-14T08:29:09","slug":"la-junta-de-andalucia-presenta-el-amor-no-duele","status":"publish","type":"post","link":"https:\/\/miradordeatarfe.es\/?p=14304","title":{"rendered":"La Junta de Andaluc\u00eda presenta &#8216;El amor no duele&#8217;"},"content":{"rendered":"<div class=\"bloqueTitulosNoticia\">\n<div class=\"titulo_noticia\">\n<p>LA JUNTA \u00a0de Andaluc\u00eda crea una campa\u00f1a para desmontar los mitos del amor rom\u00e1ntico en la juventud<\/p>\n<\/div>\n<div class=\"subtitulo_noticia\">\n<p><!--more--><\/p>\n<p>S\u00e1nchez Rubio recuerda que la propuesta andaluza de Pacto de Estado contra la Violencia de G\u00e9nero incluye la sensibilizaci\u00f3n social durante todo el a\u00f1o<\/p>\n<\/div>\n<\/div>\n<div id=\"zonaAmpliarTexto1\">\n<div class=\"flota_drc\"><\/div>\n<p class=\"\">La consejera de\u00a0<a href=\"http:\/\/www.juntadeandalucia.es\/organismos\/igualdadypoliticassociales\" target=\"_blank\">Igualdad y Pol\u00edticas Sociales<\/a>, Mar\u00eda Jos\u00e9 S\u00e1nchez Rubio, ha presentado en Sevilla la campa\u00f1a &#8216;El amor no duele&#8217;, una iniciativa del\u00a0<a href=\"http:\/\/www.juntadeandalucia.es\/institutodelamuejr\" target=\"_blank\">Instituto Andaluz de la Mujer (IAM)<\/a>en colaboraci\u00f3n con el\u00a0<a href=\"http:\/\/www.juntadeandalucia.es\/institutodelajuventud\" target=\"_blank\">Instituto Andaluz de la Juventud (IAJ)<\/a>\u00a0con el fin de sensibilizar a la juventud sobre los mitos del amor rom\u00e1ntico que perpet\u00faan la violencia de g\u00e9nero. La campa\u00f1a, lanzada en torno al 14 de febrero, D\u00eda de los Enamorados, tendr\u00e1 como plataforma las redes sociales de ambas instituciones con gr\u00e1ficas y mensajes dirigidos a adolescentes de 14 a 18 a\u00f1os sobre \u00ablas ideas err\u00f3neas que se tienen sobre el amor, y que a veces desembocan en relaciones t\u00f3xicas y desiguales\u00bb.<\/p>\n<p class=\"\">La iniciativa, seg\u00fan ha indicado S\u00e1nchez Rubio, da una continuidad a la campa\u00f1a de prevenci\u00f3n para la juventud &#8216;#NOTEPIERDAS, sin libertad no hay amor&#8217;, que arranc\u00f3 en el mes de octubre, y que se ha venido desarrollando durante meses a trav\u00e9s de redes sociales y talleres en institutos de educaci\u00f3n secundaria de toda Andaluc\u00eda.<\/p>\n<p class=\"\">De este modo, a partir del lema &#8216;El amor no duele&#8217;, la nueva campa\u00f1a utiliza la gr\u00e1fica de un coraz\u00f3n herido por las flechas del cupido, donde cada flecha representa un mito rom\u00e1ntico que genera relaciones t\u00f3xicas y hace da\u00f1o: \u00abSin ti no soy nada\u00bb, \u00abQuien bien te quiere te har\u00e1 llorar\u00bb, \u00abLos celos demuestran amor\u00bb o \u00abEl amor todo lo puede\u00bb, entre otros.<\/p>\n<p class=\"\">La campa\u00f1a consiste en gr\u00e1ficas, memes y gifts animados que ser\u00e1n viralizados en redes sociales. Asimismo, toda la comunidad educativa podr\u00e1 utilizar las im\u00e1genes como recurso did\u00e1ctico en las aulas como herramientas de sensibilizaci\u00f3n entre la poblaci\u00f3n m\u00e1s joven de Andaluc\u00eda.<\/p>\n<p class=\"\">La consejera ha recordado que Andaluc\u00eda apuesta por campa\u00f1as contra la violencia de g\u00e9nero durante todo el a\u00f1o, tal y como \u00abse refleja en campa\u00f1as como \u00e9sta o el la propia reforma de la Ley andaluza de Violencia de G\u00e9nero\u00bb, que se encuentra en tr\u00e1mite, y que prev\u00e9 garantizar la concienciaci\u00f3n social continua.<\/p>\n<p class=\"\">En este sentido, S\u00e1nchez Rubio ha recalcado la importancia de que esa apuesta se haga extensiva a todo el territorio nacional, tal y como plantea la propuesta andaluza de Pacto de Estado contra la Violencia de G\u00e9nero, que incluye la asignaci\u00f3n presupuestaria constante a la prevenci\u00f3n de esta lacr<\/p>\n<\/div>\n","protected":false},"excerpt":{"rendered":"<p>LA JUNTA \u00a0de Andaluc\u00eda crea una campa\u00f1a para desmontar los mitos del amor rom\u00e1ntico en&#8230;<\/p>\n","protected":false},"author":1,"featured_media":14305,"comment_status":"closed","ping_status":"closed","sticky":false,"template":"","format":"standard","meta":{"_coblocks_attr":"","_coblocks_dimensions":"","_coblocks_responsive_height":"","_coblocks_accordion_ie_support":"","jetpack_post_was_ever_published":false,"_jetpack_newsletter_access":"","_jetpack_dont_email_post_to_subs":false,"_jetpack_newsletter_tier_id":0,"_jetpack_memberships_contains_paywalled_content":false,"_jetpack_memberships_contains_paid_content":false,"footnotes":"","jetpack_publicize_message":"","jetpack_publicize_feature_enabled":true,"jetpack_social_post_already_shared":false,"jetpack_social_options":{"image_generator_settings":{"template":"highway","default_image_id":0,"enabled":false},"version":2}},"categories":[1161,186,44,15,1],"tags":[413,390,3536],"class_list":["post-14304","post","type-post","status-publish","format-standard","has-post-thumbnail","hentry","category-ciudadania","category-instituciones","category-noticias-de-hoy","category-ultimas-noticias","category-uncategorized","tag-amor","tag-juventud","tag-s-valentin"],"jetpack_publicize_connections":[],"jetpack_featured_media_url":"https:\/\/i0.wp.com\/miradordeatarfe.es\/wp-content\/uploads\/2017\/02\/1486645003977igualdadNdn.jpg?fit=312%2C218&ssl=1","jetpack_likes_enabled":true,"jetpack_sharing_enabled":true,"_links":{"self":[{"href":"https:\/\/miradordeatarfe.es\/index.php?rest_route=\/wp\/v2\/posts\/14304","targetHints":{"allow":["GET"]}}],"collection":[{"href":"https:\/\/miradordeatarfe.es\/index.php?rest_route=\/wp\/v2\/posts"}],"about":[{"href":"https:\/\/miradordeatarfe.es\/index.php?rest_route=\/wp\/v2\/types\/post"}],"author":[{"embeddable":true,"href":"https:\/\/miradordeatarfe.es\/index.php?rest_route=\/wp\/v2\/users\/1"}],"replies":[{"embeddable":true,"href":"https:\/\/miradordeatarfe.es\/index.php?rest_route=%2Fwp%2Fv2%2Fcomments&post=14304"}],"version-history":[{"count":1,"href":"https:\/\/miradordeatarfe.es\/index.php?rest_route=\/wp\/v2\/posts\/14304\/revisions"}],"predecessor-version":[{"id":14306,"href":"https:\/\/miradordeatarfe.es\/index.php?rest_route=\/wp\/v2\/posts\/14304\/revisions\/14306"}],"wp:featuredmedia":[{"embeddable":true,"href":"https:\/\/miradordeatarfe.es\/index.php?rest_route=\/wp\/v2\/media\/14305"}],"wp:attachment":[{"href":"https:\/\/miradordeatarfe.es\/index.php?rest_route=%2Fwp%2Fv2%2Fmedia&parent=14304"}],"wp:term":[{"taxonomy":"category","embeddable":true,"href":"https:\/\/miradordeatarfe.es\/index.php?rest_route=%2Fwp%2Fv2%2Fcategories&post=14304"},{"taxonomy":"post_tag","embeddable":true,"href":"https:\/\/miradordeatarfe.es\/index.php?rest_route=%2Fwp%2Fv2%2Ftags&post=14304"}],"curies":[{"name":"wp","href":"https:\/\/api.w.org\/{rel}","templated":true}]}}