{"id":1431,"date":"2015-04-28T07:40:41","date_gmt":"2015-04-28T07:40:41","guid":{"rendered":"http:\/\/miradordeatarfe.es\/?p=1431"},"modified":"2015-04-29T07:34:04","modified_gmt":"2015-04-29T07:34:04","slug":"los-alumnosas-del-ceip-medina-elvira-disfrutan-de-la-lectura","status":"publish","type":"post","link":"https:\/\/miradordeatarfe.es\/?p=1431","title":{"rendered":"LOS ALUMNOS\/AS DEL CEIP MEDINA ELVIRA DISFRUTAN DE LA LECTURA"},"content":{"rendered":"<p>El CEIP Medina Elvira de Atarfe a trav\u00e9s de su plan de fomento de la lectura y biblioteca, ha organizado una serie de actividades para celebrar el d\u00eda del libro. Entre otras actividades han destacado las siguientes:<!--more--><\/p>\n<p>Actos de lectura, en la que se han abierto a la comunidad educativa, en ellos han participado padres y madres de nuestro cole y el alcalde de nuestro pueblo Tom\u00e1s Ruiz, como representante del Ayuntamiento. Las lecturas fueron elegidas por ellos\/as y los carteles elaborados por los mismos. Durante varios d\u00edas la carteler\u00eda ha estado expuesta para que los ni\u00f1os\/as las pudiesen ver y elegir la que m\u00e1s les gustaba; posteriormente se dirig\u00edan a la biblioteca del colegio donde pod\u00edan adquirir las entradas.<\/p>\n<p><a href=\"https:\/\/i0.wp.com\/miradordeatarfe.es\/wp-content\/uploads\/2015\/04\/IMG-20150423-WA0010.jpg?ssl=1\"><img data-recalc-dims=\"1\" loading=\"lazy\" decoding=\"async\" class=\"alignnone  wp-image-1434\" src=\"https:\/\/i0.wp.com\/miradordeatarfe.es\/wp-content\/uploads\/2015\/04\/IMG-20150423-WA0010.jpg?resize=481%2C271&#038;ssl=1\" alt=\"IMG-20150423-WA0010\" width=\"481\" height=\"271\" srcset=\"https:\/\/i0.wp.com\/miradordeatarfe.es\/wp-content\/uploads\/2015\/04\/IMG-20150423-WA0010.jpg?w=1280&amp;ssl=1 1280w, https:\/\/i0.wp.com\/miradordeatarfe.es\/wp-content\/uploads\/2015\/04\/IMG-20150423-WA0010.jpg?resize=300%2C169&amp;ssl=1 300w, https:\/\/i0.wp.com\/miradordeatarfe.es\/wp-content\/uploads\/2015\/04\/IMG-20150423-WA0010.jpg?resize=1024%2C576&amp;ssl=1 1024w, https:\/\/i0.wp.com\/miradordeatarfe.es\/wp-content\/uploads\/2015\/04\/IMG-20150423-WA0010.jpg?resize=600%2C338&amp;ssl=1 600w\" sizes=\"auto, (max-width: 481px) 100vw, 481px\" \/><\/a><\/p>\n<p>Llego el gran d\u00eda, el 23 de Abril, donde los mayores apadrinaron a los peque\u00f1itos haci\u00e9ndose responsables de llevarlos a las lecturas elegidas por ellos y posteriormente recogerlos al finalizar el acto.<\/p>\n<p>A toque de sirena, se hizo el silencio y comenzaron las lecturas en el que cada lector di\u00f3 su toque personal.<\/p>\n<p>Durante el d\u00eda 24 tuvimos la visita de la escritora de cuentos infantiles, Carmen Gonz\u00e1lez Trujillo, en la que nuestros alumnos\/as agrupados por ciclos pudieron disfrutar de escuchar a la autora de los cuentos y poder preguntarles todas las cosas que desearon.<\/p>\n<p>Han sido unos d\u00edas estupendos que unidos a los mi\u00e9rcoles lectores que venimos realizando a lo largo del curso en la biblioteca en horario del recreo, hacen que nuestro centro apueste por la lectura y por el placer de los libros, con las historias que encierran<\/p>\n<p>&nbsp;<\/p>\n<p><a href=\"https:\/\/i0.wp.com\/miradordeatarfe.es\/wp-content\/uploads\/2015\/04\/anigif.gif?ssl=1\"><img data-recalc-dims=\"1\" loading=\"lazy\" decoding=\"async\" class=\"alignnone  wp-image-1432\" src=\"https:\/\/i0.wp.com\/miradordeatarfe.es\/wp-content\/uploads\/2015\/04\/anigif.gif?resize=541%2C338&#038;ssl=1\" alt=\"anigif\" width=\"541\" height=\"338\" \/><\/a><\/p>\n","protected":false},"excerpt":{"rendered":"<p>El CEIP Medina Elvira de Atarfe a trav\u00e9s de su plan de fomento de la&#8230;<\/p>\n","protected":false},"author":1,"featured_media":1433,"comment_status":"closed","ping_status":"closed","sticky":false,"template":"","format":"standard","meta":{"_coblocks_attr":"","_coblocks_dimensions":"","_coblocks_responsive_height":"","_coblocks_accordion_ie_support":"","jetpack_post_was_ever_published":false,"_jetpack_newsletter_access":"","_jetpack_dont_email_post_to_subs":false,"_jetpack_newsletter_tier_id":0,"_jetpack_memberships_contains_paywalled_content":false,"_jetpack_memberships_contains_paid_content":false,"footnotes":"","jetpack_publicize_message":"","jetpack_publicize_feature_enabled":true,"jetpack_social_post_already_shared":false,"jetpack_social_options":{"image_generator_settings":{"template":"highway","default_image_id":0,"enabled":false},"version":2}},"categories":[2,15],"tags":[523,491],"class_list":["post-1431","post","type-post","status-publish","format-standard","has-post-thumbnail","hentry","category-atarfe","category-ultimas-noticias","tag-dia-del-libro","tag-lectura"],"jetpack_publicize_connections":[],"jetpack_featured_media_url":"https:\/\/i0.wp.com\/miradordeatarfe.es\/wp-content\/uploads\/2015\/04\/IMG-20150423-WA0011.jpg?fit=1280%2C720&ssl=1","jetpack_likes_enabled":true,"jetpack_sharing_enabled":true,"_links":{"self":[{"href":"https:\/\/miradordeatarfe.es\/index.php?rest_route=\/wp\/v2\/posts\/1431","targetHints":{"allow":["GET"]}}],"collection":[{"href":"https:\/\/miradordeatarfe.es\/index.php?rest_route=\/wp\/v2\/posts"}],"about":[{"href":"https:\/\/miradordeatarfe.es\/index.php?rest_route=\/wp\/v2\/types\/post"}],"author":[{"embeddable":true,"href":"https:\/\/miradordeatarfe.es\/index.php?rest_route=\/wp\/v2\/users\/1"}],"replies":[{"embeddable":true,"href":"https:\/\/miradordeatarfe.es\/index.php?rest_route=%2Fwp%2Fv2%2Fcomments&post=1431"}],"version-history":[{"count":1,"href":"https:\/\/miradordeatarfe.es\/index.php?rest_route=\/wp\/v2\/posts\/1431\/revisions"}],"predecessor-version":[{"id":1435,"href":"https:\/\/miradordeatarfe.es\/index.php?rest_route=\/wp\/v2\/posts\/1431\/revisions\/1435"}],"wp:featuredmedia":[{"embeddable":true,"href":"https:\/\/miradordeatarfe.es\/index.php?rest_route=\/wp\/v2\/media\/1433"}],"wp:attachment":[{"href":"https:\/\/miradordeatarfe.es\/index.php?rest_route=%2Fwp%2Fv2%2Fmedia&parent=1431"}],"wp:term":[{"taxonomy":"category","embeddable":true,"href":"https:\/\/miradordeatarfe.es\/index.php?rest_route=%2Fwp%2Fv2%2Fcategories&post=1431"},{"taxonomy":"post_tag","embeddable":true,"href":"https:\/\/miradordeatarfe.es\/index.php?rest_route=%2Fwp%2Fv2%2Ftags&post=1431"}],"curies":[{"name":"wp","href":"https:\/\/api.w.org\/{rel}","templated":true}]}}