{"id":14320,"date":"2017-02-15T11:20:41","date_gmt":"2017-02-15T10:20:41","guid":{"rendered":"http:\/\/miradordeatarfe.es\/?p=14320"},"modified":"2020-06-26T12:40:11","modified_gmt":"2020-06-26T10:40:11","slug":"manuel-jimenez-lopez-de-atarfe-reedita-su-titulo-de-campeon-andaluz-de-cross","status":"publish","type":"post","link":"https:\/\/miradordeatarfe.es\/?p=14320","title":{"rendered":"MANUEL JIM\u00c9NEZ L\u00d3PEZ de ATARFE REEDITA SU T\u00cdTULO DE CAMPE\u00d3N ANDALUZ DE CROSS por Manuel Jim\u00e9nez"},"content":{"rendered":"<p>La localidad jienense de La Carolina acogi\u00f3 la disputa de una nueva edici\u00f3n del campeonato de Andaluc\u00eda de Cross en la que el atleta atarfe\u00f1o Manuel Jim\u00e9nez L\u00f3pez volvi\u00f3 a conquistar el t\u00edtulo de campe\u00f3n andaluz de Cross en categor\u00eda cadete como ya hiciera el pasado a\u00f1o en Roquetas de Mar.<\/p>\n<p><!--more--><\/p>\n<p>Con este t\u00edtulo acumula ya cuatro campeonatos en tres categor\u00edas de edad diferentes, junto a un subcampeonato y un tercer puesto en seis participaciones.<\/p>\n<p align=\"JUSTIFY\">La carrera se disput\u00f3 en un circuito habilitado junto a la autov\u00eda de Andaluc\u00eda que presentaba un terreno superembarrado por las lluvias registradas durante todo el fin de semana lo que unido a una subida de algo m\u00e1s de cien metros por vuelta lo hac\u00edan muy exigente. La carrera de Manuel se disput\u00f3 sobre 4.500 metros, tres vueltas, decidi\u00e9ndose la prueba a falta de 600 metros cuando un fuerte cambio de ritmo consigui\u00f3 despegarlo del grupo cabecero integrado por otros tres atletas. Con este puesto se gana adem\u00e1s el billete para los Campeonatos de Espa\u00f1a por Clubs a disputar en Oropesa del Mar el pr\u00f3ximo d\u00eda 26 de febrero y el de Federaciones que tendr\u00e1 lugar en Don Benito a finales de marzo.<\/p>\n<p align=\"JUSTIFY\">Hasta La Carolina se desplazaron otros 12 atletas del Club Atletismo Atarfe destacando la 11\u00aa posici\u00f3n de la alev\u00edn Mar\u00eda P\u00e9rez y el 17\u00ba puesto del alev\u00edn \u00c1lvaro Rodr\u00edguez Carrascosa.<\/p>\n<p align=\"JUSTIFY\">Por su parte la atarfe\u00f1a Elena Ferri Jord\u00e1n en las filas del Club Atletismo Maracena se hizo con el primer puesto en su categor\u00eda de veteranas engordando un nutrido palmar\u00e9s con distintos t\u00edtulos de campeona de Andaluc\u00eda en varias disciplinas.<\/p>\n","protected":false},"excerpt":{"rendered":"<p>La localidad jienense de La Carolina acogi\u00f3 la disputa de una nueva edici\u00f3n del campeonato&#8230;<\/p>\n","protected":false},"author":1,"featured_media":14321,"comment_status":"closed","ping_status":"closed","sticky":false,"template":"","format":"standard","meta":{"_coblocks_attr":"","_coblocks_dimensions":"","_coblocks_responsive_height":"","_coblocks_accordion_ie_support":"","jetpack_post_was_ever_published":false,"_jetpack_newsletter_access":"","_jetpack_dont_email_post_to_subs":false,"_jetpack_newsletter_tier_id":0,"_jetpack_memberships_contains_paywalled_content":false,"_jetpack_memberships_contains_paid_content":false,"footnotes":"","jetpack_publicize_message":"","jetpack_publicize_feature_enabled":true,"jetpack_social_post_already_shared":false,"jetpack_social_options":{"image_generator_settings":{"template":"highway","default_image_id":0,"enabled":false},"version":2}},"categories":[2,182,6915,44,15],"tags":[1032,3541,123],"class_list":["post-14320","post","type-post","status-publish","format-standard","has-post-thumbnail","hentry","category-atarfe","category-deportes","category-opinion-de-manuel-jimenez","category-noticias-de-hoy","category-ultimas-noticias","tag-carreras","tag-cross","tag-deportes"],"jetpack_publicize_connections":[],"jetpack_featured_media_url":"https:\/\/i0.wp.com\/miradordeatarfe.es\/wp-content\/uploads\/2017\/02\/La-Carolina-2017.jpg?fit=1047%2C631&ssl=1","jetpack_likes_enabled":true,"jetpack_sharing_enabled":true,"_links":{"self":[{"href":"https:\/\/miradordeatarfe.es\/index.php?rest_route=\/wp\/v2\/posts\/14320","targetHints":{"allow":["GET"]}}],"collection":[{"href":"https:\/\/miradordeatarfe.es\/index.php?rest_route=\/wp\/v2\/posts"}],"about":[{"href":"https:\/\/miradordeatarfe.es\/index.php?rest_route=\/wp\/v2\/types\/post"}],"author":[{"embeddable":true,"href":"https:\/\/miradordeatarfe.es\/index.php?rest_route=\/wp\/v2\/users\/1"}],"replies":[{"embeddable":true,"href":"https:\/\/miradordeatarfe.es\/index.php?rest_route=%2Fwp%2Fv2%2Fcomments&post=14320"}],"version-history":[{"count":2,"href":"https:\/\/miradordeatarfe.es\/index.php?rest_route=\/wp\/v2\/posts\/14320\/revisions"}],"predecessor-version":[{"id":40766,"href":"https:\/\/miradordeatarfe.es\/index.php?rest_route=\/wp\/v2\/posts\/14320\/revisions\/40766"}],"wp:featuredmedia":[{"embeddable":true,"href":"https:\/\/miradordeatarfe.es\/index.php?rest_route=\/wp\/v2\/media\/14321"}],"wp:attachment":[{"href":"https:\/\/miradordeatarfe.es\/index.php?rest_route=%2Fwp%2Fv2%2Fmedia&parent=14320"}],"wp:term":[{"taxonomy":"category","embeddable":true,"href":"https:\/\/miradordeatarfe.es\/index.php?rest_route=%2Fwp%2Fv2%2Fcategories&post=14320"},{"taxonomy":"post_tag","embeddable":true,"href":"https:\/\/miradordeatarfe.es\/index.php?rest_route=%2Fwp%2Fv2%2Ftags&post=14320"}],"curies":[{"name":"wp","href":"https:\/\/api.w.org\/{rel}","templated":true}]}}