{"id":14339,"date":"2017-02-16T07:18:06","date_gmt":"2017-02-16T06:18:06","guid":{"rendered":"http:\/\/miradordeatarfe.es\/?p=14339"},"modified":"2017-02-15T11:21:09","modified_gmt":"2017-02-15T10:21:09","slug":"20-millones-de-musulmanes-marchan-contra-isis-en-irak-y-los-medios-occidentales-lo-ignoran-por-completo","status":"publish","type":"post","link":"https:\/\/miradordeatarfe.es\/?p=14339","title":{"rendered":"20 millones de musulmanes marchan contra ISIS en Irak y los medios occidentales lo ignoran por completo"},"content":{"rendered":"<div class=\"article\">\n<div class=\"article-body\">\n<p style=\"text-align: justify;\"><strong>En una de las marchas organizadas m\u00e1s grandes de la historia del mundo, decenas de millones de musulmanes chi\u00edtas hicieron una declaraci\u00f3n incre\u00edblemente alentadora, arriesgando sus vidas para viajar a trav\u00e9s de las zonas afectadas por la guerra para desafiar abiertamente a ISIS (Estado Isl\u00e1mico). Este evento masivo que sin duda habr\u00eda ayudado a aliviar las tensiones en Occidente fue casi totalmente ignorado por sus medios corporativos.<\/strong><\/p>\n<div class=\"article-image-large to-center\" style=\"text-align: justify;\"><\/div>\n<p style=\"text-align: justify;\"><!--more--><br \/>\nMujeres, hombres, ancianos y ni\u00f1os se dirigieron a la ciudad de Karbala el domingo y el lunes de la semana pasada para el d\u00eda santo de Arbaeen. Arbaeen es el evento que marca el final del per\u00edodo de duelo de 40 d\u00edas despu\u00e9s de Ashura, el ritual religioso que conmemora la muerte del nieto del Profeta Mohammad Imam Hussein en 680 a.C.<\/p>\n<p style=\"text-align: justify;\">Como informa el <a title=\"http:\/\/www.independent.co.uk\/news\/world\/middle-east\/20-million-muslims-march-against-isis-arbaeen-pilgrimage-iraq-karbala-a7436561.html\" href=\"http:\/\/www.independent.co.uk\/news\/world\/middle-east\/20-million-muslims-march-against-isis-arbaeen-pilgrimage-iraq-karbala-a7436561.html\" target=\"_blank\"><em>Independent<\/em><\/a>, las masivas multitudes rindieron homenaje a los santuarios del Imam Hussein y su medio hermano Abbas en Karbala, donde fueron asesinados en una revuelta contra el gobernante omeya Yazeed en el siglo 7 d.C. cuando se negaron a prometer lealtad al califato de Umayyad de Yazeed.<\/p>\n<p style=\"text-align: justify;\">Los valientes hombres, mujeres y ni\u00f1os marcharon, sabiendo que un atacante suicida de ISIS acababa de golpear cerca de Karbala la semana anterior.<\/p>\n<p style=\"text-align: justify;\">En los \u00faltimos a\u00f1os, esta marcha ha tomado un doble prop\u00f3sito. Donde fue una vez una marcha para Arbaeen, ahora tambi\u00e9n abarca la resistencia chi\u00edta y la protesta contra los terroristas de ISIS.<\/p>\n<div class=\"article-image-large to-center\" style=\"text-align: justify;\"><a href=\"https:\/\/i0.wp.com\/es.sott.net\/image\/s18\/360402\/full\/14169199874.jpg?ssl=1\" target=\"_blank\" rel=\"ibox&amp;ignore_target=true\"><img data-recalc-dims=\"1\" decoding=\"async\" title=\"Clic para aumentar\" src=\"https:\/\/i0.wp.com\/es.sott.net\/image\/s18\/360402\/large\/14169199874.jpg?w=640&#038;ssl=1\" alt=\"\" border=\"0\" \/><\/a><\/div>\n<p style=\"text-align: justify;\">Puede leer la noticia original completa <a title=\"\/\/www.sott.net\/article\/335095-20-million-Muslims-march-against-ISIS-in-Iraq-mainstream-media-completely-ignores-it\" href=\"https:\/\/www.sott.net\/article\/335095-20-million-Muslims-march-against-ISIS-in-Iraq-mainstream-media-completely-ignores-it\" target=\"_blank\">aqu\u00ed<\/a> (en ingl\u00e9s)<\/p>\n<\/div>\n<div class=\"article-comment\" style=\"text-align: justify;\"><strong>Comentario: <\/strong>Seg\u00fan algunas estimaciones, el Estado Isl\u00e1mico se compone de unos 100.000 &#8211; un n\u00famero estad\u00edsticamente insignificante de los llamados musulmanes en comparaci\u00f3n con los cientos de millones de personas que no son fundamentalistas del tipo yihadista. Y as\u00ed, al crear el Estado Isl\u00e1mico, tenemos al gobierno de Estados Unidos y otros gobiernos de Occidente &#8211; as\u00ed como a sus prostituidos medios de comunicaci\u00f3n &#8211; metiendo a millones de individuos en el mismo saco, con la clara intenci\u00f3n de asociar a cualquier musulm\u00e1n con terrorista. Por eso, manifestaciones como \u00e9sta donde se ve claramente el rechazo de los musulmanes al terrorismo, son silenciadas en Occidente, no vaya a ser que les estropee el &#8216;negocio&#8217;.<\/div>\n<div class=\"article-footer\" style=\"text-align: justify;\"><\/div>\n<\/div>\n<div id=\"short-link-cont\">\n<div class=\"usrb-shortlnk\"><\/div>\n<p><input id=\"short-link-input\" readonly=\"readonly\" type=\"text\" value=\"https:\/\/sott.net\/es49656\" \/><\/p>\n<\/div>\n","protected":false},"excerpt":{"rendered":"<p>En una de las marchas organizadas m\u00e1s grandes de la historia del mundo, decenas de&#8230;<\/p>\n","protected":false},"author":1,"featured_media":14340,"comment_status":"closed","ping_status":"closed","sticky":false,"template":"","format":"standard","meta":{"_coblocks_attr":"","_coblocks_dimensions":"","_coblocks_responsive_height":"","_coblocks_accordion_ie_support":"","jetpack_post_was_ever_published":false,"_jetpack_newsletter_access":"","_jetpack_dont_email_post_to_subs":false,"_jetpack_newsletter_tier_id":0,"_jetpack_memberships_contains_paywalled_content":false,"_jetpack_memberships_contains_paid_content":false,"footnotes":"","jetpack_publicize_message":"","jetpack_publicize_feature_enabled":true,"jetpack_social_post_already_shared":false,"jetpack_social_options":{"image_generator_settings":{"template":"highway","default_image_id":0,"enabled":false},"version":2}},"categories":[1],"tags":[1663,1614,77],"class_list":["post-14339","post","type-post","status-publish","format-standard","has-post-thumbnail","hentry","category-uncategorized","tag-isis","tag-musulmanes","tag-violencia"],"jetpack_publicize_connections":[],"jetpack_featured_media_url":"https:\/\/i0.wp.com\/miradordeatarfe.es\/wp-content\/uploads\/2017\/02\/arbaeen.jpg?fit=520%2C283&ssl=1","jetpack_likes_enabled":true,"jetpack_sharing_enabled":true,"_links":{"self":[{"href":"https:\/\/miradordeatarfe.es\/index.php?rest_route=\/wp\/v2\/posts\/14339","targetHints":{"allow":["GET"]}}],"collection":[{"href":"https:\/\/miradordeatarfe.es\/index.php?rest_route=\/wp\/v2\/posts"}],"about":[{"href":"https:\/\/miradordeatarfe.es\/index.php?rest_route=\/wp\/v2\/types\/post"}],"author":[{"embeddable":true,"href":"https:\/\/miradordeatarfe.es\/index.php?rest_route=\/wp\/v2\/users\/1"}],"replies":[{"embeddable":true,"href":"https:\/\/miradordeatarfe.es\/index.php?rest_route=%2Fwp%2Fv2%2Fcomments&post=14339"}],"version-history":[{"count":1,"href":"https:\/\/miradordeatarfe.es\/index.php?rest_route=\/wp\/v2\/posts\/14339\/revisions"}],"predecessor-version":[{"id":14341,"href":"https:\/\/miradordeatarfe.es\/index.php?rest_route=\/wp\/v2\/posts\/14339\/revisions\/14341"}],"wp:featuredmedia":[{"embeddable":true,"href":"https:\/\/miradordeatarfe.es\/index.php?rest_route=\/wp\/v2\/media\/14340"}],"wp:attachment":[{"href":"https:\/\/miradordeatarfe.es\/index.php?rest_route=%2Fwp%2Fv2%2Fmedia&parent=14339"}],"wp:term":[{"taxonomy":"category","embeddable":true,"href":"https:\/\/miradordeatarfe.es\/index.php?rest_route=%2Fwp%2Fv2%2Fcategories&post=14339"},{"taxonomy":"post_tag","embeddable":true,"href":"https:\/\/miradordeatarfe.es\/index.php?rest_route=%2Fwp%2Fv2%2Ftags&post=14339"}],"curies":[{"name":"wp","href":"https:\/\/api.w.org\/{rel}","templated":true}]}}