{"id":14345,"date":"2017-02-18T07:27:39","date_gmt":"2017-02-18T06:27:39","guid":{"rendered":"http:\/\/miradordeatarfe.es\/?p=14345"},"modified":"2017-02-17T17:46:32","modified_gmt":"2017-02-17T16:46:32","slug":"subjetividades-la-filosofia-es-imprescindible-para-la-sociedad-y-para-los-estudiantes-universitarios","status":"publish","type":"post","link":"https:\/\/miradordeatarfe.es\/?p=14345","title":{"rendered":"Subjetividades: \u201cLa filosof\u00eda es imprescindible para la sociedad y para los estudiantes universitarios\u201d"},"content":{"rendered":"<p style=\"text-align: justify;\">La <strong>universidad<\/strong> sirve para muchas cosas, no solo para estudiar. Es una comunidad perfecta para crear proyectos de futuro, convivir con otras personas, compartir gustos y aficiones, y claro, tambi\u00e9n es un buen lugar para formar una hermandad o una <strong>asociaci\u00f3n<\/strong>.<!--more--><\/p>\n<p style=\"text-align: justify;\">\n<p style=\"text-align: justify;\">En la <a href=\"http:\/\/www.aulamagna.com.es\/category\/andalucia\/granada\/\">Universidad de Granada<\/a> se dan cita numerosas asociaciones de tem\u00e1ticas muy diversas, desde apasionados del cine hasta amantes de los debates pol\u00edticos, todo tiene cabida. Precisamente as\u00ed surgi\u00f3<strong> \u2018Subjetividades\u2019<\/strong>, un colectivo granadino que naci\u00f3 en la <strong>Facultad de Filosof\u00eda y Letras<\/strong> de la UGR y que trata de llevar su pasi\u00f3n, la <strong>filosof\u00eda<\/strong>, <em>\u201cm\u00e1s all\u00e1 de la universidad\u201d<\/em>, tal y como ellos mismos explicaban.<\/p>\n<p style=\"text-align: justify;\">De su trayectoria, sus m\u00e9todos de trabajo, el papel que supone el asociacionismo universitario y de las ayudas que reciben o no por parte de las instituciones hemos hablado con ellos en una entrevista que ha servido para conocerles y ante todo, para darles voz.<\/p>\n<p style=\"text-align: justify;\"><strong>Sois un colectivo, amantes de la filosof\u00eda, pero, \u00bfqu\u00e9 es \u2018Subjetividades\u2019?<\/strong><\/p>\n<p style=\"text-align: justify;\"><em>\u2018Subjetividades\u2019 surge como un colectivo que intenta resistir ante la devaluaci\u00f3n de la filosof\u00eda en la sociedad. Consideramos la filosof\u00eda aquella actividad que nos impide caer en el en el dogmatismo. Nos llamamos \u2018Subjetividades\u2019 porque partimos de una concepci\u00f3n de la subjetividad que nos reconoce como \u201csujetados\u201d. Es decir, nos constituimos por unas normas hist\u00f3ricas, exteriores a nosotros y que nos determinan. En definitiva, \u2018Subjetividades\u2019 es un espacio donde preguntarnos por qu\u00e9 pensamos y c\u00f3mo pensamos.<\/em><\/p>\n<p style=\"text-align: justify;\"><strong><a href=\"https:\/\/i0.wp.com\/www.aulamagna.com.es\/wp-content\/uploads\/2017\/02\/subjetividades3.jpg\" data-slb-active=\"1\" data-slb-asset=\"411093700\" data-slb-internal=\"0\" data-slb-group=\"46591\"><img data-recalc-dims=\"1\" loading=\"lazy\" decoding=\"async\" class=\"size-medium wp-image-46600 aligncenter\" src=\"https:\/\/i0.wp.com\/www.aulamagna.com.es\/wp-content\/uploads\/2017\/02\/subjetividades3-300x196.jpg?resize=300%2C196\" sizes=\"auto, (max-width: 300px) 100vw, 300px\" srcset=\"http:\/\/www.aulamagna.com.es\/wp-content\/uploads\/2017\/02\/subjetividades3-300x196.jpg 300w, http:\/\/www.aulamagna.com.es\/wp-content\/uploads\/2017\/02\/subjetividades3-768x501.jpg 768w, http:\/\/www.aulamagna.com.es\/wp-content\/uploads\/2017\/02\/subjetividades3.jpg 818w\" alt=\"SubjetividadesLogo\" width=\"300\" height=\"196\" \/><\/a><\/strong><\/p>\n<p style=\"text-align: justify;\"><strong>\u00bfCu\u00e1ndo y por qu\u00e9 surgi\u00f3?<\/strong><\/p>\n<p style=\"text-align: justify;\"><em>Cuando empezamos la carrera echamos en falta espacios donde poder continuar haciendo filosof\u00eda m\u00e1s all\u00e1 de la universidad. Sent\u00edamos que la filosof\u00eda estaba \u201cencerrada\u201d en las aulas porque era necesario estar all\u00ed para poder encontrarse con ella. Subjetividades surgi\u00f3 en septiembre del pasado a\u00f1o, no con la intenci\u00f3n de sustituir la labor acad\u00e9mica, sino con la de contribuir a ella. Llevar la filosof\u00eda m\u00e1s all\u00e1 de la facultad creemos que pod\u00eda tener un impacto positivo tambi\u00e9n en el \u00e1mbito acad\u00e9mico. \u00a0<\/em><\/p>\n<p style=\"text-align: justify;\"><strong>\u00bfQui\u00e9nes conforman \u2018subjetividades\u2019?<\/strong><\/p>\n<p style=\"text-align: justify;\"><em>Subjetividades est\u00e1 conformada por un grupo de estudiantes, en su \u00a0mayor\u00eda de filosof\u00eda pero tambi\u00e9n de otras titulaciones de la Universidad de Granada. Y por supuesto, por las personas que participan en nuestras actividades y que nos ayudan con su inter\u00e9s y sus aportaciones.<\/em><\/p>\n<p style=\"text-align: justify;\"><strong>\u00bfCu\u00e1l es vuestro objetivo o qu\u00e9 fin os une?<\/strong><\/p>\n<p style=\"text-align: justify;\"><em>Nuestro objetivo es luchar contra la devaluaci\u00f3n de la filosof\u00eda, tanto en el plano de la educaci\u00f3n como en el de la sociedad en general. Por esta raz\u00f3n, pens\u00e1bamos que era necesario crear una estructura desde la que reivindicar su importancia y un espacio donde pensar en com\u00fan a trav\u00e9s de ciertas actividades.<\/em><\/p>\n<p style=\"text-align: justify;\"><strong>\u00bfA qu\u00e9 p\u00fablico os dirig\u00eds?<\/strong><\/p>\n<p style=\"text-align: justify;\"><em>Nos dirigimos a toda la sociedad. Cualquier persona, independientemente de su formaci\u00f3n, est\u00e1 invitada a participar en nuestras actividades y a sumarse a nuestra asociaci\u00f3n compartiendo nuestro fines. No es necesario ser un profesional de la filosof\u00eda para compartir la convicci\u00f3n de que es imprescindible para la sociedad, ni para acercarse a ella. Por tanto, como luchamos por una mayor presencia de la filosof\u00eda, esperamos que nuestro p\u00fablico sea cada vez m\u00e1s numeroso.<\/em><\/p>\n<p style=\"text-align: justify;\"><strong>\u00bfCu\u00e1l es vuestra sede?<\/strong><\/p>\n<p style=\"text-align: justify;\"><em>Como nos hemos constituido recientemente todav\u00eda no tenemos sede. Nuestras actividades las realizamos en espacios culturales de Granada y en la Facultad de Psicolog\u00eda, ya que es all\u00ed donde se imparte nuestra titulaci\u00f3n. No obstante, siempre que anunciamos una actividad indicamos d\u00f3nde se va a realizar, ya que el lugar puede variar.<\/em><\/p>\n<p style=\"text-align: justify;\"><strong>\u00bfC\u00f3mo trabaj\u00e1is?<\/strong><\/p>\n<p style=\"text-align: justify;\"><em>Trabajamos de forma colaborativa entre todas las personas que forman parte de la organizaci\u00f3n. Las responsabilidades son compartidas y todas las propuestas son discutidas. Nos reunimos semanalmente para dise\u00f1ar las actividades y repartir el trabajo.<\/em><\/p>\n<p style=\"text-align: justify;\"><strong><a href=\"https:\/\/i0.wp.com\/www.aulamagna.com.es\/wp-content\/uploads\/2017\/02\/subjetividades1.jpg\" data-slb-active=\"1\" data-slb-asset=\"466593248\" data-slb-internal=\"0\" data-slb-group=\"46591\"><img data-recalc-dims=\"1\" loading=\"lazy\" decoding=\"async\" class=\"size-medium wp-image-46601 aligncenter\" src=\"https:\/\/i0.wp.com\/www.aulamagna.com.es\/wp-content\/uploads\/2017\/02\/subjetividades1-300x198.jpg?resize=300%2C198\" sizes=\"auto, (max-width: 300px) 100vw, 300px\" srcset=\"http:\/\/www.aulamagna.com.es\/wp-content\/uploads\/2017\/02\/subjetividades1-300x198.jpg 300w, http:\/\/www.aulamagna.com.es\/wp-content\/uploads\/2017\/02\/subjetividades1-768x508.jpg 768w, http:\/\/www.aulamagna.com.es\/wp-content\/uploads\/2017\/02\/subjetividades1.jpg 808w\" alt=\"SubjetividadesCine\" width=\"300\" height=\"198\" \/><\/a><\/strong><\/p>\n<p style=\"text-align: justify;\"><strong>\u00bfQu\u00e9 iniciativas hab\u00e9is puesto en marcha?<\/strong><\/p>\n<p style=\"text-align: justify;\"><em>Hasta ahora hemos realizado iniciativas de dos tipos. Creemos que la filosof\u00eda es una actividad que nos impide caer en el estancamiento, para lo que es esencial discutir. Para ello organizamos debates filos\u00f3ficos con el nombre de \u2018Acto Filos\u00f3fico\u2019. All\u00ed lo que hacemos es pensar en com\u00fan en torno a un tema que se anuncia con anterioridad. \u00bfC\u00f3mo? Debatiendo sobre este tema intentando ir m\u00e1s all\u00e1 de las meras opiniones individuales y abord\u00e1ndolo desde posiciones filos\u00f3ficas concretas que nos ayuden a pensar. Por ejemplo, uno de nuestros Actos filos\u00f3ficos se dedic\u00f3 al tema de la locura y hablamos de psicoan\u00e1lisis, antipsiquiatr\u00eda, arte bruto, etc. Y en ellos siempre est\u00e1n presentes los libros y las citas que escogemos.<\/em><\/p>\n<p style=\"text-align: justify;\"><em>Tambi\u00e9n hemos organizado cinef\u00f3rums y ahora vamos a poner en marcha un seminario sobre \u2018Filosof\u00eda y g\u00e9nero\u2019, donde en varias sesiones estudiaremos algunas de las posturas filos\u00f3ficas acerca de esta problem\u00e1tica.<\/em><\/p>\n<p style=\"text-align: justify;\"><strong>\u00bfCu\u00e1les son vuestros planes de futuro?<\/strong><\/p>\n<p style=\"text-align: justify;\"><em>Nos gustar\u00eda hacer actividades en los institutos para acercar la filosof\u00eda a los m\u00e1s j\u00f3venes. Tambi\u00e9n nos gustar\u00eda crear una revista y una p\u00e1gina web donde hacer nuestras publicaciones. Entre nuestros planes tambi\u00e9n est\u00e1 poder colaborar activamente con otros colectivos. \u00a0<\/em><\/p>\n<p style=\"text-align: justify;\"><strong>\u00bfPor qu\u00e9 es importante \u2018Subjetividades\u2019 para \u00a0los universitarios?<\/strong><\/p>\n<p style=\"text-align: justify;\"><em>Porque creemos que en la \u00e9poca actual es de vital importancia no solamente llegar a ser un buen profesional y un experto en tu disciplina. La filosof\u00eda, como la actividad que te ayuda a ser cr\u00edtico, es importante para todos los estudiantes universitarios.<\/em><\/p>\n<h3 style=\"text-align: justify;\"><strong>No se fomenta el asociacionismo<\/strong><\/h3>\n<p style=\"text-align: justify;\"><strong><a href=\"https:\/\/i0.wp.com\/www.aulamagna.com.es\/wp-content\/uploads\/2017\/02\/subjetividades2.jpg\" data-slb-active=\"1\" data-slb-asset=\"1470601069\" data-slb-internal=\"0\" data-slb-group=\"46591\"><img data-recalc-dims=\"1\" loading=\"lazy\" decoding=\"async\" class=\"size-medium wp-image-46602 alignleft\" src=\"https:\/\/i0.wp.com\/www.aulamagna.com.es\/wp-content\/uploads\/2017\/02\/subjetividades2-300x198.jpg?resize=300%2C198\" sizes=\"auto, (max-width: 300px) 100vw, 300px\" srcset=\"http:\/\/www.aulamagna.com.es\/wp-content\/uploads\/2017\/02\/subjetividades2-300x198.jpg 300w, http:\/\/www.aulamagna.com.es\/wp-content\/uploads\/2017\/02\/subjetividades2-768x506.jpg 768w, http:\/\/www.aulamagna.com.es\/wp-content\/uploads\/2017\/02\/subjetividades2.jpg 812w\" alt=\"Subjetividades2 encuentro\" width=\"300\" height=\"198\" \/><\/a>\u00bfQu\u00e9 valoraci\u00f3n hac\u00e9is de las asociaciones estudiantiles en la universidad?<\/strong><\/p>\n<p style=\"text-align: justify;\"><em>Desgraciadamente, no encontramos tanto asociacionismo como nos gustar\u00eda. Creemos que la presencia de los colectivos en la universidad es de vital importancia para las personas que la conforman. As\u00ed que desde \u2018Subjetividades\u2019 animamos a todos aquellos que se encuentren unidos por una causa, a que no duden en asociarse y compartir con los dem\u00e1s sus preocupaciones. Ya que creemos que solo se puede hacer algo en comunidad y no de forma aislada.<\/em><\/p>\n<p style=\"text-align: justify;\"><strong>\u00bfCre\u00e9is que se fomenta el asociacionismo desde la universidad?<\/strong><\/p>\n<p style=\"text-align: justify;\"><em>Desde lo que ata\u00f1e a nuestra experiencia, tenemos que decir que en absoluto. Pero en nuestro caso, a pesar de habernos constituido al margen de los procedimientos establecidos por la universidad, hemos recibido el apoyo y la colaboraci\u00f3n de profesores. Algo que agradecemos profundamente.<\/em><\/p>\n<p style=\"text-align: justify;\">Si te interesa formar parte de este colectivo o acudir a sus actividades no dudes en unirte a ellos envi\u00e1ndoles un correo a subjetividades.filosofia@gmail.com o mirando su p\u00e1gina de <a href=\"http:\/\/www.facebook.com\/subjetividadesfilosofia\">Facebook<\/a>.<\/p>\n<p>http:\/\/www.aulamagna.com.es\/entrevista-subjetividades-filosofia\/<\/p>\n","protected":false},"excerpt":{"rendered":"<p>La universidad sirve para muchas cosas, no solo para estudiar. Es una comunidad perfecta para&#8230;<\/p>\n","protected":false},"author":1,"featured_media":14346,"comment_status":"closed","ping_status":"closed","sticky":false,"template":"","format":"standard","meta":{"_coblocks_attr":"","_coblocks_dimensions":"","_coblocks_responsive_height":"","_coblocks_accordion_ie_support":"","jetpack_post_was_ever_published":false,"_jetpack_newsletter_access":"","_jetpack_dont_email_post_to_subs":false,"_jetpack_newsletter_tier_id":0,"_jetpack_memberships_contains_paywalled_content":false,"_jetpack_memberships_contains_paid_content":false,"footnotes":"","jetpack_publicize_message":"","jetpack_publicize_feature_enabled":true,"jetpack_social_post_already_shared":false,"jetpack_social_options":{"image_generator_settings":{"template":"highway","default_image_id":0,"enabled":false},"version":2}},"categories":[1],"tags":[1497,129,20],"class_list":["post-14345","post","type-post","status-publish","format-standard","has-post-thumbnail","hentry","category-uncategorized","tag-filosofia","tag-granada","tag-universidad"],"jetpack_publicize_connections":[],"jetpack_featured_media_url":"https:\/\/i0.wp.com\/miradordeatarfe.es\/wp-content\/uploads\/2017\/02\/subjetividades-808x454.jpg?fit=808%2C454&ssl=1","jetpack_likes_enabled":true,"jetpack_sharing_enabled":true,"_links":{"self":[{"href":"https:\/\/miradordeatarfe.es\/index.php?rest_route=\/wp\/v2\/posts\/14345","targetHints":{"allow":["GET"]}}],"collection":[{"href":"https:\/\/miradordeatarfe.es\/index.php?rest_route=\/wp\/v2\/posts"}],"about":[{"href":"https:\/\/miradordeatarfe.es\/index.php?rest_route=\/wp\/v2\/types\/post"}],"author":[{"embeddable":true,"href":"https:\/\/miradordeatarfe.es\/index.php?rest_route=\/wp\/v2\/users\/1"}],"replies":[{"embeddable":true,"href":"https:\/\/miradordeatarfe.es\/index.php?rest_route=%2Fwp%2Fv2%2Fcomments&post=14345"}],"version-history":[{"count":1,"href":"https:\/\/miradordeatarfe.es\/index.php?rest_route=\/wp\/v2\/posts\/14345\/revisions"}],"predecessor-version":[{"id":14347,"href":"https:\/\/miradordeatarfe.es\/index.php?rest_route=\/wp\/v2\/posts\/14345\/revisions\/14347"}],"wp:featuredmedia":[{"embeddable":true,"href":"https:\/\/miradordeatarfe.es\/index.php?rest_route=\/wp\/v2\/media\/14346"}],"wp:attachment":[{"href":"https:\/\/miradordeatarfe.es\/index.php?rest_route=%2Fwp%2Fv2%2Fmedia&parent=14345"}],"wp:term":[{"taxonomy":"category","embeddable":true,"href":"https:\/\/miradordeatarfe.es\/index.php?rest_route=%2Fwp%2Fv2%2Fcategories&post=14345"},{"taxonomy":"post_tag","embeddable":true,"href":"https:\/\/miradordeatarfe.es\/index.php?rest_route=%2Fwp%2Fv2%2Ftags&post=14345"}],"curies":[{"name":"wp","href":"https:\/\/api.w.org\/{rel}","templated":true}]}}