{"id":14352,"date":"2017-02-16T09:49:03","date_gmt":"2017-02-16T08:49:03","guid":{"rendered":"http:\/\/miradordeatarfe.es\/?p=14352"},"modified":"2017-02-15T11:54:19","modified_gmt":"2017-02-15T10:54:19","slug":"heroinas-olvidadas-cientificas-de-la-ii-republica","status":"publish","type":"post","link":"https:\/\/miradordeatarfe.es\/?p=14352","title":{"rendered":"Hero\u00ednas olvidadas: cient\u00edficas de la II Rep\u00fablica"},"content":{"rendered":"<p class=\"articulo-subtitulo\">Treinta y seis mujeres constituyeron un brillante germen de la presencia femenina en la ciencia espa\u00f1ola<!--more--><\/p>\n<p class=\"articulo-subtitulo\">\n<p><em>No te a\u00edsles, no te encierres en ti misma, sal, pasea, intenta hablar con tus compa\u00f1eras, que Ulises fue sabio porque viaj\u00f3.<\/em><\/p>\n<div id=\"elpais_gpt-INTEXT\" data-google-query-id=\"CO25t5H3kdICFTIy0wodjTAO2w\"><\/div>\n<p>Este era el consejo que Manuel Bartolom\u00e9 Coss\u00edo le daba a su pupila Dorotea Barn\u00e9s cuando ella realizaba una estancia en el Smith College, en Estados Unidos, para ampliar su formaci\u00f3n cient\u00edfica. Corr\u00eda el a\u00f1o 1930 y Dorotea disfrutaba de una pensi\u00f3n de la Junta de Ampliaci\u00f3n de Estudios (JAE), instituci\u00f3n creada en 1907 a ra\u00edz de la concesi\u00f3n del Premio Nobel de Medicina a Santiago Ram\u00f3n y Cajal, que fue su presidente. No obstante, el secretario y <em>alma mater<\/em> de la JAE fue Jos\u00e9 Castillejo, disc\u00edpulo de <a href=\"http:\/\/www.huffingtonpost.es\/adela-munoz-paez\/la-universidad-que-sono-g_b_8371244.html\">Giner de los R\u00edos<\/a>, el fundador de la Instituci\u00f3n Libre de Ense\u00f1anza en 1875.<\/p>\n<div id=\"inread1\" data-inread-tag=\"https:\/\/pubads.g.doubleclick.net\/gampad\/ads?sz=640x480|640x380&amp;iu=\/7811748\/elpais_materia_web\/player_intext\/flash&amp;impl=s&amp;cust_params=CxSegments%3D%26pbskey%3Dsegunda_republica_espanola_a%2crepublica_a%2cinvestigacion_cientifica_a%2cmujeres_a%2chistoria_contemporanea_a%2chistoria_a%2cpolitica_a%2csociedad_a%2cciencia_a%2cplaneta_futuro_a%2cel_pais_a%2c1486724300_968930%2cpbs1&amp;gdfp_req=1&amp;env=vp&amp;output=vast&amp;unviewed_position_start=1&amp;url=[referrer_url]&amp;description_url=[description_url]&amp;correlator=532093\" data-inread-width=\"640\" data-inread-height=\"360\" data-inread-transition-time=\"1\" data-inread-preload=\"false\" data-inread-debug=\"false\"><\/div>\n<div class=\"teads-inread\"><\/div>\n<p>Por deseo expreso de Castillejo, hubo mujeres entre los beneficiarios de los programas de la Junta. As\u00ed, en el m\u00e1s importante centro de investigaci\u00f3n de Espa\u00f1a en esa \u00e9poca, \u201cel Rockefeller\u201d, que tomaba el nombre de la Fundaci\u00f3n que hab\u00eda financiado su construcci\u00f3n, hubo <a href=\"http:\/\/mujeresconciencia.com\/2015\/06\/11\/pioneras-espanolas-en-las-ciencias\/%20%20\" target=\"_blank\">36 mujeres de un total de 158 investigadores<\/a>, que constitu\u00edan un brillante germen de la presencia femenina en la ciencia espa\u00f1ola. Desafortunadamente sus carreras quedaron truncadas con la guerra civil. Sus historias comenzaran a ser conocidas gracias al trabajo que inici\u00f3 Carmen Magall\u00f3n Portol\u00e9s con su obra <a href=\"https:\/\/dialnet.unirioja.es\/servlet\/articulo?codigo=3434042\" target=\"_blank\"><em>Pioneras espa\u00f1olas de las ciencias,<\/em>publicada en 1999<\/a>.<\/p>\n<section id=\"sumario_1|foto\" class=\"sumario_foto centro\"><a name=\"sumario_1\"><\/a><\/p>\n<div class=\"sumario__interior\">\n<figure class=\"foto foto_w980\"><img data-recalc-dims=\"1\" loading=\"lazy\" decoding=\"async\" title=\"La familia Barn\u00e9s Salinas.\" src=\"https:\/\/i0.wp.com\/ep01.epimg.net\/elpais\/imagenes\/2017\/02\/10\/ciencia\/1486724300_968930_1486726228_sumario_normal.jpg?resize=640%2C520\" srcset=\"\/\/ep01.epimg.net\/elpais\/imagenes\/2017\/02\/10\/ciencia\/1486724300_968930_1486726228_sumario_normal_recorte1.jpg 1960w, \/\/ep01.epimg.net\/elpais\/imagenes\/2017\/02\/10\/ciencia\/1486724300_968930_1486726228_sumario_normal_recorte2.jpg 720w, \/\/ep01.epimg.net\/elpais\/imagenes\/2017\/02\/10\/ciencia\/1486724300_968930_1486726228_sumario_normal.jpg 980w\" alt=\"La familia Barn\u00e9s Salinas.\" width=\"640\" height=\"520\" \/><figcaption class=\"foto-pie\">La familia Barn\u00e9s Salinas.<\/figcaption><\/figure>\n<div class=\"sumario-texto\"><\/div>\n<\/div>\n<\/section>\n<p>\u00bfQu\u00e9 fue de estas hero\u00ednas olvidadas? Dorotea Barn\u00e9s, hija del ministro de Instrucci\u00f3n P\u00fablica que hab\u00eda reformado la ense\u00f1anza primaria y secundaria haci\u00e9ndola completamente laica, <a href=\"http:\/\/mujeresconciencia.com\/2014\/09\/29\/la-saga-de-las-barnes-dorotea-1904-2003-adela-1908-petra-1910-1992-y-angela-1912\/\" target=\"_blank\">fue\u00a0<em>purgada<\/em> tras volver a Espa\u00f1a a comienzos de los a\u00f1os cuarenta y no pudo volver a trabajar<\/a>. La vida de sus hermanas Adela y Petra, brillantes cient\u00edficas como ella, fue muy distinta, dado que estando casadas con investigadores afines al gobierno de la Rep\u00fablica, al finalizar la guerra tuvieron que exiliarse a M\u00e9xico, pa\u00eds en el que se reunieron con su padre. Todos ellos, junto con otros muchos intelectuales espa\u00f1oles, encontraron en M\u00e9xico refugio y un lugar donde desarrollar su vocaci\u00f3n incorpor\u00e1ndose a la universidad mexicana, a la cual enriquecieron con sus aportaciones. Estas historias aparecen en <em><a href=\"https:\/\/books.google.es\/books\/about\/Frutos_del_exilio.html?id=rrJKMwEACAAJ&amp;redir_esc=y%20\" target=\"_blank\">Frutos del exilio<\/a>,<\/em> obra de la hija de Petra Barn\u00e9s, Adela Giral Barn\u00e9s, publicada por la\u00a0Universidad Aut\u00f3noma Metropolitana en 2010.<\/p>\n<section id=\"sumario_4|html\" class=\"sumario_html izquierda\">\n<div class=\"sumario__interior\">\n<div class=\"sumario-texto\">\n<p class=\"texto_grande\">En unas oposiciones a catedr\u00e1tico de universidad celebradas en 1940, el tribunal prefiri\u00f3 dejar una plaza desierta antes que permitir que fuera ocupada por una mujer<\/p>\n<\/div>\n<\/div>\n<\/section>\n<p>Algunas de estas pioneras llegaron a mostrar una clara sinton\u00eda con el r\u00e9gimen franquista, por lo que no tuvieron que exiliarse ni fueron\u00a0<em>purgadas<\/em>. Entre ellas se encontraban la sevillana Teresa Salazar y la murciana Piedad de la Cierva. Teresa, disc\u00edpula del insigne qu\u00edmico Enrique Moles, que lleg\u00f3 a estar condenado a muerte tras su vuelta a Espa\u00f1a en 1941, se doctor\u00f3 con premio extraordinario en 1931 y obtuvo una plaza de profesora auxiliar de la Facultad de Ciencias de la Universidad de Madrid. En 1934 obtuvo una pensi\u00f3n de la JAE para investigar en el Instituto del Radio de Par\u00eds bajo la supervisi\u00f3n de Marie Curie, estancia que finalmente realiz\u00f3 en el Laboratorio de Qu\u00edmica F\u00edsica Aplicada de la Universidad de Par\u00eds debido a la muerte de la profesora Curie.<\/p>\n<p>Piedad se doctor\u00f3 en 1934 con un trabajo de investigaci\u00f3n realizado en la secci\u00f3n de Rayos X del Rockefeller, tras lo cual disfrut\u00f3 de una pensi\u00f3n de la JAE para trabajar en Copenhague con el profesor George de Hevesy, investigando la acci\u00f3n de los neutrones r\u00e1pidos en la transmutaci\u00f3n del aluminio. Tras la guerra la encontramos en el BOE del 19 de abril de 1939, \u201cA\u00f1o de la victoria\u201d, como interventora del instituto de Osuna; era la \u00fanica mujer que aparec\u00eda en la lista de los directores, secretarios e interventores de los 34 institutos de ense\u00f1anza secundaria espa\u00f1oles.<\/p>\n<p>Aunque Teresa y Piedad pelearon por seguir desarrollando su carrera cient\u00edfica, el r\u00e9gimen franquista no estaba dispuesto a aceptar mujeres en la c\u00fapula de las universidades, por muchos m\u00e9ritos investigadores y sinton\u00eda con el r\u00e9gimen que acreditaran. Seg\u00fan cuenta el historiador Luis Enrique Otero Carvajal en su obra <em>La universidad nacional cat\u00f3lica<\/em>, en unas oposiciones a catedr\u00e1tico de universidad celebradas en 1940 a la que concurrieron las dos, el tribunal prefiri\u00f3 dejar una plaza desierta antes que permitir que fuera ocupada por una mujer. De hecho, antes de presentarse a los ex\u00e1menes, Piedad se enter\u00f3 a trav\u00e9s de su padre y del ministro de Educaci\u00f3n de que los resultados se sab\u00edan de antemano y exist\u00eda una especie de acuerdo entre las facultades de no dar la plaza a una mujer. A\u00fan as\u00ed Piedad se present\u00f3, pero no repiti\u00f3 la experiencia.<\/p>\n<section id=\"sumario_3|html\" class=\"sumario_html derecha\">\n<div class=\"sumario__interior\">\n<div class=\"sumario-texto\">\n<p class=\"texto_grande\"><span style=\"background-color: #d5d5d5;\">I<\/span>enara Vicenta Arnal Yarza, hija de jornalero,\u00a0trabaj\u00f3 como maestra desde muy joven. \u00a0Se licenci\u00f3 y doctor\u00f3 en qu\u00edmica con sendos premios extraordinarios en la Universidad de Zaragoza<\/p>\n<\/div>\n<\/div>\n<\/section>\n<p>Uno de los miembros de ese tribunal, Antonio Rius, ten\u00eda una cuenta pendiente con el que hab\u00eda sido director de Teresa, Enrique Moles, frente al cual hab\u00eda perdido un concurso de c\u00e1tedra en 1927. Teresa se present\u00f3 a otras tres oposiciones a c\u00e1tedra; el presidente del tribunal de la primera fue el citado Rius, por lo que Teresa lo recus\u00f3 (pidi\u00f3 su sustituci\u00f3n por antipat\u00eda manifiesta) y, cuando su recusaci\u00f3n no prosper\u00f3, Teresa se retir\u00f3. En el primer ejercicio de la segunda oposici\u00f3n, puntuaron a todos los aspirantes por igual a pesar de que los miembros del tribunal dejaron constancia de que los m\u00e9ritos de Teresa eran inferiores a los de los otros aspirantes (lo que no se ajustaba a la realidad); la echaron en el siguiente ejercicio. En la tercera oposici\u00f3n le exigieron la renuncia, explic\u00e1ndole que<strong> la eliminaban no por razones cient\u00edficas, sino \u201cpor causas que no se pod\u00edan decir\u201d<\/strong>, causas que ella atribuy\u00f3 al hecho de ser mujer. En 1947 obtuvo una plaza de profesora adjunta, puesto de mucha menor categor\u00eda y sueldo que el de catedr\u00e1tica, que ocup\u00f3 hasta su jubilaci\u00f3n en 1959.<\/p>\n<p>Un caso singular es el de <a href=\"http:\/\/revistas.ucm.es\/index.php\/FAIS\/article\/view\/FAIS0909110027A\/7678\" target=\"_blank\">Jenara Vicenta Arnal Yarza, la \u00fanica hija de jornalero entre las pioneras<\/a>. Nacida en Zaragoza en 1902, tuvo que hacerse cargo de sus dos hermanos peque\u00f1os al morir sus padres, por lo que trabaj\u00f3 como maestra desde muy joven. A pesar de ello, se licenci\u00f3 y doctor\u00f3 en qu\u00edmica con sendos premios extraordinarios en la Universidad de Zaragoza. En 1930 fue pensionada de la JAE en la universidad de Basilea y ese mismo a\u00f1o super\u00f3 los cinco ejercicios de las oposiciones a c\u00e1tedra del Instituto de F\u00edsica y Qu\u00edmica. En 1932 volvi\u00f3 a ser pensionada de la JAE para trabajar en la Universidad de Dresden y a partir del curso 1932-33 realiz\u00f3 tareas de investigaci\u00f3n en la secci\u00f3n de Electroqu\u00edmica del Rockefeller, aunque sin remuneraci\u00f3n.<\/p>\n<p>Aunque fiel defensora de los principios de la Instituci\u00f3n Libre de Ense\u00f1anza, en 1939 super\u00f3 el proceso de depuraci\u00f3n y en 1940 fue admitida en el Instituto Beatriz Galindo de la capital, del que lleg\u00f3 a ser directora. Realiz\u00f3 viajes de estudios a varios pa\u00edses europeos, pero el m\u00e1s largo fue el que realiz\u00f3 a Jap\u00f3n, pa\u00eds en el que permaneci\u00f3 dos a\u00f1os. All\u00ed tuvo una estrecha relaci\u00f3n con el embajador de Espa\u00f1a, Gonzalo de Ojeda, a cuyos hijos dio clase. Escribi\u00f3 varios libros de divulgaci\u00f3n cient\u00edfica, entre los que se encuentran <em>F\u00edsica y qu\u00edmica de la vida diaria<\/em> (1954), <em>Qu\u00edmica en acci\u00f3n<\/em> (1959) y <em>Lecciones de cosas<\/em> (1958). Falleci\u00f3 inesperadamente antes de cumplir los sesenta a\u00f1os a causa de una trombosis mientras se encontraba trabajando en su despacho.<\/p>\n<p>Tras su muerte, uno de sus alumnos en Jap\u00f3n, embajador \u00e9l mismo, instituy\u00f3 un premio con su nombre para distinguir a los mejores alumnos y alumnas del \u00faltimo curso de bachillerato. Este premio es ganado por chicas muy a menudo, lo que seguramente habr\u00eda sido del agrado de Jenara.<\/p>\n<p>A pesar de la inquina en la persecuci\u00f3n del plantel de cient\u00edficos e intelectuales m\u00e1s brillantes de la historia de Espa\u00f1a, las autoridades franquistas dejaron un resquicio a la incorporaci\u00f3n de las mujeres a la ciencia: se olvidaron de cerrarles las puertas de la universidad. Ello permiti\u00f3 que la semilla que hab\u00edan sembrado las pioneras espa\u00f1olas fructificara: hoy las mujeres que nos dedicamos a la investigaci\u00f3n representamos casi el 40% del total de los investigadores espa\u00f1oles.<\/p>\n<p>Pero los aires de cambio no solo est\u00e1n llegando a los laboratorios, es la sociedad en su conjunto la que est\u00e1 descubriendo a las cient\u00edficas y est\u00e1 fascinada con ellas. Esto es lo que justifica la enorme repercusi\u00f3n que este a\u00f1o est\u00e1 teniendo la efem\u00e9ride del <a href=\"http:\/\/www.huffingtonpost.es\/adela-munoz-paez\/dia-internacional-de-la-mujer_b_9201954.html\">11 de febrero, el D\u00eda Internacional de la Mujer y la Ni\u00f1a en la Ciencia<\/a>. El a\u00f1o pasado se celebr\u00f3 por primera vez y apenas tuvo eco en los medios.\u00a0Este a\u00f1o se ha convertido en un evento que cuenta con <a href=\"https:\/\/11defebrero.org\/\" target=\"_blank\">multitud de actos en Espa\u00f1a y Europa<\/a>.\u00a0\u00a1El esp\u00edritu que anim\u00f3 a las pioneras espa\u00f1olas de las ciencias por fin est\u00e1 triunfando!<\/p>\n<p class=\"nota_pie\"><strong>Adela Mu\u00f1oz P\u00e1ez<\/strong> es catedr\u00e1tica de Qu\u00edmica Inorg\u00e1nica en la Universidad de Sevilla y autora del libro <em>SABIAS. La cara oculta de la ciencia<\/em> (Debate, 2017).<\/p>\n","protected":false},"excerpt":{"rendered":"<p>Treinta y seis mujeres constituyeron un brillante germen de la presencia femenina en la ciencia&#8230;<\/p>\n","protected":false},"author":1,"featured_media":14353,"comment_status":"closed","ping_status":"closed","sticky":false,"template":"","format":"standard","meta":{"_coblocks_attr":"","_coblocks_dimensions":"","_coblocks_responsive_height":"","_coblocks_accordion_ie_support":"","jetpack_post_was_ever_published":false,"_jetpack_newsletter_access":"","_jetpack_dont_email_post_to_subs":false,"_jetpack_newsletter_tier_id":0,"_jetpack_memberships_contains_paywalled_content":false,"_jetpack_memberships_contains_paid_content":false,"footnotes":"","jetpack_publicize_message":"","jetpack_publicize_feature_enabled":true,"jetpack_social_post_already_shared":false,"jetpack_social_options":{"image_generator_settings":{"template":"highway","default_image_id":0,"enabled":false},"version":2}},"categories":[1],"tags":[19,425],"class_list":["post-14352","post","type-post","status-publish","format-standard","has-post-thumbnail","hentry","category-uncategorized","tag-mujeres","tag-republica"],"jetpack_publicize_connections":[],"jetpack_featured_media_url":"https:\/\/i0.wp.com\/miradordeatarfe.es\/wp-content\/uploads\/2017\/02\/1486724300_968930_1486998115_noticia_normal_recorte1.jpg?fit=720%2C900&ssl=1","jetpack_likes_enabled":true,"jetpack_sharing_enabled":true,"_links":{"self":[{"href":"https:\/\/miradordeatarfe.es\/index.php?rest_route=\/wp\/v2\/posts\/14352","targetHints":{"allow":["GET"]}}],"collection":[{"href":"https:\/\/miradordeatarfe.es\/index.php?rest_route=\/wp\/v2\/posts"}],"about":[{"href":"https:\/\/miradordeatarfe.es\/index.php?rest_route=\/wp\/v2\/types\/post"}],"author":[{"embeddable":true,"href":"https:\/\/miradordeatarfe.es\/index.php?rest_route=\/wp\/v2\/users\/1"}],"replies":[{"embeddable":true,"href":"https:\/\/miradordeatarfe.es\/index.php?rest_route=%2Fwp%2Fv2%2Fcomments&post=14352"}],"version-history":[{"count":1,"href":"https:\/\/miradordeatarfe.es\/index.php?rest_route=\/wp\/v2\/posts\/14352\/revisions"}],"predecessor-version":[{"id":14354,"href":"https:\/\/miradordeatarfe.es\/index.php?rest_route=\/wp\/v2\/posts\/14352\/revisions\/14354"}],"wp:featuredmedia":[{"embeddable":true,"href":"https:\/\/miradordeatarfe.es\/index.php?rest_route=\/wp\/v2\/media\/14353"}],"wp:attachment":[{"href":"https:\/\/miradordeatarfe.es\/index.php?rest_route=%2Fwp%2Fv2%2Fmedia&parent=14352"}],"wp:term":[{"taxonomy":"category","embeddable":true,"href":"https:\/\/miradordeatarfe.es\/index.php?rest_route=%2Fwp%2Fv2%2Fcategories&post=14352"},{"taxonomy":"post_tag","embeddable":true,"href":"https:\/\/miradordeatarfe.es\/index.php?rest_route=%2Fwp%2Fv2%2Ftags&post=14352"}],"curies":[{"name":"wp","href":"https:\/\/api.w.org\/{rel}","templated":true}]}}