{"id":14388,"date":"2017-02-18T08:08:37","date_gmt":"2017-02-18T07:08:37","guid":{"rendered":"http:\/\/miradordeatarfe.es\/?p=14388"},"modified":"2017-02-17T17:46:22","modified_gmt":"2017-02-17T16:46:22","slug":"el-sistema-tiene-miedo-a-los-maltratadores-y-nosotras-queremos-politicos-valientes","status":"publish","type":"post","link":"https:\/\/miradordeatarfe.es\/?p=14388","title":{"rendered":"\u201cEl sistema tiene miedo a los maltratadores, y nosotras queremos pol\u00edticos valientes\u201d"},"content":{"rendered":"<p style=\"text-align: justify;\">Forman parte de la Asociaci\u00f3n Velaluz. Son ocho mujeres que han decidido dar el paso de frente para gritarle a una sociedad dormida que nos est\u00e1n masacrando mientras nadie hace nada. Gloria, Martina, Patricia, Marian, Susana, Sara, Sonia y Celia se plantaron el pasado 9 de febrero en la Puerta del Sol e iniciaron una huelga de hambre.<!--more--><\/p>\n<p style=\"text-align: justify;\">Llevan desde entonces acampando en el centro de Madrid, bajo la lluvia, ateridas de fr\u00edo. Esta madrugada hemos hablado con Gloria, la presidenta de la asociaci\u00f3n. Este martes por la tarde, en la Puerta del Sol, se celebrar\u00e1 un acto de apoyo a su lucha.<\/p>\n<p style=\"text-align: justify;\"><strong>\u00bfC\u00f3mo hab\u00e9is tomado la decisi\u00f3n de hacer una huelga de hambre indefinida?<\/strong><\/p>\n<p style=\"text-align: justify;\">En el mes de noviembre, cuando el Pacto de Estado se pospuso esper\u00e1bamos que se produjera un rechazo social abrumador. Pero no pas\u00f3 nada. Nadie dijo nada. Nadie hizo nada. Como si lo que est\u00e1 pasando pudiera esperar. Fue en ese momento cuando nos preparamos para lo que hoy estamos haciendo. Hay que decirle a la sociedad que tenemos que alzar la voz para que esto se termine de una vez por todas.<\/p>\n<p style=\"text-align: justify;\"><strong>\u00bfQu\u00e9 le pasa a nuestra sociedad para haber llegado a este punto?<\/strong><\/p>\n<p style=\"text-align: justify;\">La gente ha situado su zona de confort en la violencia. Nos falta inteligencia emocional: nos da rabia sentir, es mucho m\u00e1s f\u00e1cil banalizar y no profundizar. No hay cari\u00f1o entre nuestros referentes. Y nuestros pol\u00edticos son unos aut\u00e9nticos irresponsables: agresividad continua, ataques, insultos. Eso no es dialogar desde la tranquilidad, que es lo que deber\u00edan hacer.<\/p>\n<p style=\"text-align: justify;\"><strong>\u00bfY nosotros, a nivel individual, como ciudadanos?<\/strong><\/p>\n<p style=\"text-align: justify;\">Hemos fomentado el miedo, el ego\u00edsmo, el terror, y cada vez somos m\u00e1s individuales. El miedo a perder el trabajo, la vulneraci\u00f3n de derechos, sentirte desprotegido te lleva a pegarte hasta por una barra de pan.<\/p>\n<blockquote class=\"td_quote td_quote_left\"><p>\u201cNUESTROS POL\u00cdTICOS SON UNOS AUT\u00c9NTICOS IRRESPONSABLES CON LA VIOLENCIA DE G\u00c9NERO\u201d<\/p><\/blockquote>\n<p style=\"text-align: justify;\"><strong>\u00bfEst\u00e1 preparada la sociedad para hacer frente a los malos tratos?<\/strong><\/p>\n<p style=\"text-align: justify;\">Si t\u00fa ahora mismo te metes en una pelea, te ves metido en un foll\u00f3n: proceso judicial interminable, amenazas del agresor. El sistema no invita a que haya terceras personas que se impliquen.<\/p>\n<p style=\"text-align: justify;\"><strong>\u00bfY desde el Congreso, qu\u00e9 actitud hacia la violencia machista est\u00e1is percibiendo? Porque en sus discursos continuamente hacen referencia a ello\u2026<\/strong><\/p>\n<p style=\"text-align: justify;\">No s\u00e9 cu\u00e1ndo va a entrar en raz\u00f3n el Congreso. Debe de haber una m\u00e1quina all\u00ed que los deshumaniza.<\/p>\n<p style=\"text-align: justify;\"><strong>\u00a0<\/strong><\/p>\n<p style=\"text-align: justify;\"><strong>Y si tuvi\u00e9ramos una mujer presidenta, \u00bfesto ayudar\u00eda en algo para avanzar en la toma de decisiones?<\/strong><\/p>\n<p style=\"text-align: justify;\">Depende de qu\u00e9 mujer. Porque desde luego que las que hay ahora mismo est\u00e1n silenci\u00e1ndonos, invisibiliz\u00e1ndonos. Son parte de la inacci\u00f3n que nosotras estamos denunciando aqu\u00ed.<\/p>\n<p style=\"text-align: justify;\"><strong>Quiz\u00e1s es que ya en el propio \u00e1mbito de la pol\u00edtica haya que comenzar a hacer un trabajo que a\u00fan est\u00e1 pendiente.<\/strong><\/p>\n<p style=\"text-align: justify;\">Efectivamente. No hay un solo partido pol\u00edtico que tenga protocolos contra la violencia machista en su seno. Ni siquiera los movimientos sociales han sido ajenos a la lacra de la violencia: en el propio 15M se sufrieron muchas escenas lamentables. Si desde su propio d\u00eda a d\u00eda no hacen nada por modificar conductas, \u00bfc\u00f3mo van a hacerlo cuando lleguen al Parlamento?<\/p>\n<blockquote class=\"td_quote td_quote_right\"><p>\u201cVAMOS A SEGUIR AQU\u00cd HASTA QUE NOS ESCUCHEN Y SEAMOS UNA MULTITUD EN ESTA PLAZA\u201d<\/p><\/blockquote>\n<p style=\"text-align: justify;\"><strong>La Ley Integral contra la violencia de g\u00e9nero, \u00bfno funciona, entonces?<\/strong><\/p>\n<p style=\"text-align: justify;\">Es evidente que no, porque nos est\u00e1n asesinado pr\u00e1cticamente todos los d\u00edas. Se ha creado una pantomima: una ley integral que pintaba muy bien, pero que no se dot\u00f3 para poder desarrollarla. Ninguno de los grupos pol\u00edticos pudo hacer un informe de impacto de la ley seg\u00fan iban pasando los a\u00f1os. Todos los gobiernos han sido incapaces en esta materia.<\/p>\n<p style=\"text-align: justify;\"><strong>Y \u00bfqu\u00e9 propon\u00e9is hacer?<\/strong><\/p>\n<p style=\"text-align: justify;\">Entendemos que es fundamental que el Gobierno impulse un gabinete de crisis para que la violencia machista sea considerada como una cuesti\u00f3n de Estado. Desde la Asociaci\u00f3n hemos elaborado doce puntos muy claros que pedimos al Gobierno que sean desarrollados.<\/p>\n<p style=\"text-align: justify;\"><strong>\u00bfPero no hay otra manera de conseguir que os escuchen que no sea pasando por una huelga de hambre?<\/strong><\/p>\n<p style=\"text-align: justify;\">Parece ser que no. Que no quieren escucharnos. De hecho, estamos aqu\u00ed y ning\u00fan miembro del Gobierno, ning\u00fan representante pol\u00edtico ha venido a hablar con nosotras. Absolutamente nadie. Y es algo que no consigo llegar a comprender. Est\u00e1n totalmente deshumanizados. No es la primera vez que lo hacemos. Ya van cuatro. Y hasta ahora, al final, hemos conseguido que nos escuchasen y nos tuvieran en cuenta.<\/p>\n<p style=\"text-align: justify;\"><strong>\u00bfY c\u00f3mo est\u00e1 reaccionando la gente a vuestra acci\u00f3n?<\/strong><\/p>\n<p style=\"text-align: justify;\">Se est\u00e1 volcando todo el mundo con nosotras. Desde los establecimientos que hay aqu\u00ed en la plaza, que nos echan una mano con cualquier cosa que pueden, el vecindario, gente an\u00f3nima que anoche a las cuatro de la ma\u00f1ana acudi\u00f3 para traernos una tienda de campa\u00f1a que nos permitiera protegernos del fr\u00edo y de la lluvia\u2026 Y de manera especial, la polic\u00eda. Se est\u00e1n portando especialmente bien con nosotras. Vienen a vernos continuamente, a preguntar si necesitamos algo. Est\u00e1n mostrando una humanidad y una sensibilidad que nos parece digna de ser reconocida. Adem\u00e1s, todos han firmado nuestra petici\u00f3n.<\/p>\n<p style=\"text-align: justify;\"><strong>H\u00e1blame de esos <\/strong><a href=\"http:\/\/www.asociacionvelaluz.es\/_noticias\/2017\/02\/06\/ve-la-luz-solicita-que-sea-cuestin-de-estado-la-lucha-contra-el-terrorismo\"><strong>doce puntos que propon\u00e9is<\/strong><\/a>.<\/p>\n<p style=\"text-align: justify;\">No son cosas incomprensibles. Son peticiones que a cualquier persona que empatice m\u00ednimamente con una v\u00edctima, llegar\u00e1 incluso a sorprenderse de que todav\u00eda no se tengan en cuenta. Por ejemplo, pedimos un reconocimiento del Estado a las v\u00edctimas de violencia machista que las respalde, las ayude y las equipare a las v\u00edctimas del terrorismo. Que se considere v\u00edctimas de la violencia machista a aquellas personas que convivan con la mujer maltratada.<\/p>\n<blockquote class=\"td_quote td_quote_left\"><p>\u201cNO HAY UN SOLO PARTIDO POL\u00cdTICO QUE TENGA PROTOCOLOS CONTRA LA VIOLENCIA MACHISTA EN SU SENO\u201d<\/p><\/blockquote>\n<p style=\"text-align: justify;\"><strong>Es chocante que los hijos no sean tenidos en cuenta por el sistema pr\u00e1cticamente de ninguna manera\u2026<\/strong><\/p>\n<p style=\"text-align: justify;\">Por eso pedimos que se les considere v\u00edctimas y que haya un mayor cuidado en los procedimientos para que sufran lo menos posible. Por ejemplo, estamos pidiendo que se graben en video sus declaraciones cuando testifican, para no tenerles que hacer repetir mil veces el dolor de sus terribles vivencias. \u00bfNo es nada dif\u00edcil de entender, verdad? Pues es algo que no se les pasa por la cabeza a quienes tienen que tomar medidas al respecto.<\/p>\n<p style=\"text-align: justify;\">Si invirtiesen m\u00e1s en la formaci\u00f3n del personal que se dedica a llevar los casos de violencia de g\u00e9nero, seguramente habr\u00eda mucho dolor que le estar\u00edamos ahorrando a las v\u00edctimas. Porque se est\u00e1n cometiendo muchos errores que, con un poco de atenci\u00f3n y poniendo las medidas necesarias \u2013que no son nada dif\u00edciles de desarrollar- todo funcionar\u00eda bastante mejor.<\/p>\n<p style=\"text-align: justify;\"><strong>La v\u00edctima sufre, por tanto, un proceso en el que la burocracia supone un dolor a\u00f1adido. \u00bfQu\u00e9 medidas deber\u00edan abordarse de manera m\u00e1s inmediata?<\/strong><\/p>\n<p style=\"text-align: justify;\">Desde el primer momento en que una mujer tiene que acudir a una comisar\u00eda a denunciar malos tratos, todo se convierte en un largo camino normalmente fr\u00edo, en soledad y es precisamente en el primer momento cuando la mujer necesita un apoyo m\u00e1ximo por las instituciones. Deber\u00eda haber much\u00edsimas m\u00e1s ayudas y, sobre todo, un cambio de enfoque totalmente diferente. El sistema las humilla, las maltrata y continua haci\u00e9ndoles da\u00f1o.<\/p>\n<p style=\"text-align: justify;\"><strong>\u00bfUn cambio de enfoque en la protecci\u00f3n a las v\u00edctimas?<\/strong><\/p>\n<p style=\"text-align: justify;\">S\u00ed, porque esta sociedad aparta a la v\u00edctima del maltratador; es ella quien tiene que salir de casa corriendo y cobijarse en otra vivienda, en pisos protegidos, cambiar de vida radicalmente, vivir con el miedo en el cuerpo. Es la mujer la que, adem\u00e1s de sufrir malos tratos, suele perder su trabajo por todos los cambios que pueden llegar a producirse en su vida si llega a denunciar los malos tratos. Las mujeres est\u00e1n siendo v\u00edctimas una y otra vez y lo m\u00e1s incre\u00edble es que nadie est\u00e1 haciendo nada. El sistema tiene miedo a los maltratadores, y nosotras queremos pol\u00edticos valientes.<\/p>\n<blockquote class=\"td_quote td_quote_right\"><p>\u201cLA LEY INTEGRAL PINTABA MUY BIEN, PERO NO SE LA DOT\u00d3 PARA PODER DESARROLLARLA\u201d<\/p><\/blockquote>\n<p style=\"text-align: justify;\"><strong>Han hablado mucho sobre el compromiso de un gran pacto de Estado sobre la violencia de g\u00e9nero. \u00bfQu\u00e9 os parece todo esto?<\/strong><\/p>\n<p style=\"text-align: justify;\">No queremos un pacto de Estado ya. Queremos un gabinete que empiece a legislar desde antes de ayer. No vale una semana, ni un d\u00eda ni nada. No valen los minutos de silencio. Con eso no se consigue nada. Medidas concretas y efectivas. Nosotras sabemos bien de lo que estamos hablando\u2026<\/p>\n<p style=\"text-align: justify;\"><strong>\u00bfY nadie ha escuchado vuestras propuestas?<\/strong><\/p>\n<p style=\"text-align: justify;\">De los grupos pol\u00edticos, no. El a\u00f1o pasado estuvimos trabajando mano a mano con el PSOE, con quien elaboramos 20 puntos para introducirlos en el programa electoral. Pero todo qued\u00f3 al final en agua de borrajas. Estamos aqu\u00ed esperando a que vengan a escucharnos, ya que hemos llamado a sus puertas y no nos han hecho caso.<\/p>\n<p style=\"text-align: justify;\"><strong>Pero sin embargo s\u00ed est\u00e1is recibiendo much\u00edsimo apoyo por colectivos como el de mujeres artistas<\/strong><\/p>\n<p style=\"text-align: justify;\">Efectivamente, mujeres como Cristina del Valle han estado aqu\u00ed con nosotras todos los d\u00edas. D\u00e1ndonos energ\u00eda, calor, y sobre todo mucho cari\u00f1o. Vino Estela Mar\u00eda a cantarnos unas coplas\u2026 y es que nuestra lucha es una lucha que grita vida. No consigo comprender c\u00f3mo esta plaza no est\u00e1 llena de gente, hombres y mujeres, pidiendo lo mismo que nosotras.<\/p>\n<p style=\"text-align: justify;\"><strong>\u00bfQu\u00e9 le decimos a quien ahora te lea y est\u00e9 preparando la mochila y el saco de dormir?<\/strong><\/p>\n<p style=\"text-align: justify;\">Se ha querido sumar gente. Pero es necesario que avisemos: para venir a una huelga de hambre hay que prepararse. Y por eso hay que hacer las cosas bien: luchamos por mujeres vivas y nosotras tambi\u00e9n queremos estar fuertes. Lo primero que hay que hacer es una revisi\u00f3n m\u00e9dica. Una anal\u00edtica. Y aqu\u00ed nos van a revisar en todo momento. Si se encuentran mal, se valora parar. En todo momento hay que cuidarse.<\/p>\n<p style=\"text-align: justify;\"><strong>Sois ocho, pero en realidad\u2026<\/strong><\/p>\n<p style=\"text-align: justify;\">En realidad, bajo nosotras hay miles enterradas. No somos pocas. Y adem\u00e1s estamos pidiendo justicia y dignidad para todas las personas que sufren la violencia machista. Para las mujeres maltratadas pero tambi\u00e9n para sus hijos. \u00bfEsto es mucho pedir? Pues vamos a seguir aqu\u00ed hasta que nos escuchen y seamos una multitud en esta plaza. Hombres y mujeres pidiendo con fuerza soluciones inmediatas a esta lacra.<\/p>\n","protected":false},"excerpt":{"rendered":"<p>Forman parte de la Asociaci\u00f3n Velaluz. Son ocho mujeres que han decidido dar el paso&#8230;<\/p>\n","protected":false},"author":1,"featured_media":14389,"comment_status":"closed","ping_status":"closed","sticky":false,"template":"","format":"standard","meta":{"_coblocks_attr":"","_coblocks_dimensions":"","_coblocks_responsive_height":"","_coblocks_accordion_ie_support":"","jetpack_post_was_ever_published":false,"_jetpack_newsletter_access":"","_jetpack_dont_email_post_to_subs":false,"_jetpack_newsletter_tier_id":0,"_jetpack_memberships_contains_paywalled_content":false,"_jetpack_memberships_contains_paid_content":false,"footnotes":"","jetpack_publicize_message":"","jetpack_publicize_feature_enabled":true,"jetpack_social_post_already_shared":false,"jetpack_social_options":{"image_generator_settings":{"template":"highway","default_image_id":0,"enabled":false},"version":2}},"categories":[14,186,9,44,15],"tags":[],"class_list":["post-14388","post","type-post","status-publish","format-standard","has-post-thumbnail","hentry","category-feminismo","category-instituciones","category-medio-ambiente","category-noticias-de-hoy","category-ultimas-noticias"],"jetpack_publicize_connections":[],"jetpack_featured_media_url":"https:\/\/i0.wp.com\/miradordeatarfe.es\/wp-content\/uploads\/2017\/02\/Huelga-hambre.jpg?fit=812%2C565&ssl=1","jetpack_likes_enabled":true,"jetpack_sharing_enabled":true,"_links":{"self":[{"href":"https:\/\/miradordeatarfe.es\/index.php?rest_route=\/wp\/v2\/posts\/14388","targetHints":{"allow":["GET"]}}],"collection":[{"href":"https:\/\/miradordeatarfe.es\/index.php?rest_route=\/wp\/v2\/posts"}],"about":[{"href":"https:\/\/miradordeatarfe.es\/index.php?rest_route=\/wp\/v2\/types\/post"}],"author":[{"embeddable":true,"href":"https:\/\/miradordeatarfe.es\/index.php?rest_route=\/wp\/v2\/users\/1"}],"replies":[{"embeddable":true,"href":"https:\/\/miradordeatarfe.es\/index.php?rest_route=%2Fwp%2Fv2%2Fcomments&post=14388"}],"version-history":[{"count":1,"href":"https:\/\/miradordeatarfe.es\/index.php?rest_route=\/wp\/v2\/posts\/14388\/revisions"}],"predecessor-version":[{"id":14390,"href":"https:\/\/miradordeatarfe.es\/index.php?rest_route=\/wp\/v2\/posts\/14388\/revisions\/14390"}],"wp:featuredmedia":[{"embeddable":true,"href":"https:\/\/miradordeatarfe.es\/index.php?rest_route=\/wp\/v2\/media\/14389"}],"wp:attachment":[{"href":"https:\/\/miradordeatarfe.es\/index.php?rest_route=%2Fwp%2Fv2%2Fmedia&parent=14388"}],"wp:term":[{"taxonomy":"category","embeddable":true,"href":"https:\/\/miradordeatarfe.es\/index.php?rest_route=%2Fwp%2Fv2%2Fcategories&post=14388"},{"taxonomy":"post_tag","embeddable":true,"href":"https:\/\/miradordeatarfe.es\/index.php?rest_route=%2Fwp%2Fv2%2Ftags&post=14388"}],"curies":[{"name":"wp","href":"https:\/\/api.w.org\/{rel}","templated":true}]}}